{"id":1,"date":"2019-11-04T10:00:13","date_gmt":"2019-11-04T09:00:13","guid":{"rendered":"http:\/\/aiim.fr\/?p=1"},"modified":"2022-06-23T23:16:43","modified_gmt":"2022-06-23T21:16:43","slug":"bonjour-tout-le-monde","status":"publish","type":"post","link":"https:\/\/aiim.fr\/?p=1","title":{"rendered":"L\u2019A2IM DANS LA MATINALE DE RADIO CALADE."},"content":{"rendered":"\n<p>L\u2019A2IM, Association Intercommunale d\u2019Information Mutualiste est all\u00e9 dans la matinale de<a href=\"https:\/\/www.radio-calade.fr\/\" target=\"_blank\" rel=\"noreferrer noopener\"> Radio Calade<\/a> pour parler de leurs actions et de leurs objectifs. Ils organisent et animent des s\u00e9ances d\u2019information et de discussion ouvertes \u00e0 tous en abordant des sujets vari\u00e9s comme la citoyennet\u00e9, l\u2019argent, la d\u00e9mocratie et les assembl\u00e9s populaire.<\/p>\n\n\n\n<p><a href=\"http:\/\/www.radio-calade.fr\/2019\/11\/04\/la2im-dans-la-matinale\/\" target=\"_blank\" rel=\"noreferrer noopener\">Ecouter l&rsquo;interview sur le site Radio Calade<\/a><\/p>\n\n\n\n<figure class=\"wp-block-image size-large\"><img fetchpriority=\"high\" decoding=\"async\" width=\"1024\" height=\"768\" src=\"https:\/\/aiim.fr\/wp-content\/uploads\/2022\/04\/photo-radio-calade-2019-1024x768.jpg\" alt=\"L\u2019A2IM dans la Matinale de Radio Calade\" class=\"wp-image-446\" srcset=\"https:\/\/aiim.fr\/wp-content\/uploads\/2022\/04\/photo-radio-calade-2019-1024x768.jpg 1024w, https:\/\/aiim.fr\/wp-content\/uploads\/2022\/04\/photo-radio-calade-2019-300x225.jpg 300w, https:\/\/aiim.fr\/wp-content\/uploads\/2022\/04\/photo-radio-calade-2019-768x576.jpg 768w, https:\/\/aiim.fr\/wp-content\/uploads\/2022\/04\/photo-radio-calade-2019-720x540.jpg 720w, https:\/\/aiim.fr\/wp-content\/uploads\/2022\/04\/photo-radio-calade-2019.jpg 1200w\" sizes=\"(max-width: 1024px) 100vw, 1024px\" \/><\/figure>\n<div class='watch-action'><div class='watch-position align-left'><div class='action-like'><a class='lbg-style1 like-1 jlk' href='javascript:void(0)' data-task='like' data-post_id='1' data-nonce='f2892bb147' rel='nofollow'><img class='wti-pixel' src='https:\/\/aiim.fr\/wp-content\/plugins\/wti-like-post\/images\/pixel.gif' title='J&#039;aime ' \/><span class='lc-1 lc'>0<\/span><\/a><\/div><div class='action-unlike'><a class='unlbg-style1 unlike-1 jlk' href='javascript:void(0)' data-task='unlike' data-post_id='1' data-nonce='f2892bb147' rel='nofollow'><img class='wti-pixel' src='https:\/\/aiim.fr\/wp-content\/plugins\/wti-like-post\/images\/pixel.gif' title=' J&#039;aime pas' \/><span class='unlc-1 unlc'>0<\/span><\/a><\/div> <\/div> <div class='status-1 status align-left'><\/div><\/div><div class='wti-clear'><\/div>","protected":false},"excerpt":{"rendered":"<p>L\u2019A2IM, Association Intercommunale d\u2019Information Mutualiste est all\u00e9 dans la matinale de Radio Calade pour parler<\/p>\n","protected":false},"author":1,"featured_media":446,"comment_status":"open","ping_status":"open","sticky":false,"template":"","format":"standard","meta":{"_jetpack_memberships_contains_paid_content":false,"footnotes":"","jetpack_publicize_message":"","jetpack_publicize_feature_enabled":true,"jetpack_social_post_already_shared":false,"jetpack_social_options":{"image_generator_settings":{"template":"highway","default_image_id":0,"font":"","enabled":false},"version":2}},"categories":[7],"tags":[],"class_list":["post-1","post","type-post","status-publish","format-standard","has-post-thumbnail","hentry","category-historique-evenements"],"jetpack_publicize_connections":[],"jetpack_featured_media_url":"https:\/\/aiim.fr\/wp-content\/uploads\/2022\/04\/photo-radio-calade-2019.jpg","jetpack_sharing_enabled":true,"_links":{"self":[{"href":"https:\/\/aiim.fr\/index.php?rest_route=\/wp\/v2\/posts\/1","targetHints":{"allow":["GET"]}}],"collection":[{"href":"https:\/\/aiim.fr\/index.php?rest_route=\/wp\/v2\/posts"}],"about":[{"href":"https:\/\/aiim.fr\/index.php?rest_route=\/wp\/v2\/types\/post"}],"author":[{"embeddable":true,"href":"https:\/\/aiim.fr\/index.php?rest_route=\/wp\/v2\/users\/1"}],"replies":[{"embeddable":true,"href":"https:\/\/aiim.fr\/index.php?rest_route=%2Fwp%2Fv2%2Fcomments&post=1"}],"version-history":[{"count":12,"href":"https:\/\/aiim.fr\/index.php?rest_route=\/wp\/v2\/posts\/1\/revisions"}],"predecessor-version":[{"id":572,"href":"https:\/\/aiim.fr\/index.php?rest_route=\/wp\/v2\/posts\/1\/revisions\/572"}],"wp:featuredmedia":[{"embeddable":true,"href":"https:\/\/aiim.fr\/index.php?rest_route=\/wp\/v2\/media\/446"}],"wp:attachment":[{"href":"https:\/\/aiim.fr\/index.php?rest_route=%2Fwp%2Fv2%2Fmedia&parent=1"}],"wp:term":[{"taxonomy":"category","embeddable":true,"href":"https:\/\/aiim.fr\/index.php?rest_route=%2Fwp%2Fv2%2Fcategories&post=1"},{"taxonomy":"post_tag","embeddable":true,"href":"https:\/\/aiim.fr\/index.php?rest_route=%2Fwp%2Fv2%2Ftags&post=1"}],"curies":[{"name":"wp","href":"https:\/\/api.w.org\/{rel}","templated":true}]}}