{"id":1077,"date":"2022-11-14T20:31:43","date_gmt":"2022-11-14T19:31:43","guid":{"rendered":"https:\/\/aiim.fr\/?p=1077"},"modified":"2022-11-14T20:32:57","modified_gmt":"2022-11-14T19:32:57","slug":"forum-citoyen","status":"publish","type":"post","link":"https:\/\/aiim.fr\/?p=1077","title":{"rendered":"Forum citoyen"},"content":{"rendered":"\n<p><\/p>\n\n\n\n<div class=\"wp-block-media-text alignwide is-stacked-on-mobile\"><figure class=\"wp-block-media-text__media\"><img fetchpriority=\"high\" decoding=\"async\" width=\"543\" height=\"768\" src=\"https:\/\/aiim.fr\/wp-content\/uploads\/2022\/11\/forum-citoyen.png\" alt=\"Forum citoyen l'Arbresle\" class=\"wp-image-1071 size-full\" srcset=\"https:\/\/aiim.fr\/wp-content\/uploads\/2022\/11\/forum-citoyen.png 543w, https:\/\/aiim.fr\/wp-content\/uploads\/2022\/11\/forum-citoyen-212x300.png 212w\" sizes=\"(max-width: 543px) 100vw, 543px\" \/><\/figure><div class=\"wp-block-media-text__content\">\n<p><strong>RDV le 3 d\u00e9cembre 14H00 \u00e0 la salle Claude terrasse \u00e0 l&rsquo;Arbresle.<\/strong><\/p>\n\n\n\n<p>Cet \u00e9v\u00e8nement d\u00e9di\u00e9 \u00e0 la citoyennet\u00e9 \u00e0 la participation des habitants.<\/p>\n\n\n\n<p>Il s\u2019agira \u00e9galement d\u2019un lieu de dialogue et d\u2019expression pour tous, rythm\u00e9 d\u2019animation participative et ludique.<\/p>\n\n\n\n<p><\/p>\n<\/div><\/div>\n\n\n\n<p><\/p>\n<div class='watch-action'><div class='watch-position align-left'><div class='action-like'><a class='lbg-style1 like-1077 jlk' href='javascript:void(0)' data-task='like' data-post_id='1077' data-nonce='f2892bb147' rel='nofollow'><img class='wti-pixel' src='https:\/\/aiim.fr\/wp-content\/plugins\/wti-like-post\/images\/pixel.gif' title='J&#039;aime ' \/><span class='lc-1077 lc'>+2<\/span><\/a><\/div><div class='action-unlike'><a class='unlbg-style1 unlike-1077 jlk' href='javascript:void(0)' data-task='unlike' data-post_id='1077' data-nonce='f2892bb147' rel='nofollow'><img class='wti-pixel' src='https:\/\/aiim.fr\/wp-content\/plugins\/wti-like-post\/images\/pixel.gif' title=' J&#039;aime pas' \/><span class='unlc-1077 unlc'>0<\/span><\/a><\/div> <\/div> <div class='status-1077 status align-left'><\/div><\/div><div class='wti-clear'><\/div>","protected":false},"excerpt":{"rendered":"<p>RDV le 3 d\u00e9cembre 14H00 \u00e0 la salle Claude terrasse \u00e0 l&rsquo;Arbresle. Cet \u00e9v\u00e8nement d\u00e9di\u00e9<\/p>\n","protected":false},"author":1,"featured_media":1071,"comment_status":"open","ping_status":"open","sticky":false,"template":"","format":"standard","meta":{"_jetpack_memberships_contains_paid_content":false,"footnotes":"","jetpack_publicize_message":"","jetpack_publicize_feature_enabled":true,"jetpack_social_post_already_shared":true,"jetpack_social_options":{"image_generator_settings":{"template":"highway","default_image_id":0,"font":"","enabled":false},"version":2}},"categories":[8],"tags":[],"class_list":["post-1077","post","type-post","status-publish","format-standard","has-post-thumbnail","hentry","category-article-du-jour"],"jetpack_publicize_connections":[],"jetpack_featured_media_url":"https:\/\/aiim.fr\/wp-content\/uploads\/2022\/11\/forum-citoyen.png","jetpack_sharing_enabled":true,"_links":{"self":[{"href":"https:\/\/aiim.fr\/index.php?rest_route=\/wp\/v2\/posts\/1077","targetHints":{"allow":["GET"]}}],"collection":[{"href":"https:\/\/aiim.fr\/index.php?rest_route=\/wp\/v2\/posts"}],"about":[{"href":"https:\/\/aiim.fr\/index.php?rest_route=\/wp\/v2\/types\/post"}],"author":[{"embeddable":true,"href":"https:\/\/aiim.fr\/index.php?rest_route=\/wp\/v2\/users\/1"}],"replies":[{"embeddable":true,"href":"https:\/\/aiim.fr\/index.php?rest_route=%2Fwp%2Fv2%2Fcomments&post=1077"}],"version-history":[{"count":3,"href":"https:\/\/aiim.fr\/index.php?rest_route=\/wp\/v2\/posts\/1077\/revisions"}],"predecessor-version":[{"id":1080,"href":"https:\/\/aiim.fr\/index.php?rest_route=\/wp\/v2\/posts\/1077\/revisions\/1080"}],"wp:featuredmedia":[{"embeddable":true,"href":"https:\/\/aiim.fr\/index.php?rest_route=\/wp\/v2\/media\/1071"}],"wp:attachment":[{"href":"https:\/\/aiim.fr\/index.php?rest_route=%2Fwp%2Fv2%2Fmedia&parent=1077"}],"wp:term":[{"taxonomy":"category","embeddable":true,"href":"https:\/\/aiim.fr\/index.php?rest_route=%2Fwp%2Fv2%2Fcategories&post=1077"},{"taxonomy":"post_tag","embeddable":true,"href":"https:\/\/aiim.fr\/index.php?rest_route=%2Fwp%2Fv2%2Ftags&post=1077"}],"curies":[{"name":"wp","href":"https:\/\/api.w.org\/{rel}","templated":true}]}}