{"id":1098,"date":"2023-01-07T20:23:06","date_gmt":"2023-01-07T19:23:06","guid":{"rendered":"https:\/\/aiim.fr\/?p=1098"},"modified":"2023-02-05T11:31:37","modified_gmt":"2023-02-05T10:31:37","slug":"forum-citoyens-du-3-decembre-2022","status":"publish","type":"post","link":"https:\/\/aiim.fr\/?p=1098","title":{"rendered":"Forum citoyens du 3 d\u00e9cembre 2022"},"content":{"rendered":"\n<h2 class=\"wp-block-heading\">Premi\u00e8re participation de l&rsquo;association AIIM ( Association Intercommunale d&rsquo;Information Mutualiste) au forum citoyens de l&rsquo;Arbresle.<\/h2>\n\n\n\n<p>Une tr\u00e8s belle ambiance \u00e9tait pr\u00e9sente pour cette premi\u00e8re \u00e9dition organis\u00e9e par la municipalit\u00e9 de l&rsquo;Arbresle . Parmi la vingtaine de Stands, celui de l&rsquo;association proposait des animations d\u00e9mocratiques et ateliers participatifs qui ont eu leurs succ\u00e8s aupr\u00e8s du public. <\/p>\n\n\n\n<p>En effet nous avons propos\u00e9 un Quizz sur des questions d&rsquo;actualit\u00e9s ( r\u00e9forme des retraites, d\u00e9serts m\u00e9dicaux etc.) d&rsquo;\u00e9ducation civique ( r\u00f4le de l&rsquo;assembl\u00e9e nationale, utilisation du 49.3 etc.) . Nous avons \u00e9galement organis\u00e9 un R\u00e9f\u00e9rendum d&rsquo;Initiative Citoyenne ( RIC) de fiction consid\u00e9rant qu&rsquo;il \u00e9tait inscrit dans la constitution et que les \u00e9tapes d&rsquo;informations et de d\u00e9bats sur les questions propos\u00e9es aux citoyens pour vote avaient \u00e9t\u00e9 faites, les r\u00e9sultats sont en bas de la page.  Une fresque en bande dessin\u00e9 et des dessins humoristiques sur l&rsquo;actualit\u00e9 \u00e9taient affich\u00e9s sur le stand , afin d&rsquo;informer de fa\u00e7on ludique la population  pr\u00e9sente. l&rsquo;\u00e9quipe d&rsquo;AIIM a men\u00e9 un \u00a0\u00bb micro trottoir\u00a0\u00bb tout au long de l&rsquo;apr\u00e8s-midi pour recueillir les t\u00e9moignages et avis des habitants mais aussi des \u00e9lus locaux , vous pouvez retrouver les interviews en bas de cet article . <\/p>\n\n\n\n<p>Cet \u00e9v\u00e9nement montre que les gens souhaitent \u00eatre acteurs et non spectateurs des orientations prisent localement ou nationalement pour une meilleur justice sociale, fiscale et \u00e9cologique. Des outils d\u00e9mocratique comme le RIC doivent \u00eatre soutenus par nos \u00e9lu(es) \u00e0 l&rsquo;assembl\u00e9e nationale . L&rsquo;\u00e9ducation civique permet aux personnes de saisir les enjeux moraux et civiques de l&rsquo;appartenance d&rsquo;une part \u00e0 un Etat de droit garant des libert\u00e9s individuelles et collectives et de l&rsquo;\u00e9galit\u00e9 entre tous les citoyens, d&rsquo;autre part \u00e0 une soci\u00e9t\u00e9 d\u00e9mocratique contemporaine. <\/p>\n\n\n\n<div class=\"wp-block-jetpack-slideshow aligncenter\" data-effect=\"slide\"><div class=\"wp-block-jetpack-slideshow_container swiper-container\"><ul class=\"wp-block-jetpack-slideshow_swiper-wrapper swiper-wrapper\"><li class=\"wp-block-jetpack-slideshow_slide swiper-slide\"><figure><img fetchpriority=\"high\" decoding=\"async\" width=\"769\" height=\"1024\" alt=\"\" class=\"wp-block-jetpack-slideshow_image wp-image-1116\" data-id=\"1116\" src=\"https:\/\/aiim.fr\/wp-content\/uploads\/2023\/01\/sylvie-d-chantale-et-christine-forum-769x1024.jpg\" srcset=\"https:\/\/aiim.fr\/wp-content\/uploads\/2023\/01\/sylvie-d-chantale-et-christine-forum-769x1024.jpg 769w, https:\/\/aiim.fr\/wp-content\/uploads\/2023\/01\/sylvie-d-chantale-et-christine-forum-225x300.jpg 225w, https:\/\/aiim.fr\/wp-content\/uploads\/2023\/01\/sylvie-d-chantale-et-christine-forum-768x1023.jpg 768w, https:\/\/aiim.fr\/wp-content\/uploads\/2023\/01\/sylvie-d-chantale-et-christine-forum-450x600.jpg 450w, https:\/\/aiim.fr\/wp-content\/uploads\/2023\/01\/sylvie-d-chantale-et-christine-forum.jpg 901w\" sizes=\"(max-width: 769px) 100vw, 769px\" \/><\/figure><\/li><li class=\"wp-block-jetpack-slideshow_slide swiper-slide\"><figure><img decoding=\"async\" width=\"1024\" height=\"769\" alt=\"\" class=\"wp-block-jetpack-slideshow_image wp-image-1115\" data-id=\"1115\" src=\"https:\/\/aiim.fr\/wp-content\/uploads\/2023\/01\/Stand-AIIM-Forum-citoyen-1024x769.jpg\" srcset=\"https:\/\/aiim.fr\/wp-content\/uploads\/2023\/01\/Stand-AIIM-Forum-citoyen-1024x769.jpg 1024w, https:\/\/aiim.fr\/wp-content\/uploads\/2023\/01\/Stand-AIIM-Forum-citoyen-300x225.jpg 300w, https:\/\/aiim.fr\/wp-content\/uploads\/2023\/01\/Stand-AIIM-Forum-citoyen-768x577.jpg 768w, https:\/\/aiim.fr\/wp-content\/uploads\/2023\/01\/Stand-AIIM-Forum-citoyen-720x540.jpg 720w, https:\/\/aiim.fr\/wp-content\/uploads\/2023\/01\/Stand-AIIM-Forum-citoyen.jpg 1200w\" sizes=\"(max-width: 1024px) 100vw, 1024px\" \/><\/figure><\/li><li class=\"wp-block-jetpack-slideshow_slide swiper-slide\"><figure><img decoding=\"async\" width=\"1024\" height=\"769\" alt=\"\" class=\"wp-block-jetpack-slideshow_image wp-image-1114\" data-id=\"1114\" src=\"https:\/\/aiim.fr\/wp-content\/uploads\/2023\/01\/questionnaire-forum-1024x769.jpg\" srcset=\"https:\/\/aiim.fr\/wp-content\/uploads\/2023\/01\/questionnaire-forum-1024x769.jpg 1024w, https:\/\/aiim.fr\/wp-content\/uploads\/2023\/01\/questionnaire-forum-300x225.jpg 300w, https:\/\/aiim.fr\/wp-content\/uploads\/2023\/01\/questionnaire-forum-768x577.jpg 768w, https:\/\/aiim.fr\/wp-content\/uploads\/2023\/01\/questionnaire-forum-720x540.jpg 720w, https:\/\/aiim.fr\/wp-content\/uploads\/2023\/01\/questionnaire-forum.jpg 1200w\" sizes=\"(max-width: 1024px) 100vw, 1024px\" \/><\/figure><\/li><li class=\"wp-block-jetpack-slideshow_slide swiper-slide\"><figure><img loading=\"lazy\" decoding=\"async\" width=\"1024\" height=\"769\" alt=\"\" class=\"wp-block-jetpack-slideshow_image wp-image-1113\" data-id=\"1113\" src=\"https:\/\/aiim.fr\/wp-content\/uploads\/2023\/01\/porte-cle-aiim-forum-1024x769.jpg\" srcset=\"https:\/\/aiim.fr\/wp-content\/uploads\/2023\/01\/porte-cle-aiim-forum-1024x769.jpg 1024w, https:\/\/aiim.fr\/wp-content\/uploads\/2023\/01\/porte-cle-aiim-forum-300x225.jpg 300w, https:\/\/aiim.fr\/wp-content\/uploads\/2023\/01\/porte-cle-aiim-forum-768x577.jpg 768w, https:\/\/aiim.fr\/wp-content\/uploads\/2023\/01\/porte-cle-aiim-forum-720x540.jpg 720w, https:\/\/aiim.fr\/wp-content\/uploads\/2023\/01\/porte-cle-aiim-forum.jpg 1200w\" sizes=\"(max-width: 1024px) 100vw, 1024px\" \/><\/figure><\/li><li class=\"wp-block-jetpack-slideshow_slide swiper-slide\"><figure><img loading=\"lazy\" decoding=\"async\" width=\"769\" height=\"1024\" alt=\"\" class=\"wp-block-jetpack-slideshow_image wp-image-1112\" data-id=\"1112\" src=\"https:\/\/aiim.fr\/wp-content\/uploads\/2023\/01\/pascal-forum-769x1024.jpg\" srcset=\"https:\/\/aiim.fr\/wp-content\/uploads\/2023\/01\/pascal-forum-769x1024.jpg 769w, https:\/\/aiim.fr\/wp-content\/uploads\/2023\/01\/pascal-forum-225x300.jpg 225w, https:\/\/aiim.fr\/wp-content\/uploads\/2023\/01\/pascal-forum-768x1023.jpg 768w, https:\/\/aiim.fr\/wp-content\/uploads\/2023\/01\/pascal-forum-450x600.jpg 450w, https:\/\/aiim.fr\/wp-content\/uploads\/2023\/01\/pascal-forum.jpg 901w\" sizes=\"(max-width: 769px) 100vw, 769px\" \/><\/figure><\/li><li class=\"wp-block-jetpack-slideshow_slide swiper-slide\"><figure><img loading=\"lazy\" decoding=\"async\" width=\"769\" height=\"1024\" alt=\"\" class=\"wp-block-jetpack-slideshow_image wp-image-1111\" data-id=\"1111\" src=\"https:\/\/aiim.fr\/wp-content\/uploads\/2023\/01\/pancarte-forum-citoyen-769x1024.jpg\" srcset=\"https:\/\/aiim.fr\/wp-content\/uploads\/2023\/01\/pancarte-forum-citoyen-769x1024.jpg 769w, https:\/\/aiim.fr\/wp-content\/uploads\/2023\/01\/pancarte-forum-citoyen-225x300.jpg 225w, https:\/\/aiim.fr\/wp-content\/uploads\/2023\/01\/pancarte-forum-citoyen-768x1023.jpg 768w, https:\/\/aiim.fr\/wp-content\/uploads\/2023\/01\/pancarte-forum-citoyen-450x600.jpg 450w, https:\/\/aiim.fr\/wp-content\/uploads\/2023\/01\/pancarte-forum-citoyen.jpg 901w\" sizes=\"(max-width: 769px) 100vw, 769px\" \/><\/figure><\/li><li class=\"wp-block-jetpack-slideshow_slide swiper-slide\"><figure><img loading=\"lazy\" decoding=\"async\" width=\"769\" height=\"1024\" alt=\"\" class=\"wp-block-jetpack-slideshow_image wp-image-1109\" data-id=\"1109\" src=\"https:\/\/aiim.fr\/wp-content\/uploads\/2023\/01\/micro-trottoir-769x1024.jpg\" srcset=\"https:\/\/aiim.fr\/wp-content\/uploads\/2023\/01\/micro-trottoir-769x1024.jpg 769w, https:\/\/aiim.fr\/wp-content\/uploads\/2023\/01\/micro-trottoir-225x300.jpg 225w, https:\/\/aiim.fr\/wp-content\/uploads\/2023\/01\/micro-trottoir-768x1023.jpg 768w, https:\/\/aiim.fr\/wp-content\/uploads\/2023\/01\/micro-trottoir-450x600.jpg 450w, https:\/\/aiim.fr\/wp-content\/uploads\/2023\/01\/micro-trottoir.jpg 901w\" sizes=\"(max-width: 769px) 100vw, 769px\" \/><\/figure><\/li><li class=\"wp-block-jetpack-slideshow_slide swiper-slide\"><figure><img loading=\"lazy\" decoding=\"async\" width=\"769\" height=\"1024\" alt=\"\" class=\"wp-block-jetpack-slideshow_image wp-image-1108\" data-id=\"1108\" src=\"https:\/\/aiim.fr\/wp-content\/uploads\/2023\/01\/kakounette-sylvie-et-christine-769x1024.jpg\" srcset=\"https:\/\/aiim.fr\/wp-content\/uploads\/2023\/01\/kakounette-sylvie-et-christine-769x1024.jpg 769w, https:\/\/aiim.fr\/wp-content\/uploads\/2023\/01\/kakounette-sylvie-et-christine-225x300.jpg 225w, https:\/\/aiim.fr\/wp-content\/uploads\/2023\/01\/kakounette-sylvie-et-christine-768x1023.jpg 768w, https:\/\/aiim.fr\/wp-content\/uploads\/2023\/01\/kakounette-sylvie-et-christine-450x600.jpg 450w, https:\/\/aiim.fr\/wp-content\/uploads\/2023\/01\/kakounette-sylvie-et-christine.jpg 901w\" sizes=\"(max-width: 769px) 100vw, 769px\" \/><\/figure><\/li><li class=\"wp-block-jetpack-slideshow_slide swiper-slide\"><figure><img loading=\"lazy\" decoding=\"async\" width=\"769\" height=\"1024\" alt=\"\" class=\"wp-block-jetpack-slideshow_image wp-image-1104\" data-id=\"1104\" src=\"https:\/\/aiim.fr\/wp-content\/uploads\/2023\/01\/brigitte-forum-769x1024.jpg\" srcset=\"https:\/\/aiim.fr\/wp-content\/uploads\/2023\/01\/brigitte-forum-769x1024.jpg 769w, https:\/\/aiim.fr\/wp-content\/uploads\/2023\/01\/brigitte-forum-225x300.jpg 225w, https:\/\/aiim.fr\/wp-content\/uploads\/2023\/01\/brigitte-forum-768x1023.jpg 768w, https:\/\/aiim.fr\/wp-content\/uploads\/2023\/01\/brigitte-forum-450x600.jpg 450w, https:\/\/aiim.fr\/wp-content\/uploads\/2023\/01\/brigitte-forum.jpg 901w\" sizes=\"(max-width: 769px) 100vw, 769px\" \/><\/figure><\/li><li class=\"wp-block-jetpack-slideshow_slide swiper-slide\"><figure><img loading=\"lazy\" decoding=\"async\" width=\"1024\" height=\"769\" alt=\"\" class=\"wp-block-jetpack-slideshow_image wp-image-1103\" data-id=\"1103\" src=\"https:\/\/aiim.fr\/wp-content\/uploads\/2023\/01\/BD-GIGI-forum-1024x769.jpg\" srcset=\"https:\/\/aiim.fr\/wp-content\/uploads\/2023\/01\/BD-GIGI-forum-1024x769.jpg 1024w, https:\/\/aiim.fr\/wp-content\/uploads\/2023\/01\/BD-GIGI-forum-300x225.jpg 300w, https:\/\/aiim.fr\/wp-content\/uploads\/2023\/01\/BD-GIGI-forum-768x577.jpg 768w, https:\/\/aiim.fr\/wp-content\/uploads\/2023\/01\/BD-GIGI-forum-720x540.jpg 720w, https:\/\/aiim.fr\/wp-content\/uploads\/2023\/01\/BD-GIGI-forum.jpg 1200w\" sizes=\"(max-width: 1024px) 100vw, 1024px\" \/><\/figure><\/li><li class=\"wp-block-jetpack-slideshow_slide swiper-slide\"><figure><img loading=\"lazy\" decoding=\"async\" width=\"769\" height=\"1024\" alt=\"\" class=\"wp-block-jetpack-slideshow_image wp-image-1099\" data-id=\"1099\" src=\"https:\/\/aiim.fr\/wp-content\/uploads\/2023\/01\/49.3-AIIM-stand-forum-769x1024.jpg\" srcset=\"https:\/\/aiim.fr\/wp-content\/uploads\/2023\/01\/49.3-AIIM-stand-forum-769x1024.jpg 769w, https:\/\/aiim.fr\/wp-content\/uploads\/2023\/01\/49.3-AIIM-stand-forum-225x300.jpg 225w, https:\/\/aiim.fr\/wp-content\/uploads\/2023\/01\/49.3-AIIM-stand-forum-768x1023.jpg 768w, https:\/\/aiim.fr\/wp-content\/uploads\/2023\/01\/49.3-AIIM-stand-forum-450x600.jpg 450w, https:\/\/aiim.fr\/wp-content\/uploads\/2023\/01\/49.3-AIIM-stand-forum.jpg 901w\" sizes=\"(max-width: 769px) 100vw, 769px\" \/><\/figure><\/li><li class=\"wp-block-jetpack-slideshow_slide swiper-slide\"><figure><img loading=\"lazy\" decoding=\"async\" width=\"1024\" height=\"768\" alt=\"\" class=\"wp-block-jetpack-slideshow_image wp-image-1096\" data-id=\"1096\" src=\"https:\/\/aiim.fr\/wp-content\/uploads\/2022\/12\/IMG_C7FB7787696B-1-1024x768.jpeg\" srcset=\"https:\/\/aiim.fr\/wp-content\/uploads\/2022\/12\/IMG_C7FB7787696B-1-1024x768.jpeg 1024w, https:\/\/aiim.fr\/wp-content\/uploads\/2022\/12\/IMG_C7FB7787696B-1-300x225.jpeg 300w, https:\/\/aiim.fr\/wp-content\/uploads\/2022\/12\/IMG_C7FB7787696B-1-768x576.jpeg 768w, https:\/\/aiim.fr\/wp-content\/uploads\/2022\/12\/IMG_C7FB7787696B-1-720x540.jpeg 720w, https:\/\/aiim.fr\/wp-content\/uploads\/2022\/12\/IMG_C7FB7787696B-1.jpeg 1200w\" sizes=\"(max-width: 1024px) 100vw, 1024px\" \/><\/figure><\/li><li class=\"wp-block-jetpack-slideshow_slide swiper-slide\"><figure><img loading=\"lazy\" decoding=\"async\" width=\"1024\" height=\"768\" alt=\"\" class=\"wp-block-jetpack-slideshow_image wp-image-1094\" data-id=\"1094\" src=\"https:\/\/aiim.fr\/wp-content\/uploads\/2022\/12\/IMG_583722B50A26-1-1024x768.jpeg\" srcset=\"https:\/\/aiim.fr\/wp-content\/uploads\/2022\/12\/IMG_583722B50A26-1-1024x768.jpeg 1024w, https:\/\/aiim.fr\/wp-content\/uploads\/2022\/12\/IMG_583722B50A26-1-300x225.jpeg 300w, https:\/\/aiim.fr\/wp-content\/uploads\/2022\/12\/IMG_583722B50A26-1-768x576.jpeg 768w, https:\/\/aiim.fr\/wp-content\/uploads\/2022\/12\/IMG_583722B50A26-1-720x540.jpeg 720w, https:\/\/aiim.fr\/wp-content\/uploads\/2022\/12\/IMG_583722B50A26-1.jpeg 1200w\" sizes=\"(max-width: 1024px) 100vw, 1024px\" \/><\/figure><\/li><li class=\"wp-block-jetpack-slideshow_slide swiper-slide\"><figure><img loading=\"lazy\" decoding=\"async\" width=\"1024\" height=\"768\" alt=\"\" class=\"wp-block-jetpack-slideshow_image wp-image-1095\" data-id=\"1095\" src=\"https:\/\/aiim.fr\/wp-content\/uploads\/2022\/12\/IMG_9A949DABF47C-1-1024x768.jpeg\" srcset=\"https:\/\/aiim.fr\/wp-content\/uploads\/2022\/12\/IMG_9A949DABF47C-1-1024x768.jpeg 1024w, https:\/\/aiim.fr\/wp-content\/uploads\/2022\/12\/IMG_9A949DABF47C-1-300x225.jpeg 300w, https:\/\/aiim.fr\/wp-content\/uploads\/2022\/12\/IMG_9A949DABF47C-1-768x576.jpeg 768w, https:\/\/aiim.fr\/wp-content\/uploads\/2022\/12\/IMG_9A949DABF47C-1-720x540.jpeg 720w, https:\/\/aiim.fr\/wp-content\/uploads\/2022\/12\/IMG_9A949DABF47C-1.jpeg 1200w\" sizes=\"(max-width: 1024px) 100vw, 1024px\" \/><\/figure><\/li><li class=\"wp-block-jetpack-slideshow_slide swiper-slide\"><figure><img loading=\"lazy\" decoding=\"async\" width=\"769\" height=\"1024\" alt=\"\" class=\"wp-block-jetpack-slideshow_image wp-image-1117\" data-id=\"1117\" src=\"https:\/\/aiim.fr\/wp-content\/uploads\/2023\/01\/sylvie-et-christine-769x1024.jpg\" srcset=\"https:\/\/aiim.fr\/wp-content\/uploads\/2023\/01\/sylvie-et-christine-769x1024.jpg 769w, https:\/\/aiim.fr\/wp-content\/uploads\/2023\/01\/sylvie-et-christine-225x300.jpg 225w, https:\/\/aiim.fr\/wp-content\/uploads\/2023\/01\/sylvie-et-christine-768x1023.jpg 768w, https:\/\/aiim.fr\/wp-content\/uploads\/2023\/01\/sylvie-et-christine-450x600.jpg 450w, https:\/\/aiim.fr\/wp-content\/uploads\/2023\/01\/sylvie-et-christine.jpg 901w\" sizes=\"(max-width: 769px) 100vw, 769px\" \/><\/figure><\/li><li class=\"wp-block-jetpack-slideshow_slide swiper-slide\"><figure><img loading=\"lazy\" decoding=\"async\" width=\"769\" height=\"1024\" alt=\"\" class=\"wp-block-jetpack-slideshow_image wp-image-1105\" data-id=\"1105\" src=\"https:\/\/aiim.fr\/wp-content\/uploads\/2023\/01\/christelle-et-christine-forum-2-769x1024.jpg\" srcset=\"https:\/\/aiim.fr\/wp-content\/uploads\/2023\/01\/christelle-et-christine-forum-2-769x1024.jpg 769w, https:\/\/aiim.fr\/wp-content\/uploads\/2023\/01\/christelle-et-christine-forum-2-225x300.jpg 225w, https:\/\/aiim.fr\/wp-content\/uploads\/2023\/01\/christelle-et-christine-forum-2-768x1023.jpg 768w, https:\/\/aiim.fr\/wp-content\/uploads\/2023\/01\/christelle-et-christine-forum-2-450x600.jpg 450w, https:\/\/aiim.fr\/wp-content\/uploads\/2023\/01\/christelle-et-christine-forum-2.jpg 901w\" sizes=\"(max-width: 769px) 100vw, 769px\" \/><\/figure><\/li><\/ul><a class=\"wp-block-jetpack-slideshow_button-prev swiper-button-prev swiper-button-white\" role=\"button\"><\/a><a class=\"wp-block-jetpack-slideshow_button-next swiper-button-next swiper-button-white\" role=\"button\"><\/a><a aria-label=\"Pause Slideshow\" class=\"wp-block-jetpack-slideshow_button-pause\" role=\"button\"><\/a><div class=\"wp-block-jetpack-slideshow_pagination swiper-pagination swiper-pagination-white\"><\/div><\/div><\/div>\n\n\n\n<h2 class=\"wp-block-heading\">Les diff\u00e9rentes interviews du \u00ab\u00a0micro-trottoir\u00a0\u00bb<\/h2>\n\n\n\n<p><\/p>\n\n\n<div class=\"wp-block-image\">\n<figure class=\"aligncenter size-large is-resized\"><img loading=\"lazy\" decoding=\"async\" src=\"https:\/\/aiim.fr\/wp-content\/uploads\/2023\/01\/inconnu-2-1024x769.jpg\" alt=\"interview citoyenne \" class=\"wp-image-1106\" width=\"636\" height=\"477\" srcset=\"https:\/\/aiim.fr\/wp-content\/uploads\/2023\/01\/inconnu-2-1024x769.jpg 1024w, https:\/\/aiim.fr\/wp-content\/uploads\/2023\/01\/inconnu-2-300x225.jpg 300w, https:\/\/aiim.fr\/wp-content\/uploads\/2023\/01\/inconnu-2-768x577.jpg 768w, https:\/\/aiim.fr\/wp-content\/uploads\/2023\/01\/inconnu-2-720x540.jpg 720w, https:\/\/aiim.fr\/wp-content\/uploads\/2023\/01\/inconnu-2.jpg 1200w\" sizes=\"(max-width: 636px) 100vw, 636px\" \/><figcaption class=\"wp-element-caption\">Fran\u00e7oise<\/figcaption><\/figure>\n<\/div>\n\n\n<figure class=\"wp-block-audio\"><audio controls src=\"https:\/\/aiim.fr\/wp-content\/uploads\/2023\/01\/francoise-version-2.mp3\"><\/audio><\/figure>\n\n\n<div class=\"wp-block-image\">\n<figure class=\"aligncenter size-large is-resized\"><img loading=\"lazy\" decoding=\"async\" src=\"https:\/\/aiim.fr\/wp-content\/uploads\/2023\/01\/inconnu-3-1024x769.jpg\" alt=\"interview citoyen\" class=\"wp-image-1107\" width=\"621\" height=\"466\" srcset=\"https:\/\/aiim.fr\/wp-content\/uploads\/2023\/01\/inconnu-3-1024x769.jpg 1024w, https:\/\/aiim.fr\/wp-content\/uploads\/2023\/01\/inconnu-3-300x225.jpg 300w, https:\/\/aiim.fr\/wp-content\/uploads\/2023\/01\/inconnu-3-768x577.jpg 768w, https:\/\/aiim.fr\/wp-content\/uploads\/2023\/01\/inconnu-3-720x540.jpg 720w, https:\/\/aiim.fr\/wp-content\/uploads\/2023\/01\/inconnu-3.jpg 1200w\" sizes=\"(max-width: 621px) 100vw, 621px\" \/><figcaption class=\"wp-element-caption\">Beno\u00eet<\/figcaption><\/figure>\n<\/div>\n\n\n<figure class=\"wp-block-audio\"><audio controls src=\"https:\/\/aiim.fr\/wp-content\/uploads\/2023\/01\/benoit-version-2.mp3\"><\/audio><\/figure>\n\n\n<div class=\"wp-block-image\">\n<figure class=\"aligncenter size-full is-resized\"><img loading=\"lazy\" decoding=\"async\" src=\"https:\/\/aiim.fr\/wp-content\/uploads\/2023\/01\/photo-inconnu-femme.png\" alt=\"\" class=\"wp-image-1137\" width=\"349\" height=\"347\" \/><figcaption class=\"wp-element-caption\">Anne<\/figcaption><\/figure>\n<\/div>\n\n\n<figure class=\"wp-block-audio\"><audio controls src=\"https:\/\/aiim.fr\/wp-content\/uploads\/2023\/01\/anne-version-2.mp3\"><\/audio><\/figure>\n\n\n\n<figure class=\"wp-block-image size-large\"><img loading=\"lazy\" decoding=\"async\" width=\"1024\" height=\"769\" src=\"https:\/\/aiim.fr\/wp-content\/uploads\/2023\/01\/Nathalie-serre-1024x769.jpg\" alt=\"\" class=\"wp-image-1110\" srcset=\"https:\/\/aiim.fr\/wp-content\/uploads\/2023\/01\/Nathalie-serre-1024x769.jpg 1024w, https:\/\/aiim.fr\/wp-content\/uploads\/2023\/01\/Nathalie-serre-300x225.jpg 300w, https:\/\/aiim.fr\/wp-content\/uploads\/2023\/01\/Nathalie-serre-768x577.jpg 768w, https:\/\/aiim.fr\/wp-content\/uploads\/2023\/01\/Nathalie-serre-720x540.jpg 720w, https:\/\/aiim.fr\/wp-content\/uploads\/2023\/01\/Nathalie-serre.jpg 1200w\" sizes=\"(max-width: 1024px) 100vw, 1024px\" \/><figcaption class=\"wp-element-caption\">Nathalie Serre d\u00e9put\u00e9e de la 8 \u00e8me circonscription <\/figcaption><\/figure>\n\n\n\n<figure class=\"wp-block-audio\"><audio controls src=\"https:\/\/aiim.fr\/wp-content\/uploads\/2023\/01\/serre-nathalie-partie-1.mp3\"><\/audio><figcaption class=\"wp-element-caption\">Partie 1<\/figcaption><\/figure>\n\n\n\n<figure class=\"wp-block-audio\"><audio controls src=\"https:\/\/aiim.fr\/wp-content\/uploads\/2023\/01\/serre-nathalie-partie-2.mp3\"><\/audio><figcaption class=\"wp-element-caption\">Partie 2<\/figcaption><\/figure>\n\n\n\n<figure class=\"wp-block-audio\"><audio controls src=\"https:\/\/aiim.fr\/wp-content\/uploads\/2023\/01\/serre-nathalie-partie-3.mp3\"><\/audio><figcaption class=\"wp-element-caption\">partie 3<\/figcaption><\/figure>\n\n\n\n<h2 class=\"wp-block-heading\">R\u00e9sultats du r\u00e9f\u00e9rendum :<\/h2>\n\n\n\n<p><span style=\"text-decoration: underline\"><strong>Th\u00e8me 1 :<\/strong>  <strong>POUVOIR D&rsquo;ACHAT\/ LUTTE CONTRE LA PAUVRETE<\/strong><\/span>:<\/p>\n\n\n\n<p><span style=\"text-decoration: underline\">Question A: <\/span><\/p>\n\n\n\n<p><strong>La proposition d&rsquo;indexer les salaires sur la hausse moyenne des prix serait-elle une solution pour l&rsquo;am\u00e9lioration du pouvoir d&rsquo;achat?<\/strong><\/p>\n\n\n\n<p><strong>OUI<\/strong>: 72 %                    <strong>NON: <\/strong>11%                 <strong>BLANC<\/strong> : 17%<\/p>\n\n\n\n<p><span style=\"text-decoration: underline\">Question B:<\/span><\/p>\n\n\n\n<p><strong>La modulation de la TVA au prorata des revenus de chaque foyer vous parait elle envisageable ?<\/strong><\/p>\n\n\n\n<p><strong>OUI<\/strong>: 39%                     <strong>NON<\/strong>: 33%                <strong>BLANC<\/strong>: 28%<\/p>\n\n\n\n<p><strong><span style=\"text-decoration: underline\">Th\u00e8me 2: VACCINATION COVID 19 \/ GESTION DE LA CRISE SANITAIRE <\/span><\/strong>:<\/p>\n\n\n\n<p><span style=\"text-decoration: underline\">Question A :<\/span><\/p>\n\n\n\n<p><strong>La loi du 5 Aout 2021 sur l&rsquo;obligation vaccinale des soignants, pompiers doit-elle toujours \u00eatre maintenue? <\/strong><\/p>\n\n\n\n<p><strong>OUI<\/strong>: 22%                     <strong>NON<\/strong>: 78%                 <strong>BLANC<\/strong>: 0%<\/p>\n\n\n\n<p><span style=\"text-decoration: underline\">Question B:<\/span><\/p>\n\n\n\n<p><strong>Jugez vous le refus du gouvernement de r\u00e9int\u00e9grer les soignants non vaccin\u00e9s conforme aux valeurs de la r\u00e9publique?<\/strong><\/p>\n\n\n\n<p><strong>OUI<\/strong>: 11%                      <strong> NON<\/strong>: 83%                <strong>BLANC<\/strong>: 6%<\/p>\n\n\n\n<p><span style=\"text-decoration: underline\">Question C:<\/span><\/p>\n\n\n\n<p><strong>L&rsquo;exercice de la souverainet\u00e9 nationale peut-il \u00eatre d\u00e9l\u00e9gu\u00e9 \u00e0 un comit\u00e9 d&rsquo;experts?<\/strong><\/p>\n\n\n\n<p><strong>OUI: <\/strong>12%                     <strong>NON:<\/strong> 82%                  <strong>BLANC:<\/strong> 6%<\/p>\n\n\n\n<p><strong><span style=\"text-decoration: underline\">Th\u00e8me 3 : ABSTENTION\/ ABSTENTIONNISME<\/span><\/strong>:<\/p>\n\n\n\n<p><span style=\"text-decoration: underline\">Question A:<\/span><\/p>\n\n\n\n<p><strong>A votre avis, le probl\u00e8me de l&rsquo;abstention peut-\u00eatre solutionn\u00e9 par une r\u00e9forme du syst\u00e8me \u00e9lectoral? <\/strong><\/p>\n\n\n\n<p><strong>OUI:<\/strong> 72%                    <strong> NON: <\/strong>17%                     <strong>BLANC: <\/strong>11%<\/p>\n\n\n\n<p><span style=\"text-decoration: underline\">Question B<\/span>:<\/p>\n\n\n\n<p><strong>Rendre le vote obligatoire est-ce une bonne id\u00e9e? <\/strong><\/p>\n\n\n\n<p><strong>OUI:<\/strong> 42%                  <strong>  NON:<\/strong> 35%                     <strong> BLANC<\/strong>: 23%<\/p>\n\n\n\n<p><span style=\"text-decoration: underline\">Question C:<\/span><\/p>\n\n\n\n<p><strong>Selon vous, la reconnaissance du vote blanc lors des \u00e9lections permettrait elle de diminuer l&rsquo;abstentionnisme? <\/strong><\/p>\n\n\n\n<p><strong>OUI<\/strong>: 89%                  <strong> NON<\/strong>: 0%                       <strong>  BLANC<\/strong>: 11% <\/p>\n<div class='watch-action'><div class='watch-position align-left'><div class='action-like'><a class='lbg-style1 like-1098 jlk' href='javascript:void(0)' data-task='like' data-post_id='1098' data-nonce='f2892bb147' rel='nofollow'><img class='wti-pixel' src='https:\/\/aiim.fr\/wp-content\/plugins\/wti-like-post\/images\/pixel.gif' title='J&#039;aime ' \/><span class='lc-1098 lc'>+1<\/span><\/a><\/div><div class='action-unlike'><a class='unlbg-style1 unlike-1098 jlk' href='javascript:void(0)' data-task='unlike' data-post_id='1098' data-nonce='f2892bb147' rel='nofollow'><img class='wti-pixel' src='https:\/\/aiim.fr\/wp-content\/plugins\/wti-like-post\/images\/pixel.gif' title=' J&#039;aime pas' \/><span class='unlc-1098 unlc'>0<\/span><\/a><\/div> <\/div> <div class='status-1098 status align-left'><\/div><\/div><div class='wti-clear'><\/div>","protected":false},"excerpt":{"rendered":"<p>Premi\u00e8re participation de l&rsquo;association AIIM ( Association Intercommunale d&rsquo;Information Mutualiste) au forum citoyens de l&rsquo;Arbresle.<\/p>\n","protected":false},"author":4,"featured_media":1115,"comment_status":"open","ping_status":"open","sticky":false,"template":"","format":"standard","meta":{"_jetpack_memberships_contains_paid_content":false,"footnotes":"","jetpack_publicize_message":"","jetpack_publicize_feature_enabled":true,"jetpack_social_post_already_shared":true,"jetpack_social_options":{"image_generator_settings":{"template":"highway","default_image_id":0,"font":"","enabled":false},"version":2}},"categories":[8,7],"tags":[],"class_list":["post-1098","post","type-post","status-publish","format-standard","has-post-thumbnail","hentry","category-article-du-jour","category-historique-evenements"],"jetpack_publicize_connections":[],"jetpack_featured_media_url":"https:\/\/aiim.fr\/wp-content\/uploads\/2023\/01\/Stand-AIIM-Forum-citoyen.jpg","jetpack_sharing_enabled":true,"_links":{"self":[{"href":"https:\/\/aiim.fr\/index.php?rest_route=\/wp\/v2\/posts\/1098","targetHints":{"allow":["GET"]}}],"collection":[{"href":"https:\/\/aiim.fr\/index.php?rest_route=\/wp\/v2\/posts"}],"about":[{"href":"https:\/\/aiim.fr\/index.php?rest_route=\/wp\/v2\/types\/post"}],"author":[{"embeddable":true,"href":"https:\/\/aiim.fr\/index.php?rest_route=\/wp\/v2\/users\/4"}],"replies":[{"embeddable":true,"href":"https:\/\/aiim.fr\/index.php?rest_route=%2Fwp%2Fv2%2Fcomments&post=1098"}],"version-history":[{"count":10,"href":"https:\/\/aiim.fr\/index.php?rest_route=\/wp\/v2\/posts\/1098\/revisions"}],"predecessor-version":[{"id":1189,"href":"https:\/\/aiim.fr\/index.php?rest_route=\/wp\/v2\/posts\/1098\/revisions\/1189"}],"wp:featuredmedia":[{"embeddable":true,"href":"https:\/\/aiim.fr\/index.php?rest_route=\/wp\/v2\/media\/1115"}],"wp:attachment":[{"href":"https:\/\/aiim.fr\/index.php?rest_route=%2Fwp%2Fv2%2Fmedia&parent=1098"}],"wp:term":[{"taxonomy":"category","embeddable":true,"href":"https:\/\/aiim.fr\/index.php?rest_route=%2Fwp%2Fv2%2Fcategories&post=1098"},{"taxonomy":"post_tag","embeddable":true,"href":"https:\/\/aiim.fr\/index.php?rest_route=%2Fwp%2Fv2%2Ftags&post=1098"}],"curies":[{"name":"wp","href":"https:\/\/api.w.org\/{rel}","templated":true}]}}