{"id":1423,"date":"2023-10-31T08:38:43","date_gmt":"2023-10-31T07:38:43","guid":{"rendered":"https:\/\/aiim.fr\/?p=1423"},"modified":"2026-01-12T21:32:18","modified_gmt":"2026-01-12T20:32:18","slug":"document-et-references","status":"publish","type":"post","link":"https:\/\/aiim.fr\/?p=1423","title":{"rendered":"DOCUMENTS &amp; REFERENCES"},"content":{"rendered":"\n<div class=\"wp-block-buttons is-layout-flex wp-block-buttons-is-layout-flex\">\n<div class=\"wp-block-button\"><a class=\"wp-block-button__link wp-element-button\" href=\"https:\/\/aiim.fr\/?page_id=1146\"><mark style=\"background-color:rgba(0, 0, 0, 0)\" class=\"has-inline-color has-vivid-cyan-blue-color\">Documents en attente de lecture<\/mark><\/a><\/div>\n<\/div>\n\n\n\n<div class=\"wp-block-group\"><div class=\"wp-block-group__inner-container is-layout-constrained wp-block-group-is-layout-constrained\">\n<div class=\"wp-block-cover is-light wp-duotone-unset-1\" style=\"min-height:3200px;aspect-ratio:unset;\"><img fetchpriority=\"high\" decoding=\"async\" width=\"890\" height=\"1200\" class=\"wp-block-cover__image-background wp-image-1084\" alt=\"Fond ecran Aiim\" src=\"https:\/\/aiim.fr\/wp-content\/uploads\/2022\/11\/base-affiche.png\" data-object-fit=\"cover\" srcset=\"https:\/\/aiim.fr\/wp-content\/uploads\/2022\/11\/base-affiche.png 890w, https:\/\/aiim.fr\/wp-content\/uploads\/2022\/11\/base-affiche-223x300.png 223w, https:\/\/aiim.fr\/wp-content\/uploads\/2022\/11\/base-affiche-759x1024.png 759w, https:\/\/aiim.fr\/wp-content\/uploads\/2022\/11\/base-affiche-768x1036.png 768w\" sizes=\"(max-width: 890px) 100vw, 890px\" \/><span aria-hidden=\"true\" class=\"wp-block-cover__background has-background-dim-20 has-background-dim\"><\/span><div class=\"wp-block-cover__inner-container is-layout-flow wp-block-cover-is-layout-flow\">\n<div class=\"wp-block-group\"><div class=\"wp-block-group__inner-container is-layout-constrained wp-block-group-is-layout-constrained\">\n<div class=\"wp-block-group\"><div class=\"wp-block-group__inner-container is-layout-constrained wp-block-group-is-layout-constrained\">\n<h1 class=\"wp-block-heading\" style=\"font-size:30px\">Les dol\u00e9ances &#8211; Une r\u00e9p\u00e9tition malheureuse ?<\/h1>\n\n\n\n<p style=\"font-size:18px\"><br><em>\u00ab&nbsp;<\/em><strong>La bonne conservation des archives, un enjeu d\u00e9mocratique&nbsp;\u00bb, <\/strong>c&rsquo;est le premier titre du sommaire qu&rsquo;on trouve sur le site FranceArchives, portail national des archives &#8211; une bonne illustration de l&rsquo;expression \u00ab&nbsp;se payer de mots&nbsp;\u00bb, si on consid\u00e8re le sort qui a \u00e9t\u00e9 r\u00e9serv\u00e9 aux Cahiers de dol\u00e9ances.<\/p>\n\n\n\n<div class=\"wp-block-jetpack-tiled-gallery aligncenter is-style-rectangular\">\n<div class=\"\">\n<div class=\"tiled-gallery__gallery\">\n<div class=\"tiled-gallery__row\">\n<div class=\"tiled-gallery__col\" style=\"flex-basis: 34.19586%\">\n<figure class=\"tiled-gallery__item\"><img decoding=\"async\" role=\"button\" src=\"https:\/\/i0.wp.com\/aiim.fr\/wp-content\/uploads\/2023\/10\/doleances1-cadurapastjr-5.jpg?ssl=1\" alt=\"\" data-height=\"423\" data-id=\"1736\" data-link=\"https:\/\/aiim.fr\/?attachment_id=1736\" data-url=\"https:\/\/aiim.fr\/wp-content\/uploads\/2023\/10\/doleances1-cadurapastjr-5.jpg\" data-width=\"600\" data-amp-layout=\"responsive\" aria-label=\"Ouvrir l\u2019image 1 sur 4 en plein \u00e9cran\" \/><\/figure>\n<figure class=\"tiled-gallery__item\"><img decoding=\"async\" role=\"button\" src=\"https:\/\/i0.wp.com\/aiim.fr\/wp-content\/uploads\/2023\/10\/Grand-debat-avec-des-maires-de-Normandie-2.jpg?ssl=1\" alt=\"\" data-height=\"426\" data-id=\"1738\" data-link=\"https:\/\/aiim.fr\/?attachment_id=1738\" data-url=\"https:\/\/aiim.fr\/wp-content\/uploads\/2023\/10\/Grand-debat-avec-des-maires-de-Normandie-2.jpg\" data-width=\"640\" data-amp-layout=\"responsive\" aria-label=\"Ouvrir l\u2019image 2 sur 4 en plein \u00e9cran\" \/><\/figure>\n<figure class=\"tiled-gallery__item\"><img decoding=\"async\" role=\"button\" src=\"https:\/\/i2.wp.com\/aiim.fr\/wp-content\/uploads\/2023\/10\/Conference-de-presse-Grand-debat-3.png?ssl=1\" alt=\"\" data-height=\"318\" data-id=\"1739\" data-link=\"https:\/\/aiim.fr\/?attachment_id=1739\" data-url=\"https:\/\/aiim.fr\/wp-content\/uploads\/2023\/10\/Conference-de-presse-Grand-debat-3.png\" data-width=\"479\" data-amp-layout=\"responsive\" aria-label=\"Ouvrir l\u2019image 3 sur 4 en plein \u00e9cran\" \/><\/figure>\n<\/div>\n<div class=\"tiled-gallery__col\" style=\"flex-basis: 65.80414%\">\n<figure class=\"tiled-gallery__item\"><img decoding=\"async\" role=\"button\" src=\"https:\/\/i0.wp.com\/aiim.fr\/wp-content\/uploads\/2023\/10\/doleances4-peuple-ancien-regime-3.jpg?ssl=1\" alt=\"\" data-height=\"480\" data-id=\"1737\" data-link=\"https:\/\/aiim.fr\/?attachment_id=1737\" data-url=\"https:\/\/aiim.fr\/wp-content\/uploads\/2023\/10\/doleances4-peuple-ancien-regime-3.jpg\" data-width=\"450\" data-amp-layout=\"responsive\" aria-label=\"Ouvrir l\u2019image 4 sur 4 en plein \u00e9cran\" \/><\/figure>\n<\/div>\n<\/div>\n<\/div>\n<\/div>\n<\/div>\n\n\n\n<p style=\"font-size:11px\">De haut en bas et de gauche \u00e0 droite : \u00ab\u00a0\u00c7a n&rsquo;durra pas toujours\u00a0\u00bb Gravure anonyme, 1789, Paris, BnF, Gallica \/ Grand d\u00e9bat avec des maires de Normandie \/ Conf\u00e9rence de presse Grand d\u00e9bat, 15 avril 2019, salle des f\u00eate de l&rsquo;\u00c9lis\u00e9e \/ Le Peuple sous l&rsquo;Ancien R\u00e9gime, Paris, BnF, Gallica <\/p>\n\n\n\n<h2 class=\"wp-block-heading\" style=\"font-size:20px\">Le document d&rsquo;archive : un statut et le respect qu&rsquo;on lui doit<\/h2>\n\n\n\n<p><em>Le statut qu&rsquo;on doit reconna\u00eetre aux Cahiers est primordial. Il d\u00e9termine le traitement et l&rsquo;usage qui doit et peut en \u00eatre fait. <\/em><em>Marie-Anne Chabin, <\/em><em>archiviste, \u00e9crivain, professeur \u00e0 Paris 8 le pr\u00e9cise clairement&nbsp;<\/em><em>: <\/em><em>\u00ab&nbsp;les cahiers de dol\u00e9ances sont des documents d\u2019archives d\u00e8s leur cr\u00e9ation&nbsp;\u00bb. <\/em><em>D\u00e8s lors, obligation \u00e9tait faite au gouvernement qui les a centralis\u00e9s <\/em><em>de respecter \u00e0 leur \u00e9gard les r\u00e8gles relevant du Code du patrimoine (notamment \u00ab&nbsp;assurer la s\u00e9curit\u00e9 des documents, le respect de l&rsquo;unit\u00e9 des fonds et de leur structure organique, la qualit\u00e9 scientifique et technique des instruments de recherche, la compatibilit\u00e9 des syst\u00e8mes de traitement et la mise en valeur du patrimoine archivistique&nbsp;\u00bb Article R212-3).<\/em><\/p>\n\n\n\n<p><em>Premier manquement <\/em><em>grave <\/em><em>\u00e0 cette obligation, constat\u00e9 par Marie-Anne Chabin&nbsp;: <\/em><em>\u00ab&nbsp;la comp\u00e9tence archivistique a \u00e9t\u00e9 totalement absente de cette op\u00e9ration sauf pour r\u00e9cup\u00e9rer le mat\u00e9riel apr\u00e8s la bataille&nbsp;\u00bb. <\/em><em>La \u00ab&nbsp;bataille&nbsp;\u00bb, c&rsquo;est \u00e0 dire l&rsquo;acheminement <\/em><em>chaotique <\/em><em>de ces Cahiers <\/em><em>par des \u00ab&nbsp;prestataires divers et vari\u00e9s&nbsp;\u00bb<\/em><em>, les exclusions et rat\u00e9s des op\u00e9rations de num\u00e9risation <\/em><em>(pour lesquelles ils ont \u00e9t\u00e9 parfois \u00ab&nbsp;d\u00e9membr\u00e9s, d\u00e9reli\u00e9s ou d\u00e9coup\u00e9s&nbsp;\u00bb)<\/em><em>, <\/em><em>les pertes pures et simples, <\/em><em>les exclusions pour arriv\u00e9es hors d\u00e9lai,<\/em><em> <\/em><em>les scan<\/em><em>s<\/em><em> et transcriptions incomplets, les mises au rebut faute d&rsquo;entrer dans les th\u00e9matiques <\/em><em>choisies pour le<\/em><em> traitement algorithmique des \u00ab&nbsp;id\u00e9es&nbsp;\u00bb <\/em><em>exprim\u00e9es <\/em><em>(comme \u00ab&nbsp;les opinions sur la situation sans revendication sp\u00e9cifique, la d\u00e9nonciation du m\u00e9pris, les t\u00e9moignages de vie, les espoirs et surtout les craintes&#8230;). La liste est longue. <\/em><em>Marie-Anne Chabin <\/em><em>estime <\/em><strong>que 30 \u00e0 40% du contenu d\u2019information des cahiers ont \u00e9t\u00e9 pass\u00e9s \u00e0 la trappe<\/strong><em>. \u00ab&nbsp;<\/em><strong>les cahiers, dit-elle ont \u00e9t\u00e9 trait\u00e9s avec bien peu de consid\u00e9ration, pour ne pas dire avec m\u00e9pris<\/strong><em>.&nbsp;\u00bb Ce m\u00eame m\u00e9pris, du reste, <\/em><em>avec lequel<\/em><em> le pr\u00e9sident Macron, son gouvernement et la majorit\u00e9 des m\u00e9dias <\/em><em>ont trait\u00e9 <\/em><em>le Mouvement des gilets jaunes. <\/em><em>Rien donc, finalement, de bien \u00e9tonnant dans ce constat de maltraitance.<\/em><\/p>\n\n\n\n<h2 class=\"wp-block-heading\" style=\"font-size:20px\">Clarifications<\/h2>\n\n\n\n<p><em>Premi\u00e8re mise au point&nbsp;: l<\/em><em>es Gilets jaunes, m\u00eame s&rsquo;il <\/em><em>s&rsquo;<\/em><em>y <\/em><em>s<\/em><em>ont <\/em><em>montr\u00e9s<\/em><em> majoritaires, n<\/em><em>e<\/em><em> sont pas les seuls contributeurs <\/em><em>des Cahiers<\/em><em>.<\/em><\/p>\n\n\n\n<p><em>Seconde mise au point&nbsp;: <\/em><em>Contrairement \u00e0 ce qu&rsquo;on a pu lire ici ou l\u00e0, <\/em><em>les Cahiers ne sont pas une initiative du gouvernement. <\/em><em>Ils ne sont pas non plus celle du Mouvement des gilets jaunes, <\/em><em>bien qu<\/em><em>e celui-ci<\/em><em> ait <\/em><em>cr\u00e9\u00e9 les conditions de leur apparition<\/em><em>. <\/em><em>L<\/em><em>&lsquo;initiative, <\/em><em>e<\/em><em>n r\u00e9alit\u00e9,<\/em><em> revient<\/em><em> <\/em><em>\u00e0<\/em><em> l&rsquo;Association <\/em><em>des maires <\/em><em>ruraux <\/em><em>de France <\/em><em>qui a lanc\u00e9 l&rsquo;op\u00e9ration \u00ab&nbsp;mairie ouverte&nbsp;\u00bb<\/em><em>, <\/em><em>relay\u00e9e par l&rsquo;Association des maires de France.<\/em><\/p>\n\n\n\n<p><em>Les confusions de ce genre fleurissent en p\u00e9riode de crise, ne manquent pas d&rsquo;\u00eatre exploit\u00e9es et finissent par obscurcir le jugement. <\/em><em>Au vu du m\u00e9pris \u00e9voqu\u00e9 plus haut, il faudrait \u00eatre d&rsquo;une na\u00efvet\u00e9 <\/em><em>infantile<\/em><em> pour voir dans le Grand d\u00e9bat <\/em><em>national <\/em><em>initi\u00e9 par E. Macron <\/em><em>(au prix de <\/em><em>douze<\/em><em> millions d&rsquo;euros), <\/em><em>autre chose qu<\/em><em>&lsquo;<\/em><em>un contre-feu <\/em><em>devant<\/em><em> <\/em><em>la pression grandissante des revendications <\/em><em>et des exigences port\u00e9es par<\/em><em> <\/em><em>le<\/em><em> <\/em><em>Mouvement des gilets jaunes <\/em><em>(<\/em><em>mouvement <\/em><em>franchement hostile \u00e0 <\/em><em>sa personne et <\/em><em>sa politique, <\/em><em>pl\u00e9biscit\u00e9 <\/em><em>qui plus est <\/em><em>par une large majorit\u00e9 de la population<\/em><em>)<\/em><em>. <\/em><em>Un nouveau pas est franchi dans le confusionnisme avec l<\/em><em>&lsquo;introduction <\/em><em>par <\/em><em>E. Macron <\/em><em>d<\/em><em>es <\/em><em>C<\/em><em>ahiers citoyens et d\u2019expression libre <\/em><em>venus, <\/em><em>sans <\/em><em>m\u00eame les mentionner<\/em><em>, <\/em><em>se superposer aux <\/em><em>Cahiers <\/em><em>de dol\u00e9ances <\/em><em>pr\u00e9existants, <\/em><em>ph\u00e9nom\u00e8ne spontan\u00e9<\/em><em> <\/em><em>quant \u00e0 lu<\/em><em>i, <\/em><em>inattendu <\/em><em>et<\/em><em> sans doute unique au monde <\/em><em>par son ampleur.<\/em><\/p>\n\n\n\n<p><em>Sauf, <\/em><em>de nouveau, \u00e0 \u00eatre d&rsquo;une na\u00efvet\u00e9 infantile, il est impossible de ne pas voir dans ces man\u0153uvres pr\u00e9sidentielles autre chose <\/em><em>qu&rsquo;une volont\u00e9 de r\u00e9duction et d&rsquo;extinction d&rsquo;une fi\u00e8vre sociale dans un cadre de son invention&nbsp;; <\/em><em>autre chose <\/em><em>que la concentration dans sa personne de <\/em><em>tout droit de <\/em><em>r\u00e9ponse<\/em><em>, comme s&rsquo;il \u00e9tait \u00e0 la fois l&rsquo;unique repr\u00e9sentant du peuple et l&rsquo;unique destinataire des contributions de ces Cahiers. <\/em><em>Comme si cette mobilisation o\u00f9 se revendiquait jusqu&rsquo;au droit de vivre <\/em><em>dev<\/em><em>ait se satisfaire de mots et d<\/em><em>&lsquo;une<\/em><em> \u00e9ni\u00e8me <\/em><em>salve de<\/em><em> promesses. <\/em><em>Cet exercice th\u00e9\u00e2tralis\u00e9 tournant le plus souvent au monologue n&rsquo;a <\/em><em>cherch\u00e9<\/em><em> <\/em><em>qu<\/em><em>&lsquo;\u00e0<\/em><em> <\/em><em>d\u00e9<\/em><em>tourner pour l<\/em><em>e st\u00e9riliser<\/em><em> le besoin de dialogue entre citoyens <\/em><em>et d&rsquo;\u00e9coute de la part de leurs \u00e9lus <\/em><em>(dans un contexte d\u00e9j\u00e0 ancien de crise de la repr\u00e9sentation)<\/em><em>. En fin de compte, il<\/em><em> n&rsquo;a fait <\/em><em>qu&rsquo;<\/em><em>accuser encore<\/em><em> le d\u00e9s\u00e9quilibre des pouvoirs d&rsquo;expression <\/em><em>et d&rsquo;action \u00e0 l&rsquo;int\u00e9rieur de l&rsquo;\u00c9tat et entre l&rsquo;\u00c9tat et les citoyen<\/em><em>s<\/em><em>. Il a aussi <\/em><em>r\u00e9v\u00e9l\u00e9 la <\/em><em>vanit\u00e9<\/em><em> des dispositifs dits de participation citoyenne dont ne tirent b\u00e9n\u00e9fice <\/em><em>en gros <\/em><em>que des association<\/em><em>s<\/em><em> ou des soci\u00e9t\u00e9s de conseil, des \u00e9lus et des entreprises <\/em><em>en qu\u00eate d&rsquo;acc\u00e8s aux march\u00e9s publics<\/em><em>.<\/em><\/p>\n\n\n\n<h2 class=\"wp-block-heading\" style=\"font-size:20px\">Ce que r\u00e9v\u00e8lent les Cahiers<\/h2>\n\n\n\n<p><em>Les Cahiers ont <\/em><em>au moins <\/em><em>r\u00e9v\u00e9l\u00e9 cette chose \u00e9tonnante&nbsp;: les gens, <\/em><em>qui \u00e9taient cens\u00e9s n&rsquo;\u00eatre rien, <\/em><em>les petites gens, les citoyens ordinaires pensent, jugent, savent lire et \u00e9crire, et les mots de d\u00e9mocratie et de r\u00e9publique \u00e9voquent chez eux autre chose que des \u00e9<\/em><em>l\u00e9ments<\/em><em> de langage creux et insinc\u00e8res. Pire, <\/em><em>ils ont r\u00e9ussi \u00e0 incarner de multiples fa\u00e7on<\/em><em>s<\/em><em> la fraternit\u00e9 dont la R\u00e9publique n&rsquo;a jamais su que faire \u00e0 <\/em><em>part l&rsquo;inscrire sur des frontons ou ses ent\u00eate<\/em><em>s<\/em><em>&nbsp;; <\/em><em>ils ont des id\u00e9es pour un monde plus juste, des id\u00e9es <\/em><em>de r\u00e9formes <\/em><em>pratiques et applicables sans d\u00e9lai, <\/em><em>des revendications constitutionnelles fond\u00e9es (telles que le R.I.C., le passage \u00e0 une sixi\u00e8me R\u00e9publique ou la prise en compte des votes blancs).<\/em><\/p>\n\n\n\n<p><em>Les interlocuteurs privil\u00e9gi\u00e9s du super-repr\u00e9sentant qu&rsquo;a voulu <\/em><em>personnifier<\/em><em> E. Macron ne sont pas \u00ab&nbsp;<\/em><em>son&nbsp;\u00bb parti, <\/em><em>\u00ab&nbsp;<\/em><em>son&nbsp;\u00bb gouvernement ni <\/em><em>m\u00eame l&rsquo;Assembl\u00e9e, <\/em><em>encore moins <\/em><em>le peuple mais \u00e0 l&rsquo;\u00e9vidence les cabinets de conseil, <\/em><em>grassement r\u00e9mun\u00e9r\u00e9s sur les deniers publics,<\/em><em> <\/em><em>dont certains ont eu la charge d&rsquo;exploiter <\/em><em>la masse de donn\u00e9es tir\u00e9es des Cahiers &#8211; avant de recevoir l&rsquo;ordre gouvernemental de les \u00e9liminer de leurs serveurs (ordre intervenu apr\u00e8s l&rsquo;incendie de Notre-Dame, \u00e9v\u00e9nement dans lequel s&rsquo;est an\u00e9antie la promesse d&rsquo;E. Macron de leur donner suite). <\/em><em>S&rsquo;ils sont ressortis de la voie de garage o\u00f9 ils avaient abouti, \u00ab&nbsp;<\/em><em>enterr\u00e9s&nbsp;\u00bb avec <\/em><em>la <\/em><em>fameuse et <\/em><em>co\u00fbteuse Mission du Grand d\u00e9bat, c&rsquo;est gr\u00e2ce \u00e0 la t\u00e9nacit\u00e9 du maire d&rsquo;une petite commune, Fabrice Dalongeville, relay\u00e9 par la d\u00e9put\u00e9e Marie Pochon. <\/em><em>S&rsquo;en est suivi en janvier de cette ann\u00e9e, soit cinq ans apr\u00e8s les faits, une proposition de r\u00e9solution relative \u00e0 la publicisation de<\/em><em>s<\/em><em> dol\u00e9ances. <\/em><em>Sa discussion, programm\u00e9e pour l&rsquo;\u00e9t\u00e9 dernier, a fini sur une nouvelle voie de garage <\/em><em>par l&rsquo;effet brutal de la dissolution de l&rsquo;Assembl\u00e9e nationale <\/em><em>d\u00e9cr\u00e9t\u00e9e par E. Macron<\/em><em>.<\/em><\/p>\n\n\n\n<p><em>Mais q<\/em><em>ui \u00e9taient les destinataires des Cahiers&nbsp;? Tous les d\u00e9tenteurs du pouvoir politique. <\/em><em>Et v<\/em><em>isiblement, personne parmi ceux-ci n&rsquo;a <\/em><em>manifest\u00e9<\/em><em> l&rsquo;intention ferme d&rsquo;exploiter ce mat\u00e9riau pourtant fonci\u00e8rement d\u00e9mocratique. <\/em><em>Faute d&rsquo;int\u00e9r\u00eat&nbsp;? Ce serait en ce cas \u00e0 s&rsquo;interroger sur la conception qu&rsquo;ils se font de la fonction qu&rsquo;ils occupent. Faute de temps&nbsp;? Ce<\/em><em>la<\/em><em> nous ram\u00e8nerait \u00e0 la marche forc\u00e9e avec laquelle toute la soci\u00e9t\u00e9 est amen\u00e9e <\/em><em>(pr\u00e9tendument <\/em><em>sans solution alternative <\/em><em>mais sans possibilit\u00e9 non plus d&rsquo;\u00eatre entendue<\/em><em>)<\/em><em> \u00e0 s&rsquo;adapter \u00e0 la loi d<\/em><em>&lsquo;un<\/em><em> grand march\u00e9 mondialis\u00e9. <\/em><em>L&rsquo;urgence permanente, <\/em><em>qui en est l&rsquo;\u00e9manation,<\/em><em> justifie<\/em><em>rait<\/em><em> tout, sauf la n\u00e9cessit\u00e9 de sa propre existence.<\/em><\/p>\n\n\n\n<p><em>Potentiellement riches d&rsquo;enseignements, l<\/em><em>es Cahiers sont d&rsquo;ors et d\u00e9j\u00e0 un objet d&rsquo;\u00e9tude <\/em><em>pour<\/em><em> <\/em><em>l&rsquo;<\/em><em>historien <\/em><em>et le<\/em><em> sociologue. <\/em><em>Mais ils interpellent tout autant le simple citoyen&nbsp;; apr\u00e8s tout, les contributeurs ne repr\u00e9sentent-ils pas ses pairs, en quelque sorte&nbsp;?<\/em><em> <\/em><em>Dans la mesure o\u00f9 ces Cahiers sont indissociables du Mouvement des gilets jaunes, sympt\u00f4me d&rsquo;une grave crise d\u00e9mocratique de nos \u00ab&nbsp;d\u00e9mocraties&nbsp;\u00bb, <\/em><em>on ne pourra \u00e9viter d&rsquo;y voir l&rsquo;une des cons\u00e9quences majeures de la confiscation du politique au profit des partis et des partenaires sociaux, <\/em><em>en m\u00eame temps qu&rsquo;<\/em><em>un d\u00e9but <\/em><em>apparent <\/em><em>de re-politisation de la soci\u00e9t\u00e9 civile.<\/em><\/p>\n\n\n\n<h2 class=\"wp-block-heading\" style=\"font-size:20px\">Les dol\u00e9ances, un b\u00e9gaiement de l&rsquo;Histoire ?<\/h2>\n\n\n\n<p><em>Les Cahiers de dol\u00e9ances nous ram\u00e8nent tristement \u00e0 leurs homologues pr\u00e9sent\u00e9s lors des \u00e9tats g\u00e9n\u00e9raux de 1789. Dans l&rsquo;une des contributions cit\u00e9es dans le documentaire Les dol\u00e9ances, il est \u00e9crit en substance, en forme d&rsquo;avertissement&nbsp;: Nous sommes le sol sur lequel vous marchez. Si nous nous effondrons, vous tombez avec nous&#8230; Deux si\u00e8cles et demi se sont \u00e9coul\u00e9s et ce b\u00e9gaiement de l&rsquo;Histoire aura du mal \u00e0 appara\u00eetre comme la marque d&rsquo;un progr\u00e8s. Elle sera plut\u00f4t celle de la permanence de forces anti-d\u00e9mocratiques attel\u00e9es \u00e0 la conqu\u00eate du pouvoir.<\/em><\/p>\n\n\n\n<p><em>\u00ab&nbsp;Le progr\u00e8s de l&rsquo;homme, disait Aldous Huxley, est venu de sa capacit\u00e9 d&rsquo;organisation sociale. (\u2026) ce n&rsquo;est que lorsque la soci\u00e9t\u00e9 a att\u00e9nu\u00e9 et, en grande partie, aboli la lutte pour l&rsquo;existence personnelle, que l&rsquo;homme de valeur peut donner toute sa mesure. Et ce n&rsquo;est que dans une soci\u00e9t\u00e9 bien organis\u00e9e que les fruits de son travail peuvent \u00eatre sauv\u00e9s, pour l&rsquo;enrichissement des g\u00e9n\u00e9rations futures.&nbsp;\u00bb Tour du monde d&rsquo;un sceptique, 1926.<\/em><\/p>\n\n\n\n<p><em>AIIM, octobre 2024<\/em><\/p>\n\n\n\n<ul class=\"wp-block-list\">\n<li><strong>P<\/strong>our aller plus loin :<\/li>\n<\/ul>\n\n\n\n<div class=\"wp-block-file\"><a id=\"wp-block-file--media-1b1f13e3-8b8b-408b-85c2-88818f0c2899\" href=\"https:\/\/aiim.fr\/wp-content\/uploads\/2023\/10\/Qui-a-ecrit-dans-les-cahiers-de-doleances-Le-blog-de-Marie-Anne-Chabin-11-2020.pdf\">Qui a e\u0301crit dans les cahiers de dole\u0301ances (Le blog de Marie-Anne Chabin 11-2020)<\/a><a href=\"https:\/\/aiim.fr\/wp-content\/uploads\/2023\/10\/Qui-a-ecrit-dans-les-cahiers-de-doleances-Le-blog-de-Marie-Anne-Chabin-11-2020.pdf\" class=\"wp-block-file__button wp-element-button\" download aria-describedby=\"wp-block-file--media-1b1f13e3-8b8b-408b-85c2-88818f0c2899\"><mark style=\"background-color:rgba(0, 0, 0, 0)\" class=\"has-inline-color has-white-color\">T\u00e9l\u00e9charger<\/mark><\/a><\/div>\n\n\n\n<div class=\"wp-block-file\"><a id=\"wp-block-file--media-c69804bd-ce72-4a34-b12c-01eab2371307\" href=\"https:\/\/aiim.fr\/wp-content\/uploads\/2023\/10\/Cahiers-de-doleances-Rendre-public-publier-ou-publiciser\u2026-Le-blog-de-Marie-Anne-Chabin-09-2024.pdf\">Cahiers de dole\u0301ances &#8211; Rendre public, publier ou publiciser\u2026 (Le blog de Marie-Anne Chabin 09-2024)<\/a><a href=\"https:\/\/aiim.fr\/wp-content\/uploads\/2023\/10\/Cahiers-de-doleances-Rendre-public-publier-ou-publiciser\u2026-Le-blog-de-Marie-Anne-Chabin-09-2024.pdf\" class=\"wp-block-file__button wp-element-button\" download aria-describedby=\"wp-block-file--media-c69804bd-ce72-4a34-b12c-01eab2371307\"><mark style=\"background-color:rgba(0, 0, 0, 0)\" class=\"has-inline-color has-white-color\">T\u00e9l\u00e9charger<\/mark><\/a><\/div>\n\n\n\n<div class=\"wp-block-file\"><a id=\"wp-block-file--media-274f1765-34a9-41ab-8257-49c470c2686e\" href=\"https:\/\/aiim.fr\/wp-content\/uploads\/2023\/10\/Mise-en-ligne-des-cahiers-de-doleances-2019-Le-blog-de-Marie-Anne-Chabin-02-2024.pdf\">Mise en ligne des cahiers de dole\u0301ances 2019 (Le blog de Marie-Anne Chabin 02-2024)<\/a><a href=\"https:\/\/aiim.fr\/wp-content\/uploads\/2023\/10\/Mise-en-ligne-des-cahiers-de-doleances-2019-Le-blog-de-Marie-Anne-Chabin-02-2024.pdf\" class=\"wp-block-file__button wp-element-button\" download aria-describedby=\"wp-block-file--media-274f1765-34a9-41ab-8257-49c470c2686e\"><mark style=\"background-color:rgba(0, 0, 0, 0)\" class=\"has-inline-color has-white-color\">T\u00e9l\u00e9charger<\/mark><\/a><\/div>\n\n\n\n<div class=\"wp-block-file\"><a id=\"wp-block-file--media-b3e4f87d-b7ce-4546-95a4-0c763c3add82\" href=\"https:\/\/aiim.fr\/wp-content\/uploads\/2023\/10\/100000-mots-de-doleances-de-revendications-danalyse-et-de-propositions-Le-blog-de-Marie-Anne-Chabin-04-2024.pdf\">100000 mots de dole\u0301ances, de revendications, d&rsquo;analyse et de propositions (Le blog de Marie-Anne Chabin 04-2024)<\/a><a href=\"https:\/\/aiim.fr\/wp-content\/uploads\/2023\/10\/100000-mots-de-doleances-de-revendications-danalyse-et-de-propositions-Le-blog-de-Marie-Anne-Chabin-04-2024.pdf\" class=\"wp-block-file__button wp-element-button\" download aria-describedby=\"wp-block-file--media-b3e4f87d-b7ce-4546-95a4-0c763c3add82\"><mark style=\"background-color:rgba(0, 0, 0, 0)\" class=\"has-inline-color has-white-color\">T\u00e9l\u00e9charger<\/mark><\/a><\/div>\n\n\n\n<div class=\"wp-block-file\"><a id=\"wp-block-file--media-6077a342-dec5-42a1-ae9f-44bb5ea00062\" href=\"https:\/\/aiim.fr\/wp-content\/uploads\/2023\/10\/Les-vilains-petits-cahiers-de-doleances-Le-blog-de-Marie-Anne-Chabin-04-2024.pdf\">Les vilains petits cahiers de dole\u0301ances (Le blog de Marie-Anne Chabin 04-2024)<\/a><a href=\"https:\/\/aiim.fr\/wp-content\/uploads\/2023\/10\/Les-vilains-petits-cahiers-de-doleances-Le-blog-de-Marie-Anne-Chabin-04-2024.pdf\" class=\"wp-block-file__button wp-element-button\" download aria-describedby=\"wp-block-file--media-6077a342-dec5-42a1-ae9f-44bb5ea00062\"><mark style=\"background-color:rgba(0, 0, 0, 0)\" class=\"has-inline-color has-white-color\">T\u00e9l\u00e9charger<\/mark><\/a><\/div>\n\n\n\n<div class=\"wp-block-file\"><a id=\"wp-block-file--media-a51e9a76-c777-4c31-821b-63144fb40a56\" href=\"https:\/\/aiim.fr\/wp-content\/uploads\/2023\/10\/A-propos-des-votes-blancs-Le-blog-de-Marie-Anne-Chabin-07-2024.pdf\">A\u0300 propos des votes blancs (Le blog de Marie-Anne Chabin 07-2024)<\/a><a href=\"https:\/\/aiim.fr\/wp-content\/uploads\/2023\/10\/A-propos-des-votes-blancs-Le-blog-de-Marie-Anne-Chabin-07-2024.pdf\" class=\"wp-block-file__button wp-element-button\" download aria-describedby=\"wp-block-file--media-a51e9a76-c777-4c31-821b-63144fb40a56\"><mark style=\"background-color:rgba(0, 0, 0, 0)\" class=\"has-inline-color has-white-color\">T\u00e9l\u00e9charger<\/mark><\/a><\/div>\n\n\n\n<div class=\"wp-block-file\"><a id=\"wp-block-file--media-7ef0ab59-43ee-4f17-a67b-976245cc4991\" href=\"https:\/\/aiim.fr\/wp-content\/uploads\/2023\/10\/Gilets-jaunes-_-que-sont-devenus-les-cahiers-de-doleances-La-croix-01-2024.pdf\">Gilets jaunes _ que sont devenus les cahiers de dole\u0301ances (La croix 01-2024)<\/a><a href=\"https:\/\/aiim.fr\/wp-content\/uploads\/2023\/10\/Gilets-jaunes-_-que-sont-devenus-les-cahiers-de-doleances-La-croix-01-2024.pdf\" class=\"wp-block-file__button wp-element-button\" download aria-describedby=\"wp-block-file--media-7ef0ab59-43ee-4f17-a67b-976245cc4991\"><mark style=\"background-color:rgba(0, 0, 0, 0)\" class=\"has-inline-color has-white-color\">T\u00e9l\u00e9charger<\/mark><\/a><\/div>\n\n\n\n<div class=\"wp-block-file\"><a id=\"wp-block-file--media-db936def-fc45-44ea-9fc2-b91fb6b555cc\" href=\"https:\/\/aiim.fr\/wp-content\/uploads\/2023\/10\/Gilets-jaunes-les-cahiers-de-doleances-Gironde-Sud-Ouest-04-2023.pdf\">Gilets jaunes les cahiers de dole\u0301ances Gironde (Sud Ouest 04-2023)<\/a><a href=\"https:\/\/aiim.fr\/wp-content\/uploads\/2023\/10\/Gilets-jaunes-les-cahiers-de-doleances-Gironde-Sud-Ouest-04-2023.pdf\" class=\"wp-block-file__button wp-element-button\" download aria-describedby=\"wp-block-file--media-db936def-fc45-44ea-9fc2-b91fb6b555cc\"><mark style=\"background-color:rgba(0, 0, 0, 0)\" class=\"has-inline-color has-white-color\">T\u00e9l\u00e9charger<\/mark><\/a><\/div>\n\n\n\n<div class=\"wp-block-file\"><a id=\"wp-block-file--media-fdc3ff8f-bf1d-43c7-8c28-32518992cdb0\" href=\"https:\/\/aiim.fr\/wp-content\/uploads\/2023\/10\/Vu-de-Suisse.-Ce-que-le-grand-debat-ne-doit-pas-rater-Courrier-International-01-2019.pdf\">Vu de Suisse. Ce que le \u201cgrand de\u0301bat\u201d ne doit pas rater (Courrier International 01-2019)<\/a><a href=\"https:\/\/aiim.fr\/wp-content\/uploads\/2023\/10\/Vu-de-Suisse.-Ce-que-le-grand-debat-ne-doit-pas-rater-Courrier-International-01-2019.pdf\" class=\"wp-block-file__button wp-element-button\" download aria-describedby=\"wp-block-file--media-fdc3ff8f-bf1d-43c7-8c28-32518992cdb0\"><mark style=\"background-color:rgba(0, 0, 0, 0)\" class=\"has-inline-color has-white-color\">T\u00e9l\u00e9charger<\/mark><\/a><\/div>\n\n\n\n<div class=\"wp-block-file\"><a id=\"wp-block-file--media-fdb93455-74c4-42e4-9d77-dc4f7b8c5f9a\" href=\"https:\/\/aiim.fr\/wp-content\/uploads\/2023\/10\/Liens-associes-et-plus.pdf\">Liens associe\u0301s et plus<\/a><a href=\"https:\/\/aiim.fr\/wp-content\/uploads\/2023\/10\/Liens-associes-et-plus.pdf\" class=\"wp-block-file__button wp-element-button\" download aria-describedby=\"wp-block-file--media-fdb93455-74c4-42e4-9d77-dc4f7b8c5f9a\"><mark style=\"background-color:rgba(0, 0, 0, 0)\" class=\"has-inline-color has-white-color\">T\u00e9l\u00e9charger<\/mark><\/a><\/div>\n\n\n\n<div class=\"wp-block-file\"><a id=\"wp-block-file--media-df96a2ed-9cf6-4750-9c34-742f9025b605\" href=\"https:\/\/aiim.fr\/wp-content\/uploads\/2023\/10\/Proposition-resolution-AN-01-2024.pdf\">Proposition-resolution AN 01-2024<\/a><a href=\"https:\/\/aiim.fr\/wp-content\/uploads\/2023\/10\/Proposition-resolution-AN-01-2024.pdf\" class=\"wp-block-file__button wp-element-button\" download aria-describedby=\"wp-block-file--media-df96a2ed-9cf6-4750-9c34-742f9025b605\"><mark style=\"background-color:rgba(0, 0, 0, 0)\" class=\"has-inline-color has-white-color\">T\u00e9l\u00e9charger<\/mark><\/a><\/div>\n<\/div><\/div>\n<\/div><\/div>\n<\/div><\/div>\n<\/div><\/div>\n\n\n\n<div class=\"wp-block-cover is-light wp-duotone-unset-3\"><img decoding=\"async\" width=\"890\" height=\"1200\" class=\"wp-block-cover__image-background wp-image-1084\" alt=\"Fond ecran Aiim\" src=\"https:\/\/aiim.fr\/wp-content\/uploads\/2022\/11\/base-affiche.png\" style=\"object-position:42% 46%\" data-object-fit=\"cover\" data-object-position=\"42% 46%\" srcset=\"https:\/\/aiim.fr\/wp-content\/uploads\/2022\/11\/base-affiche.png 890w, https:\/\/aiim.fr\/wp-content\/uploads\/2022\/11\/base-affiche-223x300.png 223w, https:\/\/aiim.fr\/wp-content\/uploads\/2022\/11\/base-affiche-759x1024.png 759w, https:\/\/aiim.fr\/wp-content\/uploads\/2022\/11\/base-affiche-768x1036.png 768w\" sizes=\"(max-width: 890px) 100vw, 890px\" \/><span aria-hidden=\"true\" class=\"wp-block-cover__background has-background-dim-20 has-background-dim\"><\/span><div class=\"wp-block-cover__inner-container is-layout-flow wp-block-cover-is-layout-flow\">\n<div class=\"wp-block-group\"><div class=\"wp-block-group__inner-container is-layout-constrained wp-block-group-is-layout-constrained\">\n<div class=\"wp-block-group is-vertical is-layout-flex wp-container-core-group-is-layout-8cf370e7 wp-block-group-is-layout-flex\">\n<h2 class=\"wp-block-heading\" style=\"font-size:24px\">Les l\u00e9gislatives &#8211; La repr\u00e9sentation<\/h2>\n\n\n\n<figure class=\"wp-block-gallery has-nested-images columns-default is-cropped wp-block-gallery-2 is-layout-flex wp-block-gallery-is-layout-flex\">\n<figure class=\"wp-block-image size-large\"><img decoding=\"async\" width=\"476\" height=\"252\" data-id=\"1636\" src=\"https:\/\/aiim.fr\/wp-content\/uploads\/2024\/03\/AN-2-1.png\" alt=\"\" class=\"wp-image-1636\" srcset=\"https:\/\/aiim.fr\/wp-content\/uploads\/2024\/03\/AN-2-1.png 476w, https:\/\/aiim.fr\/wp-content\/uploads\/2024\/03\/AN-2-1-300x159.png 300w\" sizes=\"(max-width: 476px) 100vw, 476px\" \/><figcaption class=\"wp-element-caption\"><strong>Assembl\u00e9e nationale<\/strong><\/figcaption><\/figure>\n\n\n\n<figure class=\"wp-block-image size-large\"><img loading=\"lazy\" decoding=\"async\" width=\"477\" height=\"267\" data-id=\"1638\" src=\"https:\/\/aiim.fr\/wp-content\/uploads\/2024\/03\/AN-1.png\" alt=\"\" class=\"wp-image-1638\" srcset=\"https:\/\/aiim.fr\/wp-content\/uploads\/2024\/03\/AN-1.png 477w, https:\/\/aiim.fr\/wp-content\/uploads\/2024\/03\/AN-1-300x168.png 300w\" sizes=\"(max-width: 477px) 100vw, 477px\" \/><figcaption class=\"wp-element-caption\"><strong>Assembl\u00e9e nationale<\/strong><\/figcaption><\/figure>\n\n\n\n<figure class=\"wp-block-image size-large\"><img loading=\"lazy\" decoding=\"async\" width=\"477\" height=\"319\" data-id=\"1637\" src=\"https:\/\/aiim.fr\/wp-content\/uploads\/2024\/03\/Senat-1.png\" alt=\"\" class=\"wp-image-1637\" srcset=\"https:\/\/aiim.fr\/wp-content\/uploads\/2024\/03\/Senat-1.png 477w, https:\/\/aiim.fr\/wp-content\/uploads\/2024\/03\/Senat-1-300x201.png 300w\" sizes=\"(max-width: 477px) 100vw, 477px\" \/><figcaption class=\"wp-element-caption\"><strong>S\u00e9nat<\/strong><\/figcaption><\/figure>\n<\/figure>\n\n\n\n<p><em>Le Parlement fran\u00e7ais est bicam\u00e9ral, c&rsquo;est \u00e0 dire compos\u00e9 de deux chambres, l\u2019Assembl\u00e9e nationale et le S\u00e9nat. La premi\u00e8re est \u00e9lue au suffrage universel direct, le second, \u00e9lu au suffrage universel indirect, repr\u00e9sentant les collectivit\u00e9s territoriales. <\/em><em>Le bicam\u00e9risme profite-t-il \u00e0 la d\u00e9mocratie&nbsp;? Ou bien davantage au gouvernement, du fait des rivalit\u00e9s qu&rsquo;entretiennent les deux chambres&nbsp;? La question reste ouverte.<\/em><\/p>\n\n\n\n<p><em>\u00ab&nbsp;Les p\u00e8res fondateurs de la Constitution de 1958 ont voulu ramener le <\/em><em>Parlement \u00e0 un rang secondaire dans les institutions et ils y sont parvenus durablement. Tant le dispositif constitutionnel (la Constitution et son interpr\u00e9tation) que les r\u00e8gles du jeu \u00e9lectoral (mode de scrutin et calendrier) ont veill\u00e9 \u00e0 ce que les chambres respectent la pr\u00e9s\u00e9ance du pouvoir pr\u00e9sidentiel. La pratique des acteurs parlementaires, tant dans l\u2019usage que ces derniers ont fait de leurs pouvoirs que dans leur incapacit\u00e9 \u00e0 utiliser les ressources du bicam\u00e9risme, a achev\u00e9 d\u2019ancrer cette subordination dans le long terme.&nbsp;\u00bb <\/em><em>Hugues Portelli, <\/em><em>SOIXANTE ANS DE SUBORDINATION PARLEMENTAIRE, Le Seuil, 2018<\/em><\/p>\n\n\n\n<p class=\"has-small-font-size\"><em>En 2022, le gouvernement a perdu le soutien d\u2019une majorit\u00e9 \u00e0 l&rsquo;Assembl\u00e9e. Une premi\u00e8re<\/em> <em>depuis 1962. Mais la Constitution de 1958 lui a donn\u00e9 des pouvoirs si \u00e9tendus qu&rsquo;en l&rsquo;absence d&rsquo;une coalition des oppositions, son action n&rsquo;en a pas pour autant \u00e9t\u00e9 r\u00e9duite &#8211; en t\u00e9moigne le passage en force, l&rsquo;ann\u00e9e suivante, de sa loi de r\u00e9forme des retraites.<\/em><\/p>\n\n\n\n<ul class=\"wp-block-list\">\n<li><strong>P<\/strong>our aller plus loin :<\/li>\n<\/ul>\n\n\n\n<div class=\"wp-block-file\"><a id=\"wp-block-file--media-dc5eb648-7340-4282-9e35-649c81904a3b\" href=\"https:\/\/aiim.fr\/wp-content\/uploads\/2022\/06\/Quest-ce-que-le-Tiers-e\u0301tat_-Sieyes-Editions-du-Boucher.pdf\">Qu&rsquo;est-ce que le Tiers e\u0301tat_ Sieyes (Editions du Boucher 2002)<\/a><a href=\"https:\/\/aiim.fr\/wp-content\/uploads\/2022\/06\/Quest-ce-que-le-Tiers-e\u0301tat_-Sieyes-Editions-du-Boucher.pdf\" class=\"wp-block-file__button wp-element-button\" download aria-describedby=\"wp-block-file--media-dc5eb648-7340-4282-9e35-649c81904a3b\"><mark style=\"background-color:rgba(0, 0, 0, 0)\" class=\"has-inline-color has-white-color\">T\u00e9l\u00e9charger<\/mark><\/a><\/div>\n\n\n\n<div class=\"wp-block-file\"><a id=\"wp-block-file--media-a16ebc85-9395-4cb2-861d-29a6a9119230\" href=\"https:\/\/aiim.fr\/wp-content\/uploads\/2023\/10\/LAssemblee-nationale-et-le-Senat-\u2013-Caracteres-generaux-du-Parlement-AN-2023-1.pdf\">L&rsquo;assembl\u00e9e-nationale-et-le-Senat-\u2013-Caracteres-generaux-du-Parlement-AN-2023-1<\/a><a href=\"https:\/\/aiim.fr\/wp-content\/uploads\/2023\/10\/LAssemblee-nationale-et-le-Senat-\u2013-Caracteres-generaux-du-Parlement-AN-2023-1.pdf\" class=\"wp-block-file__button wp-element-button\" download aria-describedby=\"wp-block-file--media-a16ebc85-9395-4cb2-861d-29a6a9119230\"><mark style=\"background-color:rgba(0, 0, 0, 0)\" class=\"has-inline-color has-white-color\">T\u00e9l\u00e9charger<\/mark><\/a><\/div>\n\n\n\n<div class=\"wp-block-file\"><a id=\"wp-block-file--media-94c89979-92bc-4e78-b878-a9ed292c45f8\" href=\"https:\/\/aiim.fr\/wp-content\/uploads\/2022\/06\/Soixante-ans-de-subordination-parlementaire-Cairn.Info_.pdf\">Soixante ans de subordination parlementaire (Le Seuil &#8211; Cairn 2018)<\/a><a href=\"https:\/\/aiim.fr\/wp-content\/uploads\/2022\/06\/Soixante-ans-de-subordination-parlementaire-Cairn.Info_.pdf\" class=\"wp-block-file__button wp-element-button\" download aria-describedby=\"wp-block-file--media-94c89979-92bc-4e78-b878-a9ed292c45f8\"><mark style=\"background-color:rgba(0, 0, 0, 0)\" class=\"has-inline-color has-white-color\">T\u00e9l\u00e9charger<\/mark><\/a><\/div>\n\n\n\n<div class=\"wp-block-file\"><a id=\"wp-block-file--media-265f0be4-a121-4298-8c33-425cfb3b3cb2\" href=\"https:\/\/aiim.fr\/wp-content\/uploads\/2022\/06\/Parlements-au-XVIIIe-sie\u0300cle-pour-une-autre-histoire-des.pdf\">Parlements au XVIIIe sie\u0300cle (pour une autre histoire des) (L&rsquo;Harmattan &#8211; Cairn 2011)<\/a><a href=\"https:\/\/aiim.fr\/wp-content\/uploads\/2022\/06\/Parlements-au-XVIIIe-sie\u0300cle-pour-une-autre-histoire-des.pdf\" class=\"wp-block-file__button wp-element-button\" download aria-describedby=\"wp-block-file--media-265f0be4-a121-4298-8c33-425cfb3b3cb2\"><mark style=\"background-color:rgba(0, 0, 0, 0)\" class=\"has-inline-color has-white-color\">T\u00e9l\u00e9charger<\/mark><\/a><\/div>\n\n\n\n<div class=\"wp-block-file\"><a id=\"wp-block-file--media-8a17ac14-8078-4c71-8f06-c8e004628048\" href=\"https:\/\/aiim.fr\/wp-content\/uploads\/2022\/06\/Le-de\u0301coupage-e\u0301lectoral-le-parlement-hors-jeu-_-Cairn.Info_.pdf\">Le de\u0301coupage e\u0301lectoral &#8211; le parlement hors-jeu (Le Seuil &#8211; Cairn 2013)<\/a><a href=\"https:\/\/aiim.fr\/wp-content\/uploads\/2022\/06\/Le-de\u0301coupage-e\u0301lectoral-le-parlement-hors-jeu-_-Cairn.Info_.pdf\" class=\"wp-block-file__button wp-element-button\" download aria-describedby=\"wp-block-file--media-8a17ac14-8078-4c71-8f06-c8e004628048\"><mark style=\"background-color:rgba(0, 0, 0, 0)\" class=\"has-inline-color has-white-color\">T\u00e9l\u00e9charger<\/mark><\/a><\/div>\n\n\n\n<div class=\"wp-block-file\"><a id=\"wp-block-file--media-9c12b5c8-94cf-4714-9fbb-38b278760f51\" href=\"https:\/\/aiim.fr\/wp-content\/uploads\/2022\/06\/Liens-utiles.pdf\">Liens utiles<\/a><a href=\"https:\/\/aiim.fr\/wp-content\/uploads\/2022\/06\/Liens-utiles.pdf\" class=\"wp-block-file__button wp-element-button\" download aria-describedby=\"wp-block-file--media-9c12b5c8-94cf-4714-9fbb-38b278760f51\"><mark style=\"background-color:rgba(0, 0, 0, 0)\" class=\"has-inline-color has-white-color\">T\u00e9l\u00e9charge<\/mark>r<\/a><\/div>\n\n\n\n<div class=\"wp-block-file\"><a id=\"wp-block-file--media-6d2c95d7-23cb-4513-b6c1-54bca9c9a984\" href=\"https:\/\/aiim.fr\/wp-content\/uploads\/2022\/06\/Abbe\u0301-Sie\u0300yes-Essai-sur-les-privile\u0300ges-1788-extraits.pdf\">Abbe\u0301 Sie\u0300yes &#8211; Essai sur les privile\u0300ges &#8211; 1788 (vie-politique.com 2019 extraits)<\/a><a href=\"https:\/\/aiim.fr\/wp-content\/uploads\/2022\/06\/Abbe\u0301-Sie\u0300yes-Essai-sur-les-privile\u0300ges-1788-extraits.pdf\" class=\"wp-block-file__button wp-element-button\" download aria-describedby=\"wp-block-file--media-6d2c95d7-23cb-4513-b6c1-54bca9c9a984\"><mark style=\"background-color:rgba(0, 0, 0, 0)\" class=\"has-inline-color has-white-color\">T\u00e9l\u00e9charger<\/mark><\/a><\/div>\n\n\n\n<div class=\"wp-block-file\"><a id=\"wp-block-file--media-b6b5d3d6-d5f3-49e9-a831-2d13b2dec8e4\" href=\"https:\/\/aiim.fr\/?attachment_id=501\">D\u00e9put\u00e9, la fonction (S. D&rsquo;Al\u00e9o &#8211; Aiim 2022)<\/a><a href=\"https:\/\/aiim.fr\/wp-content\/uploads\/2022\/06\/deputes.odt\" class=\"wp-block-file__button wp-element-button\" download aria-describedby=\"wp-block-file--media-b6b5d3d6-d5f3-49e9-a831-2d13b2dec8e4\"><mark style=\"background-color:rgba(0, 0, 0, 0)\" class=\"has-inline-color has-white-color\">T\u00e9l\u00e9charger<\/mark><\/a><\/div>\n<\/div>\n<\/div><\/div>\n<\/div><\/div>\n\n\n\n<div class=\"wp-block-cover is-light wp-duotone-unset-4\"><img fetchpriority=\"high\" decoding=\"async\" width=\"890\" height=\"1200\" class=\"wp-block-cover__image-background wp-image-1084\" alt=\"Fond ecran Aiim\" src=\"https:\/\/aiim.fr\/wp-content\/uploads\/2022\/11\/base-affiche.png\" data-object-fit=\"cover\" srcset=\"https:\/\/aiim.fr\/wp-content\/uploads\/2022\/11\/base-affiche.png 890w, https:\/\/aiim.fr\/wp-content\/uploads\/2022\/11\/base-affiche-223x300.png 223w, https:\/\/aiim.fr\/wp-content\/uploads\/2022\/11\/base-affiche-759x1024.png 759w, https:\/\/aiim.fr\/wp-content\/uploads\/2022\/11\/base-affiche-768x1036.png 768w\" sizes=\"(max-width: 890px) 100vw, 890px\" \/><span aria-hidden=\"true\" class=\"wp-block-cover__background has-background-dim-20 has-background-dim\"><\/span><div class=\"wp-block-cover__inner-container is-layout-flow wp-block-cover-is-layout-flow\">\n<div class=\"wp-block-group\"><div class=\"wp-block-group__inner-container is-layout-constrained wp-block-group-is-layout-constrained\">\n<div class=\"wp-block-group is-vertical is-layout-flex wp-container-core-group-is-layout-8cf370e7 wp-block-group-is-layout-flex\">\n<h2 class=\"wp-block-heading\" style=\"font-size:24px\">Les Gilets Jaunes : la diversit\u00e9 et la concorde <\/h2>\n\n\n\n<p><em>L&rsquo;AIIM s&rsquo;est propos\u00e9e de co-organiser avec le Cin\u00e9ma Jacques Perrin la projection du documentaire \u00ab&nbsp;Les voies jaunes&nbsp;\u00bb<\/em> le 17 novembre 2023.<\/p>\n\n\n\n<p><em>Ce documentaire a fait le choix de pr\u00e9senter le Mouvement des gilets jaunes en privil\u00e9giant l\u2019aspect de la r\u00e9flexion sur celui de l\u2019action \u2013 c\u2019est le choix d\u2019une forme essentiellement tranquille et m\u00e9ditative, peut-\u00eatre m\u00eame parfois po\u00e9tique qui tranche avec l\u2019image violente et d\u00e9sordonn\u00e9e qu\u2019en ont souvent donn\u00e9e les m\u00e9dias.<\/em><\/p>\n\n\n\n<p><em>L\u2019implication de notre association <\/em><em>dans cette projection, qui marque le cinqui\u00e8me anniversaire de la naissance de ce mouvement, tient \u00e0 c<\/em><em>ertaines <\/em><em>de ses <\/em><em>particularit\u00e9s<\/em><em> <\/em><em>en rapport <\/em><em>avec <\/em><em>notre <\/em><em>activit\u00e9&nbsp;: <\/em><em>une<\/em><em> exigence d&rsquo;horizontalit\u00e9 de la parole, <\/em><em>la<\/em><em> recherche d&rsquo;une information pluraliste, <\/em><em>et<\/em><em> <\/em><em>l<\/em><em>a mise en lien des questions locales et nationales. <\/em><em>En un mot <\/em><em>l&rsquo;<\/em><em>exp\u00e9rience <\/em><em>originale <\/em><em>d<\/em><em>&lsquo;une<\/em><em> d\u00e9mocratie active et directe.<\/em><\/p>\n\n\n\n<p><em>C\u2019est <\/em><em>dans le prolongement de ce courant <\/em><em>(tout au moins de quelques unes des voies qu\u2019il a emprunt\u00e9es)<\/em><em> que nous organisons p\u00e9riodiquement des s\u00e9ances, ouvertes \u00e0 tous, d\u2019information pluraliste et sourc\u00e9e, <\/em><em>suivies<\/em><em> d<\/em><em>&lsquo;un<\/em><em> d\u00e9bat, en lien avec toute question de soci\u00e9t\u00e9, particuli\u00e8rement sous ses aspects <\/em><em>d\u00e9mocratiques <\/em><em>de bien commun et d\u2019int\u00e9r\u00eat g\u00e9n\u00e9ral. <\/em><em>Ceci afin de relier <\/em><em>concr\u00e8tement<\/em><em> le droit \u00e0 l\u2019information aux libert\u00e9s d\u2019opinion et d\u2019expression.<\/em><\/p>\n\n\n\n<figure class=\"wp-block-image size-full\"><img loading=\"lazy\" decoding=\"async\" width=\"768\" height=\"513\" src=\"https:\/\/aiim.fr\/wp-content\/uploads\/2023\/11\/Lagerfeld-gilet-jaune.jpg\" alt=\"\" class=\"wp-image-1495\" srcset=\"https:\/\/aiim.fr\/wp-content\/uploads\/2023\/11\/Lagerfeld-gilet-jaune.jpg 768w, https:\/\/aiim.fr\/wp-content\/uploads\/2023\/11\/Lagerfeld-gilet-jaune-300x200.jpg 300w\" sizes=\"(max-width: 768px) 100vw, 768px\" \/><\/figure>\n\n\n\n<p style=\"font-size:13px\"><em>Le<\/em><em> Mouvement des Gilets jaunes <\/em><em>a d&rsquo;ors et d\u00e9j\u00e0 pris place dans notre histoire nationale. Cependant, il r<\/em><em>este<\/em><em> encore <\/em><em>difficile \u00e0 appr\u00e9hender<\/em><em> pour au moins <\/em><em>deux raisons&nbsp;: le peu de recul dont on dispose, et le fait <\/em><em>qu&rsquo;il n&rsquo;a <\/em><em>toujours<\/em><em> pas dit son dernier mot.<\/em><\/p>\n\n\n\n<p style=\"font-size:13px\"><em>Question&nbsp;: <\/em><em>c<\/em><em>e mouvement des Gilets Jaunes est-il <\/em><em>au fond <\/em><em>un mouvement social comme un autre&nbsp;?<\/em><\/p>\n\n\n\n<p style=\"font-size:13px\"><em>Si on en juge par le nombre de publications <\/em><em>qui ont paru en 2019 \u2013 et il continue d&rsquo;en para\u00eetre aujourd&rsquo;hui \u2013 <\/em><em>il semblerait bien<\/em><em> que non. <\/em><em>Et si <\/em><em>c<\/em><em>ertains en parlent au pass\u00e9, <\/em><em>il n&rsquo;en reste pas moins que <\/em><em>nombre <\/em><em>d&rsquo;<\/em><em>associations, <\/em><em>de collectifs<\/em><em> <\/em><em>et <\/em><em>de <\/em><em>r\u00e9seaux divers <\/em><em>suscit\u00e9s <\/em><em>par ce mouvement <\/em><em>sont<\/em><em> <\/em><em>toujours acti<\/em><em>f<\/em><em>s<\/em><em>.<\/em><\/p>\n\n\n\n<p style=\"font-size:13px\"><em>Un mouvement social pas comme les autres, donc&nbsp;? <\/em><em>D<\/em><em>\u00e9j\u00e0 par le fait qu&rsquo;il s&rsquo;est construit \u00e0 l&rsquo;\u00e9cart des partis politiques, des syndicats et de l&rsquo;ensemble de la soci\u00e9t\u00e9 civile \u2013 \u00e0 l&rsquo;\u00e9cart mais peut-\u00eatre aussi, ou peut-\u00eatre d&rsquo;abord, en opposition avec <\/em><em>c<\/em><em>eux-<\/em><em>ci<\/em><em>. Un mouvement donc incontr\u00f4lable <\/em><em>par les leviers ordinaires du jeu politique, anim\u00e9 <\/em><em>qui plus est <\/em><em>d&rsquo;une vive d\u00e9fiance vis \u00e0 vis de toute forme de repr\u00e9sentation, &#8211; <\/em><em>et <\/em><em>par l\u00e0-m\u00eame<\/em><em> <\/em><em>inqui\u00e9tant <\/em><em>autant qu&rsquo;<\/em><em>incontournable <\/em><em>pour le pouvoir en place&nbsp;: <\/em><em>selon un sondage <\/em><em>Odoxa de <\/em><em>fin 2018, <\/em><em>78&nbsp;% des Fran\u00e7ais trouvent <\/em><em>l<\/em><em>es actions et <\/em><em>l<\/em><em>es revendications <\/em><em>de ce mouvement <\/em><em>justifi\u00e9<\/em><em>es.<\/em><\/p>\n\n\n\n<p style=\"font-size:13px\"><em>O<\/em><em>n p<\/em><em>ourrait d&rsquo;ailleurs<\/em><em> mesurer en partie la force de ce mouvement <\/em><em>(si ce n&rsquo;est par sa long\u00e9vit\u00e9) <\/em><em>d&rsquo;apr\u00e8s les forces qui <\/em><em>justement <\/em><em>s<\/em><em>e<\/em><em> sont oppos\u00e9es \u00e0 <\/em><em>lui<\/em><em>. D&rsquo;abord <\/em><em>chez<\/em><em> les grands m\u00e9dias qui l&rsquo;ont largement d\u00e9nigr\u00e9 et stigmatis\u00e9, ensuite de la part du gouvernement qui a d\u00e9ploy\u00e9 une r\u00e9pression d&rsquo;une violence in\u00e9dite en Europe, passant <\/em><em>m\u00eame <\/em><em>fr\u00e9quemment<\/em><em> les limites de la l\u00e9galit\u00e9. <\/em><em>U<\/em><em>ne r\u00e9pression devenue <\/em><em>par la suite<\/em><em> <\/em><em>la seule r\u00e9ponse d&rsquo;un gouvernement devenu sourd<\/em><em>. <\/em><em>Car <\/em><em>s&rsquo;<\/em><em>il y eut<\/em><em> <\/em><em>tr\u00e8s vite <\/em><em>l<\/em><em>&lsquo;annonce d&rsquo;un<\/em><em> d\u00e9blocage<\/em><em> 10 milliards <\/em><em>d&rsquo;euros<\/em><em>, <\/em><em>puis <\/em><em>l&rsquo;<\/em><em>annonce <\/em><em>par<\/em><em> Edouard Philippe <\/em><em>d&rsquo;<\/em><em>un d\u00e9bat sur le r\u00e9f\u00e9rendum d&rsquo;initiative citoyenne (<\/em><em>le <\/em><em>RIC, revendication phare des \u00ab\u00a0gilets jaunes\u00a0\u00bb),<\/em><em> <\/em><em>puis<\/em><em> <\/em><em>celle <\/em><em>enfin <\/em><em>d<\/em><em>e son<\/em><em> fameux <\/em><em>Grand d\u00e9bat <\/em><em>par E. Macron, <\/em><em>cela ne parvint pas \u00e0 affaiblir, encore moins \u00e0 \u00e9teindre<\/em><em> la contestation.<\/em><\/p>\n\n\n\n<div class=\"wp-block-media-text is-stacked-on-mobile\"><figure class=\"wp-block-media-text__media\"><img loading=\"lazy\" decoding=\"async\" width=\"768\" height=\"1024\" src=\"https:\/\/aiim.fr\/wp-content\/uploads\/2023\/11\/Salut-ca-gaz-1-1-768x1024.jpg\" alt=\"\" class=\"wp-image-1502 size-full\" srcset=\"https:\/\/aiim.fr\/wp-content\/uploads\/2023\/11\/Salut-ca-gaz-1-1-768x1024.jpg 768w, https:\/\/aiim.fr\/wp-content\/uploads\/2023\/11\/Salut-ca-gaz-1-1-225x300.jpg 225w, https:\/\/aiim.fr\/wp-content\/uploads\/2023\/11\/Salut-ca-gaz-1-1-450x600.jpg 450w, https:\/\/aiim.fr\/wp-content\/uploads\/2023\/11\/Salut-ca-gaz-1-1.jpg 900w\" sizes=\"(max-width: 768px) 100vw, 768px\" \/><\/figure><div class=\"wp-block-media-text__content\">\n<p style=\"font-size:13px\">L<em>e Mouvement des Gilets jaunes semble avoir \u00e9volu\u00e9 par ses propres moyens vers la compr\u00e9hension que les dysfonctionnements chroniques de notre soci\u00e9t\u00e9 qu&rsquo;il a si obstin\u00e9ment d\u00e9nonc\u00e9s et r\u00e9v\u00e9l\u00e9s ne disparaitront qu&rsquo;avec un changement politique radical, y compris institutionnel, voire constitutionnel. C&rsquo;est peut-\u00eatre pourquoi il a eu un si large \u00e9cho \u00e0 l&rsquo;\u00e9tranger o\u00f9 la question sociale, dans le contexte d&rsquo;une \u00e9conomie mondialis\u00e9e devenue h\u00e9g\u00e9monique, se pose dans des termes similaires.<\/em><\/p>\n<\/div><\/div>\n\n\n\n<p><em>On trouvera, au sein des documents de la liste qui suit, de nombreuses r\u00e9f\u00e9rences compl\u00e9mentaires de publications sur le sujet.<\/em><\/p>\n\n\n\n<div class=\"wp-block-file\"><a id=\"wp-block-file--media-fec2aa28-2f34-44e6-a82b-c4beafdd3e7e\" href=\"https:\/\/aiim.fr\/wp-content\/uploads\/2023\/11\/Le-mouvement-des-Gilets-jaunes-un-apprentissage-en-pratiques-de-la-politique-De-Boeck-Superieur-Cairn-2019-1.pdf\">Le-mouvement-des-Gilets-jaunes-un-apprentissage-en-pratiques-de-la-politique-(De-Boeck-Superieur-Cairn-2019)<\/a><a href=\"https:\/\/aiim.fr\/wp-content\/uploads\/2023\/11\/Le-mouvement-des-Gilets-jaunes-un-apprentissage-en-pratiques-de-la-politique-De-Boeck-Superieur-Cairn-2019-1.pdf\" class=\"wp-block-file__button wp-element-button\" download aria-describedby=\"wp-block-file--media-fec2aa28-2f34-44e6-a82b-c4beafdd3e7e\">T\u00e9l\u00e9charger<\/a><\/div>\n<\/div>\n<\/div><\/div>\n\n\n\n<div class=\"wp-block-file\"><a id=\"wp-block-file--media-b72f658b-1f87-411f-bee3-a3c68b55a008\" href=\"https:\/\/aiim.fr\/wp-content\/uploads\/2023\/11\/Les-Gilets-Jaunes-leconomie-morale-et-le-pouvoir-S-Hayat-12-2018.pdf\">Les-Gilets-Jaunes-leconomie-morale-et-le-pouvoir-(S-Hayat-12-2018)<\/a><a href=\"https:\/\/aiim.fr\/wp-content\/uploads\/2023\/11\/Les-Gilets-Jaunes-leconomie-morale-et-le-pouvoir-S-Hayat-12-2018.pdf\" class=\"wp-block-file__button wp-element-button\" download aria-describedby=\"wp-block-file--media-b72f658b-1f87-411f-bee3-a3c68b55a008\">T\u00e9l\u00e9charger<\/a><\/div>\n\n\n\n<div class=\"wp-block-file\"><a id=\"wp-block-file--media-d557f508-7252-4363-a27f-26e083279e14\" href=\"https:\/\/aiim.fr\/wp-content\/uploads\/2023\/11\/Les-gilets-jaunes-et-les-lecons-de-lhistoire-G-Noiriel-11-2018.odt\">Les-gilets-jaunes-et-les-lecons-de-lhistoire-(G-Noiriel-11-2018)<\/a><a href=\"https:\/\/aiim.fr\/wp-content\/uploads\/2023\/11\/Les-gilets-jaunes-et-les-lecons-de-lhistoire-G-Noiriel-11-2018.odt\" class=\"wp-block-file__button wp-element-button\" download aria-describedby=\"wp-block-file--media-d557f508-7252-4363-a27f-26e083279e14\">T\u00e9l\u00e9charger<\/a><\/div>\n\n\n\n<div class=\"wp-block-file\"><a id=\"wp-block-file--media-eb259f4d-83bd-4759-be4c-f95463bb32bf\" href=\"https:\/\/aiim.fr\/wp-content\/uploads\/2023\/11\/Limage-disqualifiante-de-la-violence-populaire-en-democratie-Socio-2022.pdf\">Limage-disqualifiante-de-la-violence-populaire-en-democratie-Socio-2022<\/a><a href=\"https:\/\/aiim.fr\/wp-content\/uploads\/2023\/11\/Limage-disqualifiante-de-la-violence-populaire-en-democratie-Socio-2022.pdf\" class=\"wp-block-file__button wp-element-button\" download aria-describedby=\"wp-block-file--media-eb259f4d-83bd-4759-be4c-f95463bb32bf\">T\u00e9l\u00e9charger<\/a><\/div>\n\n\n\n<div class=\"wp-block-file\"><a id=\"wp-block-file--media-bbeac8e5-4a65-43b9-a3d3-c05157f556aa\" href=\"https:\/\/aiim.fr\/wp-content\/uploads\/2023\/11\/Appel-de-lADA-des-Gilets-Jaunes-a-Commercy-2627-janvier-2019.pdf\">Appel-de-lADA-des-Gilets-Jaunes-a-Commercy-26&amp;27-janvier-2019<\/a><a href=\"https:\/\/aiim.fr\/wp-content\/uploads\/2023\/11\/Appel-de-lADA-des-Gilets-Jaunes-a-Commercy-2627-janvier-2019.pdf\" class=\"wp-block-file__button wp-element-button\" download aria-describedby=\"wp-block-file--media-bbeac8e5-4a65-43b9-a3d3-c05157f556aa\">T\u00e9l\u00e9charger<\/a><\/div>\n\n\n\n<div class=\"wp-block-file\"><a id=\"wp-block-file--media-2330da17-f243-41ec-a044-1977eb56ea6e\" href=\"https:\/\/aiim.fr\/wp-content\/uploads\/2023\/11\/Nous-accusons-tribune-05-2019.pdf\">Nous-accusons-(tribune-05-2019)<\/a><a href=\"https:\/\/aiim.fr\/wp-content\/uploads\/2023\/11\/Nous-accusons-tribune-05-2019.pdf\" class=\"wp-block-file__button wp-element-button\" download aria-describedby=\"wp-block-file--media-2330da17-f243-41ec-a044-1977eb56ea6e\">T\u00e9l\u00e9charger<\/a><\/div>\n\n\n\n<div class=\"wp-block-file\"><a id=\"wp-block-file--media-c9cfd83c-a108-4bfb-af01-47a8815fe684\" href=\"https:\/\/aiim.fr\/wp-content\/uploads\/2023\/11\/Nous-accusons-Analyse-signatures-05-2020.pdf\">Nous-accusons-(Analyse-signatures-05-2020)<\/a><a href=\"https:\/\/aiim.fr\/wp-content\/uploads\/2023\/11\/Nous-accusons-Analyse-signatures-05-2020.pdf\" class=\"wp-block-file__button wp-element-button\" download aria-describedby=\"wp-block-file--media-c9cfd83c-a108-4bfb-af01-47a8815fe684\">T\u00e9l\u00e9charger<\/a><\/div>\n\n\n\n<div class=\"wp-block-file\"><a id=\"wp-block-file--media-5e13659b-0d1e-419d-a09d-d4d2fe046d50\" href=\"https:\/\/aiim.fr\/wp-content\/uploads\/2023\/11\/Barometre-opinion-DREES-2018.pdf\">Barometre-opinion-DREES-2018<\/a><a href=\"https:\/\/aiim.fr\/wp-content\/uploads\/2023\/11\/Barometre-opinion-DREES-2018.pdf\" class=\"wp-block-file__button wp-element-button\" download aria-describedby=\"wp-block-file--media-5e13659b-0d1e-419d-a09d-d4d2fe046d50\">T\u00e9l\u00e9charger<\/a><\/div>\n\n\n\n<h3 class=\"wp-block-heading\">\u00c9l\u00e9ments de contexte<\/h3>\n\n\n\n<div class=\"wp-block-file\"><a id=\"wp-block-file--media-cc31353c-1800-4dee-b6d9-25c77e0df484\" href=\"https:\/\/aiim.fr\/wp-content\/uploads\/2023\/11\/Comprendre-lEtat-social-E.-Saez-economiste-03-2022.pdf\">Comprendre-lEtat-social-(E.-Saez-economiste-03-2022)<\/a><a href=\"https:\/\/aiim.fr\/wp-content\/uploads\/2023\/11\/Comprendre-lEtat-social-E.-Saez-economiste-03-2022.pdf\" class=\"wp-block-file__button wp-element-button\" download aria-describedby=\"wp-block-file--media-cc31353c-1800-4dee-b6d9-25c77e0df484\">T\u00e9l\u00e9charger<\/a><\/div>\n\n\n\n<div class=\"wp-block-file\"><a id=\"wp-block-file--media-6c1bcb34-5f30-4652-b8e3-366405e15b25\" href=\"https:\/\/aiim.fr\/wp-content\/uploads\/2023\/11\/LEtat-social-mythe-et-realites-Fondation-Gabriel-Peri-Cairn-2007.pdf\">LEtat-social-mythe-et-realites-(Fondation-Gabriel-Peri-Cairn-2007)<\/a><a href=\"https:\/\/aiim.fr\/wp-content\/uploads\/2023\/11\/LEtat-social-mythe-et-realites-Fondation-Gabriel-Peri-Cairn-2007.pdf\" class=\"wp-block-file__button wp-element-button\" download aria-describedby=\"wp-block-file--media-6c1bcb34-5f30-4652-b8e3-366405e15b25\">T\u00e9l\u00e9charger<\/a><\/div>\n\n\n\n<div class=\"wp-block-file\"><a id=\"wp-block-file--media-51f803c5-c6f1-4df9-acb0-a2f7117722dc\" href=\"https:\/\/aiim.fr\/wp-content\/uploads\/2023\/11\/Etat-social-services-publics-legitimite-Eres-Cairn-2014.pdf\">Etat-social-services-publics-legitimite-(Eres-Cairn-2014)<\/a><a href=\"https:\/\/aiim.fr\/wp-content\/uploads\/2023\/11\/Etat-social-services-publics-legitimite-Eres-Cairn-2014.pdf\" class=\"wp-block-file__button wp-element-button\" download aria-describedby=\"wp-block-file--media-51f803c5-c6f1-4df9-acb0-a2f7117722dc\">T\u00e9l\u00e9charger<\/a><\/div>\n\n\n\n<div class=\"wp-block-file\"><a id=\"wp-block-file--media-df3cb2cc-0eef-4b33-892a-f66cf75b57ca\" href=\"https:\/\/aiim.fr\/wp-content\/uploads\/2023\/11\/Effets-du-new-public-management-NPM-dans-le-secteur-public-en-France-Village-justice-07-2019.pdf\">Effets-du-new-public-management-NPM-dans-le-secteur-public-en-France-(Village-justice-07-2019)<\/a><a href=\"https:\/\/aiim.fr\/wp-content\/uploads\/2023\/11\/Effets-du-new-public-management-NPM-dans-le-secteur-public-en-France-Village-justice-07-2019.pdf\" class=\"wp-block-file__button wp-element-button\" download aria-describedby=\"wp-block-file--media-df3cb2cc-0eef-4b33-892a-f66cf75b57ca\">T\u00e9l\u00e9charger<\/a><\/div>\n\n\n\n<div class=\"wp-block-file\"><a id=\"wp-block-file--media-3204ea85-b3b7-4d77-9e63-372226ff4c75\" href=\"https:\/\/aiim.fr\/wp-content\/uploads\/2023\/11\/Crise-energetique-et-alimentaire-Grain-Mondialisation.ca-11-2022.pdf\">Crise-energetique-et-alimentaire-(Grain-Mondialisation.ca-11-2022)<\/a><a href=\"https:\/\/aiim.fr\/wp-content\/uploads\/2023\/11\/Crise-energetique-et-alimentaire-Grain-Mondialisation.ca-11-2022.pdf\" class=\"wp-block-file__button wp-element-button\" download aria-describedby=\"wp-block-file--media-3204ea85-b3b7-4d77-9e63-372226ff4c75\">T\u00e9l\u00e9charger<\/a><\/div>\n\n\n\n<div class=\"wp-block-file\"><a id=\"wp-block-file--media-541e5b28-b78d-4b8b-996e-e92527873e36\" href=\"https:\/\/aiim.fr\/wp-content\/uploads\/2023\/11\/Mouvements-de-contestation-dans-le-monde-IRIS-04-2020.pdf\">Mouvements-de-contestation-dans-le-monde-(IRIS-04-2020)<\/a><a href=\"https:\/\/aiim.fr\/wp-content\/uploads\/2023\/11\/Mouvements-de-contestation-dans-le-monde-IRIS-04-2020.pdf\" class=\"wp-block-file__button wp-element-button\" download aria-describedby=\"wp-block-file--media-541e5b28-b78d-4b8b-996e-e92527873e36\">T\u00e9l\u00e9charger<\/a><\/div>\n<\/div><\/div>\n\n\n\n<div class=\"wp-block-cover is-light wp-duotone-unset-6\"><img fetchpriority=\"high\" decoding=\"async\" width=\"890\" height=\"1200\" class=\"wp-block-cover__image-background wp-image-1084\" alt=\"Fond ecran Aiim\" src=\"https:\/\/aiim.fr\/wp-content\/uploads\/2022\/11\/base-affiche.png\" data-object-fit=\"cover\" srcset=\"https:\/\/aiim.fr\/wp-content\/uploads\/2022\/11\/base-affiche.png 890w, https:\/\/aiim.fr\/wp-content\/uploads\/2022\/11\/base-affiche-223x300.png 223w, https:\/\/aiim.fr\/wp-content\/uploads\/2022\/11\/base-affiche-759x1024.png 759w, https:\/\/aiim.fr\/wp-content\/uploads\/2022\/11\/base-affiche-768x1036.png 768w\" sizes=\"(max-width: 890px) 100vw, 890px\" \/><span aria-hidden=\"true\" class=\"wp-block-cover__background has-background-dim-20 has-background-dim\"><\/span><div class=\"wp-block-cover__inner-container is-layout-flow wp-block-cover-is-layout-flow\">\n<div class=\"wp-block-group\"><div class=\"wp-block-group__inner-container is-layout-constrained wp-block-group-is-layout-constrained\">\n<div class=\"wp-block-group is-vertical is-layout-flex wp-container-core-group-is-layout-8cf370e7 wp-block-group-is-layout-flex\">\n<h2 class=\"wp-block-heading\" style=\"font-size:24px\">Pauvret\u00e9<\/h2>\n\n\n\n<p style=\"font-size:18px\">Un drame humain et un fl\u00e9au social<\/p>\n<\/div>\n<\/div><\/div>\n\n\n\n<p style=\"font-size:14px\"><em>Au XVIIIe si\u00e8cle en Angleterre, est d\u00e9clar\u00e9 \u00ab&nbsp;pauvre&nbsp;\u00bb tout sujet devant travailler pour vivre, le substantif \u00ab&nbsp;pauvre&nbsp;\u00bb \u00e9tant alors pratiquement synonyme de \u00ab&nbsp;peuple&nbsp;\u00bb. Actuellement, en France comme dans l&rsquo;ensemble de l&rsquo;UE, la pauvret\u00e9 est normalis\u00e9e relativement \u00e0 un crit\u00e8re statistique, le revenu m\u00e9dian&nbsp;: est consid\u00e9r\u00e9 comme pauvre tout foyer dont les revenus sont inf\u00e9rieurs \u00e0 ce dernier.<\/em> <em>Depuis la Renaissance, qui correspond en gros \u00e0 l&rsquo;\u00e9poque o\u00f9 le capitalisme a commenc\u00e9 \u00e0 se d\u00e9velopper et orienter l&rsquo;organisation des soci\u00e9t\u00e9s occidentales, la pauvret\u00e9 n&rsquo;a cess\u00e9 d&rsquo;augmenter pour atteindre un pic avec l&rsquo;av\u00e8nement du lib\u00e9ralisme \u00e9conomique au XIXe si\u00e8cle. En ce temps, d\u00e9j\u00e0, le travail ne prot\u00e8ge plus depuis longtemps les familles contre la pauvret\u00e9&nbsp;: d\u00e8s l&rsquo;\u00e2ge de huit ou neuf ans, des enfants travaillent 12 \u00e0 15 heures par jour, y compris dans la nuit des mines, pr\u00e9destin\u00e9s \u00e0 la silicose et \u00e0 la tuberculose.<\/em><\/p>\n\n\n\n<figure class=\"wp-block-gallery has-nested-images columns-default is-cropped wp-block-gallery-5 is-layout-flex wp-block-gallery-is-layout-flex\">\n<figure class=\"wp-block-image size-large\"><img loading=\"lazy\" decoding=\"async\" width=\"476\" height=\"268\" data-id=\"1592\" src=\"https:\/\/aiim.fr\/wp-content\/uploads\/2024\/03\/Sans-titre-2-1.png\" alt=\"\" class=\"wp-image-1592\" srcset=\"https:\/\/aiim.fr\/wp-content\/uploads\/2024\/03\/Sans-titre-2-1.png 476w, https:\/\/aiim.fr\/wp-content\/uploads\/2024\/03\/Sans-titre-2-1-300x169.png 300w\" sizes=\"(max-width: 476px) 100vw, 476px\" \/><\/figure>\n\n\n\n<figure class=\"wp-block-image size-large\"><img loading=\"lazy\" decoding=\"async\" width=\"475\" height=\"315\" data-id=\"1593\" src=\"https:\/\/aiim.fr\/wp-content\/uploads\/2024\/03\/Sans-titre-1.png\" alt=\"\" class=\"wp-image-1593\" srcset=\"https:\/\/aiim.fr\/wp-content\/uploads\/2024\/03\/Sans-titre-1.png 475w, https:\/\/aiim.fr\/wp-content\/uploads\/2024\/03\/Sans-titre-1-300x199.png 300w\" sizes=\"(max-width: 475px) 100vw, 475px\" \/><\/figure>\n<\/figure>\n\n\n\n<p style=\"font-size:13px\"><em>L<\/em><em>es politiques sociales, <\/em><em>qui apparaissent <\/em><em>\u00e0 <\/em><em>la fin du XVIIIe si\u00e8cle avec la R\u00e9volution fran\u00e7aise, <\/em><em>n&rsquo;ont cess\u00e9 d&rsquo;\u00e9voluer jusqu&rsquo;\u00e0 nos jours, <\/em><em>et ce, <\/em><em>non par le m\u00e9rite <\/em><em>de la classe dirigeante, mais du fait des revendications du salariat<\/em><em>. <\/em><em>Aucune n&rsquo;a r\u00e9ussi \u00e0 \u00e9radiquer la pauvret\u00e9 qui, apr\u00e8s un net fl\u00e9chissement lors des Trente glorieuses, est repartie \u00e0 la hausse.<\/em><\/p>\n\n\n\n<p style=\"font-size:13px\"><em>Une des raisons majeures de ces \u00e9checs r\u00e9currents reste, dans nos soci\u00e9t\u00e9s modernes, la soumission du politique et du social \u00e0 l&rsquo;\u00e9conomique, <\/em><em>devenu<\/em><em>e<\/em><em> une branche autonome, s\u00e9par\u00e9e du social, <\/em><em>une m\u00e9canique id\u00e9alement capable de<\/em><em> s&rsquo;autor\u00e9guler <\/em><em>tel un ph\u00e9nom\u00e8ne naturel. <\/em><em>Les droits de l&rsquo;humain, issus des Lumi\u00e8res, la notion de dignit\u00e9 humaine particuli\u00e8rement, peine \u00e0 entrer en ligne de compte dans un tel contexte.<\/em><\/p>\n\n\n\n<p style=\"font-size:13px\"><em>Le regard que nous portons sur la pauvret\u00e9 a beaucoup \u00e9volu\u00e9. <\/em><em>\u00ab&nbsp;Au moment du vote de la loi sur le RMI [Revenu Minimum d<\/em><em>\u2019Insertion, vot\u00e9 en 1988], l\u2019id\u00e9e partag\u00e9e \u00e9tait que la soci\u00e9t\u00e9 fran\u00e7aise avait une dette \u00e0 l\u2019\u00e9gard des plus d\u00e9favoris\u00e9s ; c\u2019\u00e9tait la dette de la nation \u00e0 l\u2019\u00e9gard des plus pauvres. Dans l\u2019id\u00e9e de dette, on retrouvait l\u2019id\u00e9e qu\u2019il y avait des injustices flagrantes, et qu\u2019il fallait les corriger.&nbsp;\u00bb<\/em> Aujourd&rsquo;hui, en quelque sorte, <em>\u00ab&nbsp;il y aurait l\u2019id\u00e9e que les pauvres ne seraient plus les victimes du syst\u00e8me mais seraient en quelque sorte des victimes d\u2019elles-m\u00eames, c\u2019est-\u00e0-dire de leur propre incomp\u00e9tence et de leur propre irresponsabilit\u00e9.&nbsp;\u00bb<\/em> L&rsquo;assistance aux plus d\u00e9munis tend d\u00e9sormais ainsi \u00e0 les stigmatiser et \u00e0 cr\u00e9er une sous-classe de citoyens.<\/p>\n\n\n\n<p style=\"font-size:13px\">Or, au sein du syst\u00e8me de protection sociale, le pilier de l&rsquo;assistance n&rsquo;\u00e9tait pas \u00e0 l&rsquo;origine destin\u00e9 \u00e0 se d\u00e9velopper&nbsp;: <em>\u00ab&nbsp;<\/em><em>l\u2019id\u00e9e \u00e9tait d\u2019avoir le syst\u00e8me le plus universel, fond\u00e9 sur des assurances sociales les plus larges possibles.&nbsp;\u00bb<\/em> Cette id\u00e9e montre pourtant encore sa validit\u00e9 dans les pays scandinaves. <em>\u00ab&nbsp;<\/em><em>Ces pays font en sorte d\u2019intervenir en amont de la pauvret\u00e9 pour qu\u2019il y ait le moins possible de personnes \u00e0 prendre en charge au titre de l\u2019assistance.&nbsp;\u00bb<\/em><\/p>\n\n\n\n<p style=\"font-size:13px\">Quelle que soit la forme de traitement institutionnelle de la pauvret\u00e9, celle-ci reste un drame humain et un fl\u00e9au social dont nous ne pouvons ignorer la dimension \u00e9thique. Notre soci\u00e9t\u00e9 ne devrait donc pas cesser de s&rsquo;interroger avec le sociologue Durkheim <em>\u00ab&nbsp;sur la fa\u00e7on de redonner pleine conscience aux individus qui composent cette soci\u00e9t\u00e9, qu\u2019ils sont, en d\u00e9pit de ce qu\u2019on a l\u2019impression qu\u2019ils sont, de plus en plus compl\u00e9mentaires les uns des autres, interd\u00e9pendants, et qu\u2019il est n\u00e9cessaire de renforcer ce lien social.&nbsp;\u00bb<\/em><\/p>\n\n\n\n<p style=\"font-size:13px\">AIIM, mars 2022<\/p>\n\n\n\n<p style=\"font-size:13px\">(les citations sont de Serge Paugam, sociologue, directeur de recherche au CNRS et directeur d\u2019\u00e9tudes \u00e0 l\u2019EHESS)<\/p>\n\n\n\n<h2 class=\"wp-block-heading\" style=\"font-size:18px\">Quelque publications et articles sur le sujet<\/h2>\n\n\n\n<h2 class=\"wp-block-heading\" style=\"font-size:14px\">Perspective historique<\/h2>\n\n\n\n<div class=\"wp-block-file\"><a id=\"wp-block-file--media-96498c3a-2f19-401a-af74-1e9316c7c6cd\" href=\"https:\/\/aiim.fr\/wp-content\/uploads\/2024\/03\/Une-histoire-de-la-pauvrete-Cairn-La-Decouverte-2008.pdf\">Une-histoire-de-la-pauvrete-Cairn-La-Decouverte-2008<\/a><a href=\"https:\/\/aiim.fr\/wp-content\/uploads\/2024\/03\/Une-histoire-de-la-pauvrete-Cairn-La-Decouverte-2008.pdf\" class=\"wp-block-file__button wp-element-button\" download aria-describedby=\"wp-block-file--media-96498c3a-2f19-401a-af74-1e9316c7c6cd\">T\u00e9l\u00e9charger<\/a><\/div>\n\n\n\n<div class=\"wp-block-file\"><a id=\"wp-block-file--media-f1f701c8-0673-4b32-b5c6-a245bde7bfbd\" href=\"https:\/\/aiim.fr\/wp-content\/uploads\/2024\/03\/Les-pauvres-et-la-Revolution-Traces-de-France-2017.pdf\">Les-pauvres-et-la-Revolution-Traces-de-France-2017<\/a><a href=\"https:\/\/aiim.fr\/wp-content\/uploads\/2024\/03\/Les-pauvres-et-la-Revolution-Traces-de-France-2017.pdf\" class=\"wp-block-file__button wp-element-button\" download aria-describedby=\"wp-block-file--media-f1f701c8-0673-4b32-b5c6-a245bde7bfbd\">T\u00e9l\u00e9charger<\/a><\/div>\n\n\n\n<div class=\"wp-block-file\"><a id=\"wp-block-file--media-50b021a9-d9ea-49e7-a93a-b12075c78fc8\" href=\"https:\/\/aiim.fr\/wp-content\/uploads\/2024\/03\/Au-XIXeme-siecle-la-prison-comme-entreprise-France-Culture-10-2023.pdf\">Au-XIXeme-siecle-la-prison-comme-entreprise-France-Culture-10-2023<\/a><a href=\"https:\/\/aiim.fr\/wp-content\/uploads\/2024\/03\/Au-XIXeme-siecle-la-prison-comme-entreprise-France-Culture-10-2023.pdf\" class=\"wp-block-file__button wp-element-button\" download aria-describedby=\"wp-block-file--media-50b021a9-d9ea-49e7-a93a-b12075c78fc8\">T\u00e9l\u00e9charger<\/a><\/div>\n\n\n\n<h2 class=\"wp-block-heading\" style=\"font-size:14px\">Perspective contemporaine<\/h2>\n\n\n\n<div class=\"wp-block-file\"><a id=\"wp-block-file--media-8c7be6e5-31d4-4c86-ab40-329cbadd4513\" href=\"https:\/\/aiim.fr\/wp-content\/uploads\/2024\/03\/Etat-de-la-pauvrete-en-France-2021-Caritas-France.pdf\">Etat-de-la-pauvrete-en-France-2021-Caritas-France<\/a><a href=\"https:\/\/aiim.fr\/wp-content\/uploads\/2024\/03\/Etat-de-la-pauvrete-en-France-2021-Caritas-France.pdf\" class=\"wp-block-file__button wp-element-button\" download aria-describedby=\"wp-block-file--media-8c7be6e5-31d4-4c86-ab40-329cbadd4513\">T\u00e9l\u00e9charger<\/a><\/div>\n\n\n\n<div class=\"wp-block-file\"><a id=\"wp-block-file--media-2b9fad3b-3acd-462f-ac30-d27a49f3f65c\" href=\"https:\/\/aiim.fr\/wp-content\/uploads\/2024\/03\/Letat-de-la-pauvrete-en-France-Observatoire-des-inegalites-2017.pdf\">Letat-de-la-pauvrete-en-France-Observatoire-des-inegalites-2017<\/a><a href=\"https:\/\/aiim.fr\/wp-content\/uploads\/2024\/03\/Letat-de-la-pauvrete-en-France-Observatoire-des-inegalites-2017.pdf\" class=\"wp-block-file__button wp-element-button\" download aria-describedby=\"wp-block-file--media-2b9fad3b-3acd-462f-ac30-d27a49f3f65c\">T\u00e9l\u00e9charger<\/a><\/div>\n\n\n\n<div class=\"wp-block-file\"><a id=\"wp-block-file--media-1205e038-34d4-43eb-89e7-dc0a8c42a23b\" href=\"https:\/\/aiim.fr\/wp-content\/uploads\/2024\/03\/La-pauvrete-en-mesures.pdf\">La-pauvrete-en-mesures<\/a><a href=\"https:\/\/aiim.fr\/wp-content\/uploads\/2024\/03\/La-pauvrete-en-mesures.pdf\" class=\"wp-block-file__button wp-element-button\" download aria-describedby=\"wp-block-file--media-1205e038-34d4-43eb-89e7-dc0a8c42a23b\">T\u00e9l\u00e9charger<\/a><\/div>\n\n\n\n<div class=\"wp-block-file\"><a id=\"wp-block-file--media-268ac0c9-6a92-4899-8031-5a1a658672c4\" href=\"https:\/\/aiim.fr\/wp-content\/uploads\/2024\/03\/La-loi-du-plus-riche-Oxfam-01-2023.pdf\">La-loi-du-plus-riche-Oxfam-01-2023<\/a><a href=\"https:\/\/aiim.fr\/wp-content\/uploads\/2024\/03\/La-loi-du-plus-riche-Oxfam-01-2023.pdf\" class=\"wp-block-file__button wp-element-button\" download aria-describedby=\"wp-block-file--media-268ac0c9-6a92-4899-8031-5a1a658672c4\">T\u00e9l\u00e9charger<\/a><\/div>\n\n\n\n<div class=\"wp-block-file\"><a id=\"wp-block-file--media-1d315132-ef6f-4e12-befd-60622682982e\" href=\"https:\/\/aiim.fr\/wp-content\/uploads\/2024\/03\/Synthese-rapport-dOxfam-2023-sur-les-inegalites-mondiales.pdf\">Synthese-rapport-dOxfam-2023-sur-les-inegalites-mondiales<\/a><a href=\"https:\/\/aiim.fr\/wp-content\/uploads\/2024\/03\/Synthese-rapport-dOxfam-2023-sur-les-inegalites-mondiales.pdf\" class=\"wp-block-file__button wp-element-button\" download aria-describedby=\"wp-block-file--media-1d315132-ef6f-4e12-befd-60622682982e\">T\u00e9l\u00e9charger<\/a><\/div>\n\n\n\n<div class=\"wp-block-file\"><a id=\"wp-block-file--media-9637b860-a647-4e83-b9dd-b482ae80d13e\" href=\"https:\/\/aiim.fr\/wp-content\/uploads\/2024\/03\/Lutte-contre-la-grande-pauvrete-un-marche-Cairn.pdf\">Lutte-contre-la-grande-pauvrete-un-marche-Cairn<\/a><a href=\"https:\/\/aiim.fr\/wp-content\/uploads\/2024\/03\/Lutte-contre-la-grande-pauvrete-un-marche-Cairn.pdf\" class=\"wp-block-file__button wp-element-button\" download aria-describedby=\"wp-block-file--media-9637b860-a647-4e83-b9dd-b482ae80d13e\">T\u00e9l\u00e9charger<\/a><\/div>\n\n\n\n<div class=\"wp-block-file\"><a id=\"wp-block-file--media-fdd8cbe1-cb0d-4dca-a95e-52e0561781e8\" href=\"https:\/\/aiim.fr\/wp-content\/uploads\/2024\/03\/Lutte-contre-la-pauvrete-France-USA-Cairn-La-Decouverte-2008.pdf\">Lutte-contre-la-pauvrete-France-USA-Cairn-La-Decouverte-2008<\/a><a href=\"https:\/\/aiim.fr\/wp-content\/uploads\/2024\/03\/Lutte-contre-la-pauvrete-France-USA-Cairn-La-Decouverte-2008.pdf\" class=\"wp-block-file__button wp-element-button\" download aria-describedby=\"wp-block-file--media-fdd8cbe1-cb0d-4dca-a95e-52e0561781e8\">T\u00e9l\u00e9charger<\/a><\/div>\n\n\n\n<div class=\"wp-block-file\"><a id=\"wp-block-file--media-33d006bd-ad25-4c21-bb4b-547e596a7ac7\" href=\"https:\/\/aiim.fr\/wp-content\/uploads\/2024\/03\/Pauvrete-et-solidarite-La-vie-des-idees-05-2008.pdf\">Pauvrete-et-solidarite-La-vie-des-idees-05-2008<\/a><a href=\"https:\/\/aiim.fr\/wp-content\/uploads\/2024\/03\/Pauvrete-et-solidarite-La-vie-des-idees-05-2008.pdf\" class=\"wp-block-file__button wp-element-button\" download aria-describedby=\"wp-block-file--media-33d006bd-ad25-4c21-bb4b-547e596a7ac7\">T\u00e9l\u00e9charger<\/a><\/div>\n\n\n\n<h2 class=\"wp-block-heading\" style=\"font-size:14px\">Pour aller plus loin&#8230;<\/h2>\n\n\n\n<ul class=\"wp-block-list\">\n<li style=\"font-size:13px\">Elsa G\u00e9nard et Mathilde&nbsp;Rossigneux-M\u00e9heust&nbsp;:&nbsp;<em>Routines punitives. Les sanctions du quotidien XIXe-XXe si\u00e8cle<\/em>, CNRS \u00e9ditions, 2023<\/li>\n\n\n\n<li style=\"font-size:13px\">Antony Kitts&nbsp;: \u00ab\u00a0<em>Bons\u00a0\u00bb et \u00ab\u00a0mauvais\u00a0\u00bb pauvres. Repr\u00e9sentations et prise en charge de la pauvret\u00e9 en Normandie au XIXe si\u00e8cle<\/em>, PURH\/PUC, Collection Biblioth\u00e8que des universit\u00e9s normandes, 2022<\/li>\n\n\n\n<li style=\"font-size:13px\">Antony Kitts, Yannick Marec et Olivier Vernier&nbsp;:&nbsp;<em>La pauvret\u00e9 et sa prise en charge en France<\/em> (1848-1988), Atlande, 2022<\/li>\n<\/ul>\n\n\n\n<hr class=\"wp-block-separator has-alpha-channel-opacity\"\/>\n<\/div><\/div>\n\n\n\n<div class=\"wp-block-cover is-light wp-duotone-unset-8\"><img fetchpriority=\"high\" decoding=\"async\" width=\"890\" height=\"1200\" class=\"wp-block-cover__image-background wp-image-1084\" alt=\"Fond ecran Aiim\" src=\"https:\/\/aiim.fr\/wp-content\/uploads\/2022\/11\/base-affiche.png\" data-object-fit=\"cover\" srcset=\"https:\/\/aiim.fr\/wp-content\/uploads\/2022\/11\/base-affiche.png 890w, https:\/\/aiim.fr\/wp-content\/uploads\/2022\/11\/base-affiche-223x300.png 223w, https:\/\/aiim.fr\/wp-content\/uploads\/2022\/11\/base-affiche-759x1024.png 759w, https:\/\/aiim.fr\/wp-content\/uploads\/2022\/11\/base-affiche-768x1036.png 768w\" sizes=\"(max-width: 890px) 100vw, 890px\" \/><span aria-hidden=\"true\" class=\"wp-block-cover__background has-background-dim-20 has-background-dim\"><\/span><div class=\"wp-block-cover__inner-container is-layout-flow wp-block-cover-is-layout-flow\">\n<div class=\"wp-block-group\"><div class=\"wp-block-group__inner-container is-layout-constrained wp-block-group-is-layout-constrained\">\n<div class=\"wp-block-group is-vertical is-layout-flex wp-container-core-group-is-layout-8cf370e7 wp-block-group-is-layout-flex\">\n<h2 class=\"wp-block-heading\" style=\"font-size:24px\">Crise agricole &#8211; Crise des agricultures<\/h2>\n\n\n\n<h2 class=\"wp-block-heading\" style=\"font-size:20px\">Une impression de d\u00e9j\u00e0 vu <\/h2>\n<\/div>\n<\/div><\/div>\n\n\n\n<p style=\"font-size:14px\">Ce qui frappe en premier lieu, dans la crise actuelle du monde agricole (commune \u00e0 l&rsquo;ensemble de l&rsquo;UE), c&rsquo;est sa dimension sociale. Et la difficult\u00e9 \u00e0 bien en saisir les contours vient de ce qu&rsquo;elle rel\u00e8ve \u00e9galement de questions \u00e9conomiques, techniques, environnementales et politiques. Il para\u00eet donc n\u00e9cessaire de consid\u00e9rer, sur le temps long, le projet de soci\u00e9t\u00e9 au sein duquel, en occident d&rsquo;abord, puis dans le monde, l&rsquo;agriculture a \u00e9volu\u00e9. Selon un rapport du S\u00e9nat de 2016, \u00ab&nbsp;un fran\u00e7ais sur deux travaillait pour l\u2019agriculture en 1900. Cette part (&#8230;) repr\u00e9sente aujourd\u2019hui 3 % de l\u2019emploi total en France.&nbsp;\u00bb La surface de terres agricoles ne s&rsquo;est pourtant pas r\u00e9duite, elle a m\u00eame sensiblement augment\u00e9, mais elle s&rsquo;est concentr\u00e9e dans le m\u00eame temps entre les mains d&rsquo;un nombre toujours plus r\u00e9duit d&rsquo;acteurs \u00ab&nbsp;tant industriels que financiers, (\u2026) tous sp\u00e9culant sur la demande en produits agricoles.&nbsp;\u00bb *<\/p>\n\n\n\n<figure class=\"wp-block-gallery has-nested-images columns-default is-cropped wp-block-gallery-7 is-layout-flex wp-block-gallery-is-layout-flex\">\n<figure class=\"wp-block-image size-large\"><img loading=\"lazy\" decoding=\"async\" width=\"475\" height=\"266\" data-id=\"1573\" src=\"https:\/\/aiim.fr\/wp-content\/uploads\/2024\/03\/Agri-communautaire-1.png\" alt=\"\" class=\"wp-image-1573\" srcset=\"https:\/\/aiim.fr\/wp-content\/uploads\/2024\/03\/Agri-communautaire-1.png 475w, https:\/\/aiim.fr\/wp-content\/uploads\/2024\/03\/Agri-communautaire-1-300x168.png 300w\" sizes=\"(max-width: 475px) 100vw, 475px\" \/><\/figure>\n\n\n\n<figure class=\"wp-block-image size-large\"><img loading=\"lazy\" decoding=\"async\" width=\"475\" height=\"239\" data-id=\"1572\" src=\"https:\/\/aiim.fr\/wp-content\/uploads\/2024\/03\/Agri-intensive-5.png\" alt=\"\" class=\"wp-image-1572\" srcset=\"https:\/\/aiim.fr\/wp-content\/uploads\/2024\/03\/Agri-intensive-5.png 475w, https:\/\/aiim.fr\/wp-content\/uploads\/2024\/03\/Agri-intensive-5-300x151.png 300w\" sizes=\"(max-width: 475px) 100vw, 475px\" \/><\/figure>\n<\/figure>\n\n\n\n<p style=\"font-size:13px\">Les sentiments d&rsquo;abandon et de col\u00e8re des petits producteurs (chez qui s\u00e9vit une \u00e9pid\u00e9mie de suicides \u2013 un tous les deux jours en moyenne), sont ceux d&rsquo;une large part du mouvement de protestation venu perturber le Salon 2024 de l&rsquo;agriculture &#8211; comme jamais en 60 ans d&rsquo;existence. Ce mouvement est largement soutenu sinon approuv\u00e9 par la population fran\u00e7aise, mais ce facteur n&rsquo;est pas d\u00e9terminant en l&rsquo;absence d&rsquo;un r\u00e9f\u00e9rendum dont celle-ci aurait l&rsquo;initiative. Ce sont les \u00e9lus nationaux (au premier rang desquels le pr\u00e9sident de la R\u00e9publique), mais plus encore la Commission Europ\u00e9enne (principal organe de l&rsquo;ex\u00e9cutif europ\u00e9en, disposant \u00e9galement du monopole de l\u2019initiative l\u00e9gislative), qui sont la cible de ses revendications, du fait que les modalit\u00e9s d&rsquo;attribution des aides de la Politique agricole commune (PAC) et la n\u00e9gociation des trait\u00e9s de libre \u00e9change (qui s&rsquo;est poursuivie durant le salon) restent l&rsquo;apanage de l&rsquo;UE.<\/p>\n\n\n\n<p style=\"font-size:13px\">Comme tout mouvement social, ce mouvement traduit un rapport de forces entre groupes d&rsquo;int\u00e9r\u00eats divergents au sein de la soci\u00e9t\u00e9. L&rsquo;\u00c9tat, en tant que promoteur de l&rsquo;int\u00e9r\u00eat g\u00e9n\u00e9ral et gestionnaire du bien commun, n&rsquo;est pas suppos\u00e9 devenir la cible de tels mouvements. Son implication par ceux-ci laisserait donc un doute sur sa volont\u00e9 ou sa comp\u00e9tence \u00e0 remplir ce r\u00f4le, ou encore sur son ind\u00e9pendance -en l&rsquo;occurrence- vis \u00e0 vis de la grande distribution, des industriels de l&rsquo;agroalimentaire, voire de la FNSEA, ou des fonds d&rsquo;investissement priv\u00e9s autant que souverains.<\/p>\n\n\n\n<p style=\"font-size:13px\">L&rsquo;\u00c9tat, en particulier son chef, celui du gouvernement ou le ministre de l&rsquo;agriculture, sont-ils donc les meilleurs interlocuteurs, ou disons les vrais protagonistes de cette \u00e9ni\u00e8me crise&nbsp;?, sachant que depuis l&rsquo;internationalisation et la lib\u00e9ralisation des march\u00e9s agricoles mondiaux d\u00e8s le tournant des ann\u00e9es 1980, les revenus agricoles se sont trouv\u00e9s index\u00e9s sur des prix d\u00e9coulant largement de logiques supranationales purement financi\u00e8res o\u00f9 l&rsquo;exploitation familiale n&rsquo;a tendanciellement plus sa place.<\/p>\n\n\n\n<p style=\"font-size:13px\">\u00c0 l&rsquo;\u00e9vidence, la question agricole ne peut \u00eatre envisag\u00e9e qu&rsquo;\u00e0 l&rsquo;int\u00e9rieur d&rsquo;une question plus vaste&nbsp;: jusqu&rsquo;o\u00f9 les int\u00e9r\u00eats de l&rsquo;\u00e9lite financi\u00e8re (qui structure depuis maintenant des d\u00e9cennies l&rsquo;\u00e9conomie et oriente les politiques des \u00c9tats-nations) peuvent \u00eatre compatibles avec les d\u00e9fis plan\u00e9taires relatifs aux aspirations \u00e0 une d\u00e9mocratie r\u00e9ellement participative, \u00e0 l&rsquo;environnement, \u00e0 la s\u00e9curit\u00e9 et la pr\u00e9carit\u00e9 alimentaires, \u00e0 la transition \u00e9nerg\u00e9tique, au changement climatique ou aux fractures et probl\u00e8mes sociaux (de sant\u00e9 publique**, de croissance de la pauvret\u00e9 et des in\u00e9galit\u00e9s, notamment, qui sont des effets directs ou indirects de guerres \u00e9conomiques et militaires devenues end\u00e9miques)&nbsp;?<\/p>\n\n\n\n<p style=\"font-size:13px\">Le monde \u00e9volue cependant et les analyses macro\u00e9conomiques ne disent pas tout. En marge du mod\u00e8le productiviste qui s&rsquo;est impos\u00e9, qui a largement mis\u00e9 sur le quantitatif***, des alternatives n&rsquo;ont cess\u00e9 d&rsquo;\u00e9merger ou se sont maintenues qui visent au contraire le qualitatif comme un tout r\u00e9unissant l&rsquo;activit\u00e9 agricole et les relations sociales et environnementales. Elles ont montr\u00e9 localement,  de part le monde, leur viabilit\u00e9 et leur potentialit\u00e9 \u00e0 s&rsquo;\u00e9tendre. Peut-\u00eatre nous am\u00e8neront-elles, par l&rsquo;exemple qu&rsquo;elles nous donnent en mati\u00e8re d&rsquo;\u00e9quit\u00e9, \u00e0 reconsid\u00e9rer l&rsquo;agriculture comme une activit\u00e9 toute particuli\u00e8re, biologiquement fondamentale, relevant de l&rsquo;utilit\u00e9 publique.<\/p>\n\n\n\n<p style=\"font-size:13px\">AIIM, f\u00e9vrier 2024<\/p>\n\n\n\n<p style=\"font-size:12px\">* Jean-Marc Puel, Les fonds souverains dans l\u2019agriculture : un investissement politique ?, \u00c9tudes rurales \u2013 190 | 2012<\/p>\n\n\n\n<p style=\"font-size:12px\">** On sait pertinemment les liens entre sant\u00e9 et alimentation. \u00c0 titre d&rsquo;exemples, un milliard d&rsquo;\u00eatres humains sont atteints par l&rsquo;ob\u00e9sit\u00e9, et le r\u00f4le jou\u00e9 par les pesticides &#8211; entre autres dans la formation de nombreux cancers et dans les anomalies f\u0153tales &#8211; est aujourd&rsquo;hui patent.<\/p>\n\n\n\n<p style=\"font-size:11px\">*** Selon une \u00e9tude de l&rsquo;ADEME (lien plus bas), le gaspillage alimentaire concerne : 32% de la production agricole ; 21% de la transformation ; 14% de la distribution et 33%  de la consommation, dont 14% pour la restauration collective et commerciale et 19% pour la consommation \u00e0 domicile.<\/p>\n\n\n\n<hr class=\"wp-block-separator has-alpha-channel-opacity\"\/>\n\n\n\n<p>Pour aller plus loin&#8230;<\/p>\n\n\n\n<div class=\"wp-block-file\"><a id=\"wp-block-file--media-6bffdff1-ee00-41b7-8109-9c6805748213\" href=\"https:\/\/aiim.fr\/wp-content\/uploads\/2024\/03\/La-revolte-des-tracteurs-Le-Monde-diplo-fevrier-2024.pdf\">La-revolte-des-tracteurs-Le-Monde-diplo-fevrier-2024<\/a><a href=\"https:\/\/aiim.fr\/wp-content\/uploads\/2024\/03\/La-revolte-des-tracteurs-Le-Monde-diplo-fevrier-2024.pdf\" class=\"wp-block-file__button wp-element-button\" download aria-describedby=\"wp-block-file--media-6bffdff1-ee00-41b7-8109-9c6805748213\">T\u00e9l\u00e9charger<\/a><\/div>\n\n\n\n<div class=\"wp-block-file\"><a id=\"wp-block-file--media-df8dd64a-4cc7-4466-9957-6fe812814042\" href=\"https:\/\/aiim.fr\/wp-content\/uploads\/2024\/03\/Pour-une-sociologie-des-mondes-agricoles-dans-la-mondialisation-Etudes-rurales-EHESS-2009.pdf\">Pour-une-sociologie-des-mondes-agricoles-dans-la-mondialisation-Etudes-rurales-EHESS-2009<\/a><a href=\"https:\/\/aiim.fr\/wp-content\/uploads\/2024\/03\/Pour-une-sociologie-des-mondes-agricoles-dans-la-mondialisation-Etudes-rurales-EHESS-2009.pdf\" class=\"wp-block-file__button wp-element-button\" download aria-describedby=\"wp-block-file--media-df8dd64a-4cc7-4466-9957-6fe812814042\">T\u00e9l\u00e9charger<\/a><\/div>\n\n\n\n<div class=\"wp-block-file\"><a id=\"wp-block-file--media-9db8dfaa-5181-4a9e-9c30-fab773ba1bd1\" href=\"https:\/\/aiim.fr\/wp-content\/uploads\/2024\/03\/Agriculture-et-loi-du-marche-Libe-tribune-04-2021.pdf\">Agriculture-et-loi-du-marche-Libe-tribune-04-2021<\/a><a href=\"https:\/\/aiim.fr\/wp-content\/uploads\/2024\/03\/Agriculture-et-loi-du-marche-Libe-tribune-04-2021.pdf\" class=\"wp-block-file__button wp-element-button\" download aria-describedby=\"wp-block-file--media-9db8dfaa-5181-4a9e-9c30-fab773ba1bd1\">T\u00e9l\u00e9charger<\/a><\/div>\n\n\n\n<div class=\"wp-block-file\"><a id=\"wp-block-file--media-a9099875-a174-4d3e-b0c4-78ce57ad35c7\" href=\"https:\/\/aiim.fr\/wp-content\/uploads\/2024\/03\/Les-traites-de-libre-echange-ASFE-07-2019.pdf\">Les-traites-de-libre-echange-ASFE-07-2019<\/a><a href=\"https:\/\/aiim.fr\/wp-content\/uploads\/2024\/03\/Les-traites-de-libre-echange-ASFE-07-2019.pdf\" class=\"wp-block-file__button wp-element-button\" download aria-describedby=\"wp-block-file--media-a9099875-a174-4d3e-b0c4-78ce57ad35c7\">T\u00e9l\u00e9charger<\/a><\/div>\n\n\n\n<div class=\"wp-block-file\"><a id=\"wp-block-file--media-175bc289-f48b-41aa-8850-52656780c2d9\" href=\"https:\/\/aiim.fr\/wp-content\/uploads\/2024\/03\/Fonds-souverains-et-agriculture-Etudes-rurales-2012.pdf\">Fonds-souverains-et-agriculture-Etudes-rurales-2012<\/a><a href=\"https:\/\/aiim.fr\/wp-content\/uploads\/2024\/03\/Fonds-souverains-et-agriculture-Etudes-rurales-2012.pdf\" class=\"wp-block-file__button wp-element-button\" download aria-describedby=\"wp-block-file--media-175bc289-f48b-41aa-8850-52656780c2d9\">T\u00e9l\u00e9charger<\/a><\/div>\n\n\n\n<div class=\"wp-block-file\"><a id=\"wp-block-file--media-22a09633-9174-460b-af7a-2a2454cfca29\" href=\"https:\/\/aiim.fr\/wp-content\/uploads\/2024\/03\/Histoire-industrialisation-de-lagroalimentaire-Cairn-SciencesPo-2009.pdf\">Histoire-industrialisation-de-lagroalimentaire-Cairn-SciencesPo-2009<\/a><a href=\"https:\/\/aiim.fr\/wp-content\/uploads\/2024\/03\/Histoire-industrialisation-de-lagroalimentaire-Cairn-SciencesPo-2009.pdf\" class=\"wp-block-file__button wp-element-button\" download aria-describedby=\"wp-block-file--media-22a09633-9174-460b-af7a-2a2454cfca29\">T\u00e9l\u00e9charger<\/a><\/div>\n\n\n\n<div class=\"wp-block-file\"><a id=\"wp-block-file--media-7d8652a2-6a85-4ee2-9e9b-560b7e6d91a8\" href=\"https:\/\/aiim.fr\/wp-content\/uploads\/2024\/03\/Lessor-des-Etats-Unis-et-leconomie-dapres-guerre-Jean-Gottmann-1946-Extraits.pdf\">Lessor-des-Etats-Unis-et-leconomie-dapres-guerre-Jean-Gottmann-1946-Extraits<\/a><a href=\"https:\/\/aiim.fr\/wp-content\/uploads\/2024\/03\/Lessor-des-Etats-Unis-et-leconomie-dapres-guerre-Jean-Gottmann-1946-Extraits.pdf\" class=\"wp-block-file__button wp-element-button\" download aria-describedby=\"wp-block-file--media-7d8652a2-6a85-4ee2-9e9b-560b7e6d91a8\">T\u00e9l\u00e9charger<\/a><\/div>\n\n\n\n<div class=\"wp-block-file\"><a id=\"wp-block-file--media-a3fb3c8d-76e4-4ff3-a1c3-3fe4bb773cca\" href=\"https:\/\/aiim.fr\/wp-content\/uploads\/2024\/03\/LInra-face-au-tournant-liberal-de-la-PAC-Economie-rurale-2020.pdf\">LInra-face-au-tournant-liberal-de-la-PAC-Economie-rurale-2020<\/a><a href=\"https:\/\/aiim.fr\/wp-content\/uploads\/2024\/03\/LInra-face-au-tournant-liberal-de-la-PAC-Economie-rurale-2020.pdf\" class=\"wp-block-file__button wp-element-button\" download aria-describedby=\"wp-block-file--media-a3fb3c8d-76e4-4ff3-a1c3-3fe4bb773cca\">T\u00e9l\u00e9charger<\/a><\/div>\n\n\n\n<div class=\"wp-block-file\"><a id=\"wp-block-file--media-727310b2-5510-45d5-8eff-644dbe821887\" href=\"https:\/\/aiim.fr\/wp-content\/uploads\/2024\/03\/Rapport-d\u00b4information-sur-les-normes-en-matiere-agricole-Senat-06-2016.pdf\">Rapport-d\u00b4information-sur-les-normes-en-matiere-agricole-Senat-06-2016<\/a><a href=\"https:\/\/aiim.fr\/wp-content\/uploads\/2024\/03\/Rapport-d\u00b4information-sur-les-normes-en-matiere-agricole-Senat-06-2016.pdf\" class=\"wp-block-file__button wp-element-button\" download aria-describedby=\"wp-block-file--media-727310b2-5510-45d5-8eff-644dbe821887\">T\u00e9l\u00e9charger<\/a><\/div>\n\n\n\n<div class=\"wp-block-file\"><a id=\"wp-block-file--media-ae174b91-4d32-47c2-a873-94e9da5e09e9\" href=\"https:\/\/aiim.fr\/wp-content\/uploads\/2024\/03\/Systemes-de-verification-et-de-normalisation-des-produits-agricoles-PU-Septentrion-2012.pdf\">Systemes-de-verification-et-de-normalisation-des-produits-agricoles-PU-Septentrion-2012<\/a><a href=\"https:\/\/aiim.fr\/wp-content\/uploads\/2024\/03\/Systemes-de-verification-et-de-normalisation-des-produits-agricoles-PU-Septentrion-2012.pdf\" class=\"wp-block-file__button wp-element-button\" download aria-describedby=\"wp-block-file--media-ae174b91-4d32-47c2-a873-94e9da5e09e9\">T\u00e9l\u00e9charger<\/a><\/div>\n\n\n\n<div class=\"wp-block-file\"><a id=\"wp-block-file--media-c22716b0-20b8-41b5-9140-a896aceb0442\" href=\"https:\/\/aiim.fr\/wp-content\/uploads\/2024\/03\/Presse-agricole-et-pensee-unique-Acrimed-02-2021.pdf\">Presse-agricole-et-pensee-unique-Acrimed-02-2021<\/a><a href=\"https:\/\/aiim.fr\/wp-content\/uploads\/2024\/03\/Presse-agricole-et-pensee-unique-Acrimed-02-2021.pdf\" class=\"wp-block-file__button wp-element-button\" download aria-describedby=\"wp-block-file--media-c22716b0-20b8-41b5-9140-a896aceb0442\">T\u00e9l\u00e9charger<\/a><\/div>\n\n\n\n<div class=\"wp-block-file\"><a id=\"wp-block-file--media-2c3c0502-a1ba-4d2b-a179-ac45f72b68cc\" href=\"https:\/\/aiim.fr\/wp-content\/uploads\/2024\/03\/Qui_va_nous_nourrir-Amelie-Poinssot-01_2023.pdf\">Qui_va_nous_nourrir-Amelie-Poinssot-01_2023<\/a><a href=\"https:\/\/aiim.fr\/wp-content\/uploads\/2024\/03\/Qui_va_nous_nourrir-Amelie-Poinssot-01_2023.pdf\" class=\"wp-block-file__button wp-element-button\" download aria-describedby=\"wp-block-file--media-2c3c0502-a1ba-4d2b-a179-ac45f72b68cc\">T\u00e9l\u00e9charger<\/a><\/div>\n\n\n\n<p style=\"font-size:11px\"><a href=\"https:\/\/www.radiofrance.fr\/franceinter\/podcasts\/c-est-bientot-demain\/c-est-bientot-demain-du-dimanche-10-mars-2024-4158595\">https:\/\/www.radiofrance.fr\/franceinter\/podcasts\/c-est-bientot-demain\/c-est-bientot-demain-du-dimanche-10-mars-2024-4158595<\/a><\/p>\n\n\n\n<p style=\"font-size:11px\"><a href=\"https:\/\/multimedia.ademe.fr\/dossier-presse-etude-masses-pertes-gaspillages\/\">https:\/\/multimedia.ademe.fr\/dossier-presse-etude-masses-pertes-gaspillages\/<\/a><\/p>\n\n\n\n<hr class=\"wp-block-separator has-alpha-channel-opacity\"\/>\n<\/div><\/div>\n\n\n\n<p><\/p>\n<div class='watch-action'><div class='watch-position align-left'><div class='action-like'><a class='lbg-style1 like-1423 jlk' href='javascript:void(0)' data-task='like' data-post_id='1423' data-nonce='f2892bb147' rel='nofollow'><img class='wti-pixel' src='https:\/\/aiim.fr\/wp-content\/plugins\/wti-like-post\/images\/pixel.gif' title='J&#039;aime ' \/><span class='lc-1423 lc'>+3<\/span><\/a><\/div><div class='action-unlike'><a class='unlbg-style1 unlike-1423 jlk' href='javascript:void(0)' data-task='unlike' data-post_id='1423' data-nonce='f2892bb147' rel='nofollow'><img class='wti-pixel' src='https:\/\/aiim.fr\/wp-content\/plugins\/wti-like-post\/images\/pixel.gif' title=' J&#039;aime pas' \/><span class='unlc-1423 unlc'>0<\/span><\/a><\/div> <\/div> <div class='status-1423 status align-left'><\/div><\/div><div class='wti-clear'><\/div>","protected":false},"excerpt":{"rendered":"<p>+3 0<\/p>\n","protected":false},"author":3,"featured_media":0,"comment_status":"open","ping_status":"closed","sticky":false,"template":"elementor_theme","format":"standard","meta":{"_jetpack_memberships_contains_paid_content":false,"footnotes":"","jetpack_publicize_message":"","jetpack_publicize_feature_enabled":true,"jetpack_social_post_already_shared":true,"jetpack_social_options":{"image_generator_settings":{"template":"highway","default_image_id":0,"font":"","enabled":false},"version":2}},"categories":[13],"tags":[],"class_list":["post-1423","post","type-post","status-publish","format-standard","hentry","category-document-et-references"],"jetpack_publicize_connections":[],"jetpack_featured_media_url":"","jetpack_sharing_enabled":true,"_links":{"self":[{"href":"https:\/\/aiim.fr\/index.php?rest_route=\/wp\/v2\/posts\/1423","targetHints":{"allow":["GET"]}}],"collection":[{"href":"https:\/\/aiim.fr\/index.php?rest_route=\/wp\/v2\/posts"}],"about":[{"href":"https:\/\/aiim.fr\/index.php?rest_route=\/wp\/v2\/types\/post"}],"author":[{"embeddable":true,"href":"https:\/\/aiim.fr\/index.php?rest_route=\/wp\/v2\/users\/3"}],"replies":[{"embeddable":true,"href":"https:\/\/aiim.fr\/index.php?rest_route=%2Fwp%2Fv2%2Fcomments&post=1423"}],"version-history":[{"count":74,"href":"https:\/\/aiim.fr\/index.php?rest_route=\/wp\/v2\/posts\/1423\/revisions"}],"predecessor-version":[{"id":2156,"href":"https:\/\/aiim.fr\/index.php?rest_route=\/wp\/v2\/posts\/1423\/revisions\/2156"}],"wp:attachment":[{"href":"https:\/\/aiim.fr\/index.php?rest_route=%2Fwp%2Fv2%2Fmedia&parent=1423"}],"wp:term":[{"taxonomy":"category","embeddable":true,"href":"https:\/\/aiim.fr\/index.php?rest_route=%2Fwp%2Fv2%2Fcategories&post=1423"},{"taxonomy":"post_tag","embeddable":true,"href":"https:\/\/aiim.fr\/index.php?rest_route=%2Fwp%2Fv2%2Ftags&post=1423"}],"curies":[{"name":"wp","href":"https:\/\/api.w.org\/{rel}","templated":true}]}}