{"id":1530,"date":"2024-01-28T12:06:54","date_gmt":"2024-01-28T11:06:54","guid":{"rendered":"https:\/\/aiim.fr\/?p=1530"},"modified":"2024-03-28T18:40:24","modified_gmt":"2024-03-28T17:40:24","slug":"aiim-sassocie-a-cet-evenement-du-17-fevrier-2024","status":"publish","type":"post","link":"https:\/\/aiim.fr\/?p=1530","title":{"rendered":"Aiim s&rsquo;associe \u00e0 cet \u00e9v\u00e8nement du 17 f\u00e9vrier 2024"},"content":{"rendered":"\n<p><\/p>\n\n\n\n<h2 class=\"wp-block-heading\"><a href=\"https:\/\/www.google.fr\/search?source=hp&amp;ei=5NQUXYPpNcTwaNT2t_gP&amp;q=conf%C3%A9rence+gesticul%C3%A9e+Franck+Lepage&amp;btnK=Recherche+Google&amp;oq=youtube+referendum+citoyen&amp;gs_l=psy-ab.3..33i160l2.2307.21278..23205...1.0..0.121.2219.24j3......0....1..gws-wiz.....10..35i39j0i131j0j0i20i263j0i203j0i22i30j33i22i29i30j33i21j0i8i13i30.NebMERRGJBA#btnK=Recherche%20Google&amp;fpstate=ive&amp;vld=cid:469ca2f4,vid:WXFgNutNTN8,st:0\">lien pour voir la conf\u00e9rence gesticul\u00e9e.<\/a><\/h2>\n\n\n\n<figure class=\"wp-block-image\"><img decoding=\"async\" src=\"https:\/\/cdn-s-www.leprogres.fr\/images\/30850afd-6eb5-4788-bc0e-ba072431bb07\/BES_06\/illustration-inculture(s)-2_1-1706257075.jpg\" alt=\"Inculture s 2 : Spectacle a Tarare\" \/><\/figure>\n\n\n\n<p><\/p>\n<div class='watch-action'><div class='watch-position align-left'><div class='action-like'><a class='lbg-style1 like-1530 jlk' href='javascript:void(0)' data-task='like' data-post_id='1530' data-nonce='f2892bb147' rel='nofollow'><img class='wti-pixel' src='https:\/\/aiim.fr\/wp-content\/plugins\/wti-like-post\/images\/pixel.gif' title='J&#039;aime ' \/><span class='lc-1530 lc'>+1<\/span><\/a><\/div><div class='action-unlike'><a class='unlbg-style1 unlike-1530 jlk' href='javascript:void(0)' data-task='unlike' data-post_id='1530' data-nonce='f2892bb147' rel='nofollow'><img class='wti-pixel' src='https:\/\/aiim.fr\/wp-content\/plugins\/wti-like-post\/images\/pixel.gif' title=' J&#039;aime pas' \/><span class='unlc-1530 unlc'>0<\/span><\/a><\/div> <\/div> <div class='status-1530 status align-left'><\/div><\/div><div class='wti-clear'><\/div>","protected":false},"excerpt":{"rendered":"<p>lien pour voir la conf\u00e9rence gesticul\u00e9e. +1 0<\/p>\n","protected":false},"author":4,"featured_media":1531,"comment_status":"open","ping_status":"open","sticky":false,"template":"","format":"standard","meta":{"_jetpack_memberships_contains_paid_content":false,"footnotes":"","jetpack_publicize_message":"","jetpack_publicize_feature_enabled":true,"jetpack_social_post_already_shared":true,"jetpack_social_options":{"image_generator_settings":{"template":"highway","default_image_id":0,"font":"","enabled":false},"version":2}},"categories":[8,7],"tags":[],"class_list":["post-1530","post","type-post","status-publish","format-standard","has-post-thumbnail","hentry","category-article-du-jour","category-historique-evenements"],"jetpack_publicize_connections":[],"jetpack_featured_media_url":"https:\/\/aiim.fr\/wp-content\/uploads\/2024\/01\/telechargement.jpg","jetpack_sharing_enabled":true,"_links":{"self":[{"href":"https:\/\/aiim.fr\/index.php?rest_route=\/wp\/v2\/posts\/1530","targetHints":{"allow":["GET"]}}],"collection":[{"href":"https:\/\/aiim.fr\/index.php?rest_route=\/wp\/v2\/posts"}],"about":[{"href":"https:\/\/aiim.fr\/index.php?rest_route=\/wp\/v2\/types\/post"}],"author":[{"embeddable":true,"href":"https:\/\/aiim.fr\/index.php?rest_route=\/wp\/v2\/users\/4"}],"replies":[{"embeddable":true,"href":"https:\/\/aiim.fr\/index.php?rest_route=%2Fwp%2Fv2%2Fcomments&post=1530"}],"version-history":[{"count":6,"href":"https:\/\/aiim.fr\/index.php?rest_route=\/wp\/v2\/posts\/1530\/revisions"}],"predecessor-version":[{"id":1654,"href":"https:\/\/aiim.fr\/index.php?rest_route=\/wp\/v2\/posts\/1530\/revisions\/1654"}],"wp:featuredmedia":[{"embeddable":true,"href":"https:\/\/aiim.fr\/index.php?rest_route=\/wp\/v2\/media\/1531"}],"wp:attachment":[{"href":"https:\/\/aiim.fr\/index.php?rest_route=%2Fwp%2Fv2%2Fmedia&parent=1530"}],"wp:term":[{"taxonomy":"category","embeddable":true,"href":"https:\/\/aiim.fr\/index.php?rest_route=%2Fwp%2Fv2%2Fcategories&post=1530"},{"taxonomy":"post_tag","embeddable":true,"href":"https:\/\/aiim.fr\/index.php?rest_route=%2Fwp%2Fv2%2Ftags&post=1530"}],"curies":[{"name":"wp","href":"https:\/\/api.w.org\/{rel}","templated":true}]}}