{"id":1560,"date":"2025-10-15T19:36:11","date_gmt":"2025-10-15T17:36:11","guid":{"rendered":"https:\/\/aiim.fr\/?p=1560"},"modified":"2025-10-15T19:36:13","modified_gmt":"2025-10-15T17:36:13","slug":"crise-agricole","status":"publish","type":"post","link":"https:\/\/aiim.fr\/?p=1560","title":{"rendered":"Crise agricole"},"content":{"rendered":"\n<h1 class=\"wp-block-heading\"><strong>Introduction<\/strong><\/h1>\n\n\n\n<h2 class=\"wp-block-heading\">Ce qui frappe en premier lieu, dans la crise actuelle du monde agricole (commune \u00e0 l&rsquo;ensemble de l&rsquo;UE), c&rsquo;est sa dimension sociale. Et la difficult\u00e9 \u00e0 bien en saisir les contours vient de ce qu&rsquo;elle rel\u00e8ve \u00e9galement de questions \u00e9conomiques, techniques, environnementales et politiques. Il para\u00eet donc n\u00e9cessaire de consid\u00e9rer, sur le temps long, le projet de soci\u00e9t\u00e9 au sein duquel, en occident d&rsquo;abord, puis dans le monde, l&rsquo;agriculture a \u00e9volu\u00e9. Selon un rapport du S\u00e9nat de 2016, \u00ab&nbsp;un fran\u00e7ais sur deux travaillait pour l\u2019agriculture en 1900. Cette part (&#8230;) repr\u00e9sente aujourd\u2019hui 3 % de l\u2019emploi total en France.&nbsp;\u00bb La surface de terres agricoles ne s&rsquo;est pourtant pas r\u00e9duite, elle a m\u00eame sensiblement augment\u00e9, mais elle s&rsquo;est concentr\u00e9e dans le m\u00eame temps entre les mains d&rsquo;un nombre toujours plus r\u00e9duit d&rsquo;acteurs \u00ab&nbsp;tant industriels que financiers, (\u2026) tous sp\u00e9culant sur la demande en produits agricoles.&nbsp;\u00bb *<\/h2>\n\n\n\n<p>Les sentiments d&rsquo;abandon et de col\u00e8re des petits producteurs (chez qui s\u00e9vit une \u00e9pid\u00e9mie de suicides \u2013 un tous les deux jours en moyenne), sont ceux d&rsquo;une large part du mouvement de protestation venu perturber le Salon 2024 de l&rsquo;agriculture &#8211; comme jamais en 60 ans d&rsquo;existence. Ce mouvement est largement soutenu sinon approuv\u00e9 par la population fran\u00e7aise, mais ce facteur n&rsquo;est pas d\u00e9terminant en l&rsquo;absence d&rsquo;un r\u00e9f\u00e9rendum dont celle-ci aurait l&rsquo;initiative. Ce sont les \u00e9lus nationaux (au premier rang desquels le pr\u00e9sident de la R\u00e9publique), mais plus encore la Commission Europ\u00e9enne (principal organe de l&rsquo;ex\u00e9cutif europ\u00e9en, disposant \u00e9galement du monopole de l\u2019initiative l\u00e9gislative), qui sont la cible de ses revendications, du fait que les modalit\u00e9s d&rsquo;attribution des aides de la Politique agricole commune (PAC) et la n\u00e9gociation des trait\u00e9s de libre \u00e9change (qui s&rsquo;est poursuivie durant le salon) restent l&rsquo;apanage de l&rsquo;UE.<\/p>\n\n\n\n<p>Comme tout mouvement social, ce mouvement traduit un rapport de forces entre groupes d&rsquo;int\u00e9r\u00eats divergents au sein de la soci\u00e9t\u00e9. L&rsquo;\u00c9tat, en tant que promoteur de l&rsquo;int\u00e9r\u00eat g\u00e9n\u00e9ral et gestionnaire du bien commun, n&rsquo;est pas suppos\u00e9 devenir la cible de tels mouvements. Son implication par ceux-ci laisserait donc un doute sur sa volont\u00e9 ou sa comp\u00e9tence \u00e0 remplir ce r\u00f4le, ou encore sur son ind\u00e9pendance -en l&rsquo;occurrence- vis \u00e0 vis de la grande distribution, des industriels de l&rsquo;agroalimentaire, voire de la FNSEA, ou des fonds d&rsquo;investissement priv\u00e9s autant que souverains.<\/p>\n\n\n\n<p>L&rsquo;\u00c9tat, en particulier son chef, celui du gouvernement ou le ministre de l&rsquo;agriculture, sont-ils donc les meilleurs interlocuteurs, ou disons les vrais protagonistes de cette \u00e9ni\u00e8me crise\u00a0?, sachant que depuis l&rsquo;internationalisation et la lib\u00e9ralisation des march\u00e9s agricoles mondiaux d\u00e8s le tournant des ann\u00e9es 1980, les revenus agricoles se sont trouv\u00e9s index\u00e9s sur des prix d\u00e9coulant largement de logiques supranationales purement financi\u00e8res o\u00f9 l&rsquo;exploitation familiale n&rsquo;a plus sa place.<\/p>\n\n\n\n<p>\u00c0 l&rsquo;\u00e9vidence, la question agricole ne peut \u00eatre envisag\u00e9e qu&rsquo;\u00e0 l&rsquo;int\u00e9rieur d&rsquo;une question plus vaste\u00a0: jusqu&rsquo;o\u00f9 les int\u00e9r\u00eats de l&rsquo;\u00e9lite financi\u00e8re (qui structure depuis maintenant des d\u00e9cennies l&rsquo;\u00e9conomie et oriente les politiques des \u00c9tats-nations) peuvent \u00eatre compatibles avec les d\u00e9fis plan\u00e9taires relatifs aux aspirations \u00e0 une d\u00e9mocratie r\u00e9ellement participative, \u00e0 l&rsquo;environnement, \u00e0 la s\u00e9curit\u00e9 et la pr\u00e9carit\u00e9 alimentaires, \u00e0 la transition \u00e9nerg\u00e9tique, au changement climatique ou aux fractures et probl\u00e8mes sociaux (de sant\u00e9 publique**, de croissance de la pauvret\u00e9 et des in\u00e9galit\u00e9s, notamment, qui sont des effets directs ou indirects de guerres \u00e9conomiques et militaires devenues end\u00e9miques)<strong>\u00a0?<\/strong><\/p>\n\n\n\n<p>P. Perrier, f\u00e9vrier 2024<\/p>\n\n\n\n<p>* Jean-Marc Puel, Les fonds souverains dans l\u2019agriculture : un investissement politique ?, \u00c9tudes rurales \u2013 190 | 2012<\/p>\n\n\n\n<p>** On sait pertinemment les liens entre sant\u00e9 et alimentation. \u00c0 titre d&rsquo;exemples, un milliard d&rsquo;\u00eatres humains sont atteints par l&rsquo;ob\u00e9sit\u00e9, et le r\u00f4le jou\u00e9 par les pesticides &#8211; entre autres dans la formation de nombreux cancers et dans les anomalies foetales &#8211; est aujourd&rsquo;hui patent.<\/p>\n\n\n\n\n<div class='watch-action'><div class='watch-position align-left'><div class='action-like'><a class='lbg-style1 like-1560 jlk' href='javascript:void(0)' data-task='like' data-post_id='1560' data-nonce='f2892bb147' rel='nofollow'><img class='wti-pixel' src='https:\/\/aiim.fr\/wp-content\/plugins\/wti-like-post\/images\/pixel.gif' title='J&#039;aime ' \/><span class='lc-1560 lc'>0<\/span><\/a><\/div><div class='action-unlike'><a class='unlbg-style1 unlike-1560 jlk' href='javascript:void(0)' data-task='unlike' data-post_id='1560' data-nonce='f2892bb147' rel='nofollow'><img class='wti-pixel' src='https:\/\/aiim.fr\/wp-content\/plugins\/wti-like-post\/images\/pixel.gif' title=' J&#039;aime pas' \/><span class='unlc-1560 unlc'>0<\/span><\/a><\/div> <\/div> <div class='status-1560 status align-left'><\/div><\/div><div class='wti-clear'><\/div>","protected":false},"excerpt":{"rendered":"<p>Introduction Ce qui frappe en premier lieu, dans la crise actuelle du monde agricole (commune<\/p>\n","protected":false},"author":3,"featured_media":0,"comment_status":"open","ping_status":"open","sticky":false,"template":"","format":"standard","meta":{"_jetpack_memberships_contains_paid_content":false,"footnotes":"","jetpack_publicize_message":"","jetpack_publicize_feature_enabled":true,"jetpack_social_post_already_shared":true,"jetpack_social_options":{"image_generator_settings":{"template":"highway","default_image_id":0,"font":"","enabled":false},"version":2}},"categories":[1],"tags":[],"class_list":["post-1560","post","type-post","status-publish","format-standard","hentry","category-non-classe"],"jetpack_publicize_connections":[],"jetpack_featured_media_url":"","jetpack_sharing_enabled":true,"_links":{"self":[{"href":"https:\/\/aiim.fr\/index.php?rest_route=\/wp\/v2\/posts\/1560","targetHints":{"allow":["GET"]}}],"collection":[{"href":"https:\/\/aiim.fr\/index.php?rest_route=\/wp\/v2\/posts"}],"about":[{"href":"https:\/\/aiim.fr\/index.php?rest_route=\/wp\/v2\/types\/post"}],"author":[{"embeddable":true,"href":"https:\/\/aiim.fr\/index.php?rest_route=\/wp\/v2\/users\/3"}],"replies":[{"embeddable":true,"href":"https:\/\/aiim.fr\/index.php?rest_route=%2Fwp%2Fv2%2Fcomments&post=1560"}],"version-history":[{"count":1,"href":"https:\/\/aiim.fr\/index.php?rest_route=\/wp\/v2\/posts\/1560\/revisions"}],"predecessor-version":[{"id":1872,"href":"https:\/\/aiim.fr\/index.php?rest_route=\/wp\/v2\/posts\/1560\/revisions\/1872"}],"wp:attachment":[{"href":"https:\/\/aiim.fr\/index.php?rest_route=%2Fwp%2Fv2%2Fmedia&parent=1560"}],"wp:term":[{"taxonomy":"category","embeddable":true,"href":"https:\/\/aiim.fr\/index.php?rest_route=%2Fwp%2Fv2%2Fcategories&post=1560"},{"taxonomy":"post_tag","embeddable":true,"href":"https:\/\/aiim.fr\/index.php?rest_route=%2Fwp%2Fv2%2Ftags&post=1560"}],"curies":[{"name":"wp","href":"https:\/\/api.w.org\/{rel}","templated":true}]}}