{"id":1667,"date":"2024-05-12T12:57:04","date_gmt":"2024-05-12T10:57:04","guid":{"rendered":"https:\/\/aiim.fr\/?p=1667"},"modified":"2025-02-08T18:03:22","modified_gmt":"2025-02-08T17:03:22","slug":"barnum-4-mai-2024","status":"publish","type":"post","link":"https:\/\/aiim.fr\/?p=1667","title":{"rendered":"Barnum 4 mai 2024"},"content":{"rendered":"\n<p><\/p>\n\n\n\n<p class=\"has-large-font-size\"><strong>L&rsquo;agriculture tous concern\u00e9 <\/strong><\/p>\n\n\n\n<p>Malgr\u00e9 les temp\u00e9ratures hivernales en ce d\u00e9but du mois de mai , les courageux membres de l&rsquo;association sont all\u00e9s \u00e0 la rencontre des gens sur le march\u00e9 de Tarare le samedi 4 mai 2024. <\/p>\n\n\n\n<p>Pour rappel : La France est le premier producteur agricole de l&rsquo;union Europ\u00e9enne et contribue \u00e0 la hauteur de 18% \u00e0 la production totale de produits agricoles bruts. Gr\u00e2ce \u00e0 l&rsquo;exploitation des vins, c\u00e9r\u00e9ales et des produits laitiers, le secteur agroalimentaire pr\u00e9sente un solde positif et est une valeur s\u00fbre pour le commerce ext\u00e9rieur fran\u00e7ais. La crise a malgr\u00e9 tout touch\u00e9 de plein fouet le secteur et le revenu agricole moyen est orient\u00e9 \u00e0 la baisse. Il est largement en dessous du rythme de croissance de l&rsquo;\u00e9conomie fran\u00e7aise.<\/p>\n\n\n\n<p>La question de l&rsquo;agriculture reste au centre des pr\u00e9occupations de la population. Nous avons pu constater que les probl\u00e8mes que rencontre nos agriculteurs et leurs col\u00e8re l\u00e9gitime est soutenue par la plupart des Tararien(nes). Nous avons m\u00eame pu discuter rapidement avec l&rsquo;ancien pr\u00e9sident d&rsquo;une chambre d&rsquo;agriculture du Rh\u00f4ne.<\/p>\n\n\n\n<p>Sans oublier que les \u00e9lections europ\u00e9ennes arrivent prochainement et que les d\u00e9cisions europ\u00e9ennes  au niveau des normes agricoles de notre pays vont avoir un impact direct sur notre mode d&rsquo;alimentation, notre pouvoir d&rsquo;achat alimentaire sachant que les prix des mati\u00e8res premi\u00e8res ne font qu&rsquo;augmenter inexorablement. <\/p>\n\n\n\n<p>Ne connaissant pas le fonctionnement du monde agricole , plusieurs personnes nous ont f\u00e9licit\u00e9 pour ces apports d&rsquo;informations. Vous pourrez D&rsquo;ailleurs les retrouver tr\u00e8s prochainement dans la fen\u00eatre \u00a0\u00bb documents\u00a0\u00bb de notre site interne.<\/p>\n\n\n\n<p> Quel est le r\u00f4le de le FNSEA , de la PAC ( Politique Agricole Commune) ? les chambres d&rsquo;agriculture?  le dogme europ\u00e9en sur la question agricole ? et beaucoup d&rsquo;autres documents sur ces questions vous serons proposer. Bonne lecture. <\/p>\n\n\n\n<div class=\"wp-block-jetpack-slideshow aligncenter\"><div data-effect=\"slide\"><div class=\"wp-block-jetpack-slideshow_container swiper-container\"><ul class=\"wp-block-jetpack-slideshow_swiper-wrapper swiper-wrapper\"><li class=\"wp-block-jetpack-slideshow_slide swiper-slide\"><figure><img fetchpriority=\"high\" decoding=\"async\" width=\"578\" height=\"1024\" alt=\"\" class=\"wp-block-jetpack-slideshow_image wp-image-1671\" data-id=\"1671\" src=\"https:\/\/aiim.fr\/wp-content\/uploads\/2024\/05\/barnum-2-4-ami-2024-1-578x1024.jpg\" srcset=\"https:\/\/aiim.fr\/wp-content\/uploads\/2024\/05\/barnum-2-4-ami-2024-1-578x1024.jpg 578w, https:\/\/aiim.fr\/wp-content\/uploads\/2024\/05\/barnum-2-4-ami-2024-1-169x300.jpg 169w, https:\/\/aiim.fr\/wp-content\/uploads\/2024\/05\/barnum-2-4-ami-2024-1-rotated.jpg 677w\" sizes=\"(max-width: 578px) 100vw, 578px\" \/><\/figure><\/li><li class=\"wp-block-jetpack-slideshow_slide swiper-slide\"><figure><img decoding=\"async\" width=\"1024\" height=\"578\" alt=\"\" class=\"wp-block-jetpack-slideshow_image wp-image-1672\" data-id=\"1672\" src=\"https:\/\/aiim.fr\/wp-content\/uploads\/2024\/05\/barnum-3-4-mai-2024-1-1024x578.jpg\" srcset=\"https:\/\/aiim.fr\/wp-content\/uploads\/2024\/05\/barnum-3-4-mai-2024-1-1024x578.jpg 1024w, https:\/\/aiim.fr\/wp-content\/uploads\/2024\/05\/barnum-3-4-mai-2024-1-300x169.jpg 300w, https:\/\/aiim.fr\/wp-content\/uploads\/2024\/05\/barnum-3-4-mai-2024-1-768x433.jpg 768w, https:\/\/aiim.fr\/wp-content\/uploads\/2024\/05\/barnum-3-4-mai-2024-1.jpg 1200w\" sizes=\"(max-width: 1024px) 100vw, 1024px\" \/><\/figure><\/li><li class=\"wp-block-jetpack-slideshow_slide swiper-slide\"><figure><img decoding=\"async\" width=\"1024\" height=\"578\" alt=\"\" class=\"wp-block-jetpack-slideshow_image wp-image-1673\" data-id=\"1673\" src=\"https:\/\/aiim.fr\/wp-content\/uploads\/2024\/05\/barnum-4-4-mai-2024-1-1024x578.jpg\" srcset=\"https:\/\/aiim.fr\/wp-content\/uploads\/2024\/05\/barnum-4-4-mai-2024-1-1024x578.jpg 1024w, https:\/\/aiim.fr\/wp-content\/uploads\/2024\/05\/barnum-4-4-mai-2024-1-300x169.jpg 300w, https:\/\/aiim.fr\/wp-content\/uploads\/2024\/05\/barnum-4-4-mai-2024-1-768x433.jpg 768w, https:\/\/aiim.fr\/wp-content\/uploads\/2024\/05\/barnum-4-4-mai-2024-1.jpg 1200w\" sizes=\"(max-width: 1024px) 100vw, 1024px\" \/><\/figure><\/li><li class=\"wp-block-jetpack-slideshow_slide swiper-slide\"><figure><img loading=\"lazy\" decoding=\"async\" width=\"576\" height=\"1024\" alt=\"\" class=\"wp-block-jetpack-slideshow_image wp-image-1674\" data-id=\"1674\" src=\"https:\/\/aiim.fr\/wp-content\/uploads\/2024\/05\/barnum-4-mai-2024-1-576x1024.jpg\" srcset=\"https:\/\/aiim.fr\/wp-content\/uploads\/2024\/05\/barnum-4-mai-2024-1-576x1024.jpg 576w, https:\/\/aiim.fr\/wp-content\/uploads\/2024\/05\/barnum-4-mai-2024-1-169x300.jpg 169w, https:\/\/aiim.fr\/wp-content\/uploads\/2024\/05\/barnum-4-mai-2024-1-rotated.jpg 675w\" sizes=\"(max-width: 576px) 100vw, 576px\" \/><\/figure><\/li><\/ul><a class=\"wp-block-jetpack-slideshow_button-prev swiper-button-prev swiper-button-white\" role=\"button\"><\/a><a class=\"wp-block-jetpack-slideshow_button-next swiper-button-next swiper-button-white\" role=\"button\"><\/a><a aria-label=\"Pause Slideshow\" class=\"wp-block-jetpack-slideshow_button-pause\" role=\"button\"><\/a><div class=\"wp-block-jetpack-slideshow_pagination swiper-pagination swiper-pagination-white\"><\/div><\/div><\/div><\/div>\n\n\n\n<p><\/p>\n\n\n\n<p><\/p>\n<div class='watch-action'><div class='watch-position align-left'><div class='action-like'><a class='lbg-style1 like-1667 jlk' href='javascript:void(0)' data-task='like' data-post_id='1667' data-nonce='f2892bb147' rel='nofollow'><img class='wti-pixel' src='https:\/\/aiim.fr\/wp-content\/plugins\/wti-like-post\/images\/pixel.gif' title='J&#039;aime ' \/><span class='lc-1667 lc'>+2<\/span><\/a><\/div><div class='action-unlike'><a class='unlbg-style1 unlike-1667 jlk' href='javascript:void(0)' data-task='unlike' data-post_id='1667' data-nonce='f2892bb147' rel='nofollow'><img class='wti-pixel' src='https:\/\/aiim.fr\/wp-content\/plugins\/wti-like-post\/images\/pixel.gif' title=' J&#039;aime pas' \/><span class='unlc-1667 unlc'>0<\/span><\/a><\/div> <\/div> <div class='status-1667 status align-left'><\/div><\/div><div class='wti-clear'><\/div>","protected":false},"excerpt":{"rendered":"<p>L&rsquo;agriculture tous concern\u00e9 Malgr\u00e9 les temp\u00e9ratures hivernales en ce d\u00e9but du mois de mai ,<\/p>\n","protected":false},"author":4,"featured_media":1674,"comment_status":"open","ping_status":"open","sticky":false,"template":"","format":"standard","meta":{"_jetpack_memberships_contains_paid_content":false,"footnotes":"","jetpack_publicize_message":"","jetpack_publicize_feature_enabled":true,"jetpack_social_post_already_shared":true,"jetpack_social_options":{"image_generator_settings":{"template":"highway","default_image_id":0,"font":"","enabled":false},"version":2}},"categories":[7],"tags":[],"class_list":["post-1667","post","type-post","status-publish","format-standard","has-post-thumbnail","hentry","category-historique-evenements"],"jetpack_publicize_connections":[],"jetpack_featured_media_url":"https:\/\/aiim.fr\/wp-content\/uploads\/2024\/05\/barnum-4-mai-2024-1-rotated.jpg","jetpack_sharing_enabled":true,"_links":{"self":[{"href":"https:\/\/aiim.fr\/index.php?rest_route=\/wp\/v2\/posts\/1667","targetHints":{"allow":["GET"]}}],"collection":[{"href":"https:\/\/aiim.fr\/index.php?rest_route=\/wp\/v2\/posts"}],"about":[{"href":"https:\/\/aiim.fr\/index.php?rest_route=\/wp\/v2\/types\/post"}],"author":[{"embeddable":true,"href":"https:\/\/aiim.fr\/index.php?rest_route=\/wp\/v2\/users\/4"}],"replies":[{"embeddable":true,"href":"https:\/\/aiim.fr\/index.php?rest_route=%2Fwp%2Fv2%2Fcomments&post=1667"}],"version-history":[{"count":2,"href":"https:\/\/aiim.fr\/index.php?rest_route=\/wp\/v2\/posts\/1667\/revisions"}],"predecessor-version":[{"id":1676,"href":"https:\/\/aiim.fr\/index.php?rest_route=\/wp\/v2\/posts\/1667\/revisions\/1676"}],"wp:featuredmedia":[{"embeddable":true,"href":"https:\/\/aiim.fr\/index.php?rest_route=\/wp\/v2\/media\/1674"}],"wp:attachment":[{"href":"https:\/\/aiim.fr\/index.php?rest_route=%2Fwp%2Fv2%2Fmedia&parent=1667"}],"wp:term":[{"taxonomy":"category","embeddable":true,"href":"https:\/\/aiim.fr\/index.php?rest_route=%2Fwp%2Fv2%2Fcategories&post=1667"},{"taxonomy":"post_tag","embeddable":true,"href":"https:\/\/aiim.fr\/index.php?rest_route=%2Fwp%2Fv2%2Ftags&post=1667"}],"curies":[{"name":"wp","href":"https:\/\/api.w.org\/{rel}","templated":true}]}}