{"id":1784,"date":"2024-11-20T13:19:45","date_gmt":"2024-11-20T12:19:45","guid":{"rendered":"https:\/\/aiim.fr\/?p=1784"},"modified":"2025-02-08T18:05:02","modified_gmt":"2025-02-08T17:05:02","slug":"conference-sur-les-cahiers-de-doleances-le-21-novembre-18h","status":"publish","type":"post","link":"https:\/\/aiim.fr\/?p=1784","title":{"rendered":"Conf\u00e9rence sur les cahiers de dol\u00e9ances  le 21 novembre 18h"},"content":{"rendered":"\n<p>la conf\u00e9rence du 21 novembre avec un b\u00e9mol, une gr\u00e8ve annonc\u00e9e pour le jour m\u00eame. Il serait prudent de v\u00e9rifier sur le site des AD du Rh\u00f4ne si la conf\u00e9rence est maintenue.\u00a0<a href=\"https:\/\/archives.rhone.fr\/page\/conferences\" target=\"_blank\" rel=\"noreferrer noopener\">https:\/\/archives.rhone.fr\/page\/conferences<\/a>\u00a0<\/p>\n\n\n\n<p><strong>Auditorium des Archives du d\u00e9partement du Rh\u00f4ne<\/strong><\/p>\n\n\n\n<p><strong>et de la m\u00e9tropole de Lyon<\/strong><\/p>\n\n\n\n<p>34, rue du G\u00e9n\u00e9ral Mouton-Duvernet 69003 Lyon<\/p>\n\n\n\n<p>04 72 35 35 00 &#8211;&nbsp;<a href=\"mailto:archives@rhone.fr\" target=\"_blank\" rel=\"noreferrer noopener\">archives@rhone.fr<\/a><\/p>\n\n\n\n<p><a href=\"http:\/\/archives.rhone.fr\/\" rel=\"noreferrer noopener\" target=\"_blank\">archives.rhone.fr<\/a><\/p>\n\n\n\n<p>Tramway T4 : Archives d\u00e9partementales<\/p>\n\n\n\n<p><\/p>\n\n\n\n<figure class=\"wp-block-gallery has-nested-images columns-default is-cropped wp-block-gallery-1 is-layout-flex wp-block-gallery-is-layout-flex\">\n<figure class=\"wp-block-image size-large\"><img fetchpriority=\"high\" decoding=\"async\" width=\"350\" height=\"650\" data-id=\"1785\" src=\"https:\/\/aiim.fr\/wp-content\/uploads\/2024\/11\/doleances-2-Copie.png\" alt=\"\" class=\"wp-image-1785\" srcset=\"https:\/\/aiim.fr\/wp-content\/uploads\/2024\/11\/doleances-2-Copie.png 350w, https:\/\/aiim.fr\/wp-content\/uploads\/2024\/11\/doleances-2-Copie-162x300.png 162w\" sizes=\"(max-width: 350px) 100vw, 350px\" \/><\/figure>\n<\/figure>\n<div class='watch-action'><div class='watch-position align-left'><div class='action-like'><a class='lbg-style1 like-1784 jlk' href='javascript:void(0)' data-task='like' data-post_id='1784' data-nonce='f2892bb147' rel='nofollow'><img class='wti-pixel' src='https:\/\/aiim.fr\/wp-content\/plugins\/wti-like-post\/images\/pixel.gif' title='J&#039;aime ' \/><span class='lc-1784 lc'>0<\/span><\/a><\/div><div class='action-unlike'><a class='unlbg-style1 unlike-1784 jlk' href='javascript:void(0)' data-task='unlike' data-post_id='1784' data-nonce='f2892bb147' rel='nofollow'><img class='wti-pixel' src='https:\/\/aiim.fr\/wp-content\/plugins\/wti-like-post\/images\/pixel.gif' title=' J&#039;aime pas' \/><span class='unlc-1784 unlc'>0<\/span><\/a><\/div> <\/div> <div class='status-1784 status align-left'><\/div><\/div><div class='wti-clear'><\/div>","protected":false},"excerpt":{"rendered":"<p>la conf\u00e9rence du 21 novembre avec un b\u00e9mol, une gr\u00e8ve annonc\u00e9e pour le jour m\u00eame.<\/p>\n","protected":false},"author":4,"featured_media":1785,"comment_status":"open","ping_status":"open","sticky":false,"template":"","format":"standard","meta":{"_jetpack_memberships_contains_paid_content":false,"footnotes":"","jetpack_publicize_message":"","jetpack_publicize_feature_enabled":true,"jetpack_social_post_already_shared":true,"jetpack_social_options":{"image_generator_settings":{"template":"highway","default_image_id":0,"font":"","enabled":false},"version":2}},"categories":[7],"tags":[],"class_list":["post-1784","post","type-post","status-publish","format-standard","has-post-thumbnail","hentry","category-historique-evenements"],"jetpack_publicize_connections":[],"jetpack_featured_media_url":"https:\/\/aiim.fr\/wp-content\/uploads\/2024\/11\/doleances-2-Copie.png","jetpack_sharing_enabled":true,"_links":{"self":[{"href":"https:\/\/aiim.fr\/index.php?rest_route=\/wp\/v2\/posts\/1784","targetHints":{"allow":["GET"]}}],"collection":[{"href":"https:\/\/aiim.fr\/index.php?rest_route=\/wp\/v2\/posts"}],"about":[{"href":"https:\/\/aiim.fr\/index.php?rest_route=\/wp\/v2\/types\/post"}],"author":[{"embeddable":true,"href":"https:\/\/aiim.fr\/index.php?rest_route=\/wp\/v2\/users\/4"}],"replies":[{"embeddable":true,"href":"https:\/\/aiim.fr\/index.php?rest_route=%2Fwp%2Fv2%2Fcomments&post=1784"}],"version-history":[{"count":1,"href":"https:\/\/aiim.fr\/index.php?rest_route=\/wp\/v2\/posts\/1784\/revisions"}],"predecessor-version":[{"id":1788,"href":"https:\/\/aiim.fr\/index.php?rest_route=\/wp\/v2\/posts\/1784\/revisions\/1788"}],"wp:featuredmedia":[{"embeddable":true,"href":"https:\/\/aiim.fr\/index.php?rest_route=\/wp\/v2\/media\/1785"}],"wp:attachment":[{"href":"https:\/\/aiim.fr\/index.php?rest_route=%2Fwp%2Fv2%2Fmedia&parent=1784"}],"wp:term":[{"taxonomy":"category","embeddable":true,"href":"https:\/\/aiim.fr\/index.php?rest_route=%2Fwp%2Fv2%2Fcategories&post=1784"},{"taxonomy":"post_tag","embeddable":true,"href":"https:\/\/aiim.fr\/index.php?rest_route=%2Fwp%2Fv2%2Ftags&post=1784"}],"curies":[{"name":"wp","href":"https:\/\/api.w.org\/{rel}","templated":true}]}}