{"id":1873,"date":"2025-12-20T14:04:28","date_gmt":"2025-12-20T13:04:28","guid":{"rendered":"https:\/\/aiim.fr\/?p=1873"},"modified":"2025-12-20T14:07:31","modified_gmt":"2025-12-20T13:07:31","slug":"la-classe-politique-sert-elle-la-democratie","status":"publish","type":"post","link":"https:\/\/aiim.fr\/?p=1873","title":{"rendered":"DISSOLUTION 2024 : UNE CRISE, MAIS DE QUELLE PROFONDEUR ?"},"content":{"rendered":"\n<figure class=\"wp-block-gallery has-nested-images columns-default is-cropped wp-block-gallery-1 is-layout-flex wp-block-gallery-is-layout-flex\">\n<figure class=\"wp-block-image size-large\"><img fetchpriority=\"high\" decoding=\"async\" width=\"497\" height=\"281\" data-id=\"1988\" src=\"https:\/\/aiim.fr\/wp-content\/uploads\/2025\/11\/TF1.jpeg\" alt=\"\" class=\"wp-image-1988\" srcset=\"https:\/\/aiim.fr\/wp-content\/uploads\/2025\/11\/TF1.jpeg 497w, https:\/\/aiim.fr\/wp-content\/uploads\/2025\/11\/TF1-300x170.jpeg 300w\" sizes=\"(max-width: 497px) 100vw, 497px\" \/><\/figure>\n\n\n\n<figure class=\"wp-block-image size-large\"><img decoding=\"async\" width=\"499\" height=\"283\" data-id=\"1989\" src=\"https:\/\/aiim.fr\/wp-content\/uploads\/2025\/11\/AN.jpeg\" alt=\"\" class=\"wp-image-1989\" srcset=\"https:\/\/aiim.fr\/wp-content\/uploads\/2025\/11\/AN.jpeg 499w, https:\/\/aiim.fr\/wp-content\/uploads\/2025\/11\/AN-300x170.jpeg 300w\" sizes=\"(max-width: 499px) 100vw, 499px\" \/><\/figure>\n<\/figure>\n\n\n\n<p style=\"font-size:20px\">INTRODUCTION<\/p>\n\n\n\n<p>La temp\u00eate politique provoqu\u00e9e par les r\u00e9sultats catastrophiques du camp pr\u00e9sidentiel aux \u00e9lections europ\u00e9ennes de 2024 a men\u00e9 \u00e0 la dissolution de l&rsquo;Assembl\u00e9e nationale (*). Les l\u00e9gislatives qui ont suivi (assorties de tractations f\u00e9briles) ont confirm\u00e9 le rejet de la politique gouvernementale et de la personne d&rsquo;E. Macron oblig\u00e9 d&rsquo;accepter la d\u00e9mission du gouvernement. Manifestement, pour gagner du temps en vue de sortir de cette impasse, le chef de l&rsquo;\u00c9tat d\u00e9cr\u00e8te alors la \u00ab&nbsp;tr\u00eave olympique&nbsp;\u00bb. Cependant, malgr\u00e9 de nombreuses man\u0153uvres et concertations \u00e0 ciel ouvert et en coulisses, en vue d&rsquo;\u00e9carter le RN puis le NFP, la majorit\u00e9 absolue n&rsquo;\u00e9choie \u00e0 aucun parti. La nomination d&rsquo;un premier ministre dans un tel contexte (outre qu&rsquo;elle rappelle la d\u00e9pendance totale de tout le syst\u00e8me politique \u00e0 la d\u00e9cision d&rsquo;un seul) s&rsquo;accompagne d&rsquo;une s\u00e9rie de consultations st\u00e9riles, de luttes intestines, de petits arrangements, d&rsquo;alliances opportunistes, d&rsquo;accusations d\u2019anti-r\u00e9publicanisme, de menaces de destitution et de censure&nbsp;; du jamais vu sous la Ve R\u00e9publique, pour le meilleur ou pour le pire. (**)<\/p>\n\n\n\n<p style=\"font-size:13px\">(*) <a href=\"https:\/\/www.sisyphe-avocats.fr\/item\/168-questions-dissolution-legislatives-2024\">25 questions concr\u00e8tes apr\u00e8s la dissolution et avant les l\u00e9gislatives 2024<\/a><\/p>\n\n\n\n<p style=\"font-size:13px\">(**) <a href=\"https:\/\/www.huffingtonpost.fr\/politique\/article\/de-la-dissolution-aux-tractations-pour-matignon-le-recit-d-un-ete-politique-chaotique_238980.html\">De la dissolution aux tractations pour Matignon, le r\u00e9cit d\u2019un \u00e9t\u00e9 politique chaotique<\/a><\/p>\n\n\n\n<p>Apr\u00e8s un \u00e9t\u00e9 chaotique, une ann\u00e9e non moins chaotique s&rsquo;est \u00e9coul\u00e9e o\u00f9 a \u00e9t\u00e9 battu le record d&rsquo;instabilit\u00e9 gouvernementale sous la Ve R\u00e9publique, et m\u00eame un record absolu de bri\u00e8vet\u00e9 avec les quatorze heures d&rsquo;existence du gouvernement Lecornu I&nbsp;. Preuve est faite en tous cas, et si besoin \u00e9tait, que sous la Ve R\u00e9publique le chef de l&rsquo;\u00c9tat peut se maintenir en toute circonstance, et s&rsquo;asseoir m\u00eame sur la logique traditionnelle de cohabitation qui d\u00e9signait il y a un an, a priori, une personnalit\u00e9 du NFP comme 1er ministre. Une fois \u00e9lu, le pr\u00e9sident de la R\u00e9publique, chef de son camp parlementaire, disposant de pr\u00e9rogatives sans \u00e9quivalent dans tout autre pays de l&rsquo;OCDE, peut absorber \u00e9galement, sans conteste, \u00e0 la fois la fonction du chef du gouvernement et l&rsquo;essentiel du pouvoir l\u00e9gislatif (*). On a qualifi\u00e9 ce syst\u00e8me de \u00ab&nbsp;pr\u00e9sidentialiste&nbsp;\u00bb, voire d&rsquo;&nbsp;\u00ab\u00a0hyper-pr\u00e9sidentialiste\u00a0\u00bb, sans doute afin d&rsquo;\u00e9viter pudiquement celui de \u00ab&nbsp;despotisme (plus ou moins) \u00e9clair\u00e9&nbsp;\u00bb, r\u00e9gime que permet en pratique notre Constitution.<br>Appara\u00eet assez clairement aujourd&rsquo;hui ce qu&rsquo;ont \u00e9t\u00e9 essentiellement les ambitions et la feuille de route du macronisme \u00e0 ses origines (avant m\u00eame la nomination de Macron \u00e0 Bercy en 2014 \u00e0 la place de Montebourg), d\u00e9j\u00e0 comme ex-banquier chez Rothschild et conseiller de Hollande&nbsp;: parachever le \u00ab&nbsp;grand \u0153uvre<em>&nbsp;\u00bb n\u00e9olib\u00e9ral de ses pr\u00e9d\u00e9cesseurs. Principalement, privatiser le syst\u00e8me des retraites, mettre la derni\u00e8re main \u00e0 la d\u00e9sindustrialisation du pays (**) et d\u00e9truire ce qui restait du service public (***), tout en creusant l&rsquo;endettement chronique de l&rsquo;\u00c9tat et donner par l\u00e0-m\u00eame \u00e0 ses cr\u00e9anciers droit de regard et de d\u00e9cision sur ses politiques.<\/em><\/p>\n\n\n\n<p style=\"font-size:13px\">(*) <a href=\"https:\/\/www.cairn.info\/revue-pouvoirs-2018-3-page-69.htm\">Soixante ans de subordination parlementaire | Cairn.info<\/a><\/p>\n\n\n\n<p style=\"font-size:13px\">(**) <a href=\"https:\/\/www.france.tv\/france-5\/le-monde-en-face\/7160951-qui-a-tue-l-industrie-francaise.html\">https:\/\/www.france.tv\/france-5\/le-monde-en-face\/7160951-qui-a-tue-l-industrie-francaise.html<\/a><\/p>\n\n\n\n<p style=\"font-size:13px\">(***) <a href=\"https:\/\/pratiques.fr\/Tuer-un-service-public-en-cinq-etapes\">https:\/\/pratiques.fr\/Tuer-un-service-public-en-cinq-etapes<\/a><\/p>\n\n\n\n<p>Quoique issu du suffrage, le chef de l&rsquo;\u00c9tat n&rsquo;est pas porteur d&rsquo;une mission populaire, et du reste il n&rsquo;est m\u00eame pas tenu de respecter le programme sur lequel il a \u00e9t\u00e9 \u00e9lu. La majorit\u00e9 absolue dont il b\u00e9n\u00e9ficie par la magie d&rsquo;une prime (le \u00ab&nbsp;fait majoritaire&nbsp;\u00bb), s&rsquo;applique quand bien m\u00eame il n&rsquo;aurait pas m\u00eame obtenu un quart des suffrages au 1<sup>er<\/sup> tour \u2013 la stabilit\u00e9 du r\u00e9gime primant la valeur d\u00e9mocratique de celui-ci. Parmi la nation, le chef de l&rsquo;\u00c9tat n&rsquo;a donc gu\u00e8re de comptes \u00e0 rendre, sinon \u00e0 son propre camp dont les acteurs de premier plan, en terme d&rsquo;efficience, ne figurent pas dans le processus d\u00e9mocratique. Ils sont pour l&rsquo;essentiel le Conseil et la Commission de l&rsquo;UE et les gouverneurs de la BCE d\u00e9tentrice du pouvoir mon\u00e9taire. Il faut encore ajouter nombre de puissants lobbies tels que le Comit\u00e9 europ\u00e9en de la Chambre de commerce am\u00e9ricaine (EU Committee of AmCham (*)), l\u2019European Round Table (La Table ronde des industriels europ\u00e9ens (**)) ou l&rsquo;association patronale BusinessEurope, sans doute le plus puissant acteur d&rsquo;entre tous, si l&rsquo;on consid\u00e8re que ses documents internes sont r\u00e9guli\u00e8rement traduits dans les formes des directives europ\u00e9ennes (***). \u00c0 remarquer que s&rsquo;il est souhaitable d&rsquo;acqu\u00e9rir un minimum de notions en sciences sociales pour \u00e9valuer les arguments de ces artisans d&rsquo;un lib\u00e9ralisme tous azimuts, on peut d\u00e9j\u00e0, \u00e0 tout le moins, en juger d&rsquo;apr\u00e8s leurs effets bien concrets ; les bouleversements structurels qu&rsquo;ont subi au fil des ans les nations de l&rsquo;UE ; typiquement, en France, la d\u00e9molition progressive et syst\u00e9matique des r\u00e9alisations issues du programme du C.N.R. (Conseil national de la R\u00e9sistance) qui visait r\u00e9solument le bien commun et l&rsquo;int\u00e9r\u00eat g\u00e9n\u00e9ral (****).<\/p>\n\n\n\n<p style=\"font-size:13px\">(*) <a href=\"https:\/\/fr.wikipedia.org\/wiki\/Chambre_de_commerce_des_\u00c9tats-Unis\">https:\/\/fr.wikipedia.org\/wiki\/Chambre_de_commerce_des_%C3%89tats-Unis<\/a><\/p>\n\n\n\n<p style=\"font-size:13px\">(**) <a href=\"https:\/\/fr.wikipedia.org\/wiki\/Table_ronde_des_industriels_europ\u00e9ens\">https:\/\/fr.wikipedia.org\/wiki\/Table_ronde_des_industriels_europ%C3%A9ens<\/a><\/p>\n\n\n\n<p style=\"font-size:13px\">(***)  Documentaire Au nom de l&rsquo;Europe, 31-05-2024, Camille Adam &#8211; https:\/\/fr.tipeee.com\/au-nom-de-leurope + https:\/\/youtu.be\/yY9h0edVVPk<\/p>\n\n\n\n<p style=\"font-size:13px\">(****) https:\/\/www.fondationresistance.org\/pedagogie\/espace-enseignant\/dossiers-thematiques\/dossier-thematique\/conseil-national-sistance-dossier-thematique-22\/ + Voir dans les notes en fin d&rsquo;article le PDF 7 Le CNR et son programme (re\u0301sume\u0301)<\/p>\n\n\n\n<figure class=\"wp-block-gallery has-nested-images columns-default is-cropped wp-block-gallery-2 is-layout-flex wp-block-gallery-is-layout-flex\">\n<figure class=\"wp-block-image size-large\"><img decoding=\"async\" width=\"1024\" height=\"664\" data-id=\"2001\" src=\"https:\/\/aiim.fr\/wp-content\/uploads\/2025\/11\/Le-C.N.R.-27-mai-1943-1024x664.jpg\" alt=\"\" class=\"wp-image-2001\" srcset=\"https:\/\/aiim.fr\/wp-content\/uploads\/2025\/11\/Le-C.N.R.-27-mai-1943-1024x664.jpg 1024w, https:\/\/aiim.fr\/wp-content\/uploads\/2025\/11\/Le-C.N.R.-27-mai-1943-300x195.jpg 300w, https:\/\/aiim.fr\/wp-content\/uploads\/2025\/11\/Le-C.N.R.-27-mai-1943-768x498.jpg 768w, https:\/\/aiim.fr\/wp-content\/uploads\/2025\/11\/Le-C.N.R.-27-mai-1943.jpg 1200w\" sizes=\"(max-width: 1024px) 100vw, 1024px\" \/><figcaption class=\"wp-element-caption\"><mark style=\"background-color:#fefdfd\" class=\"has-inline-color has-black-color\">Le Conseil National de la R\u00e9sistance, 27 mai 1943<\/mark><\/figcaption><\/figure>\n\n\n\n<figure class=\"wp-block-image size-large\"><img loading=\"lazy\" decoding=\"async\" width=\"770\" height=\"437\" data-id=\"2002\" src=\"https:\/\/aiim.fr\/wp-content\/uploads\/2025\/11\/E.-Macron-au-Conseil-europeen-informel-de-Copenhague-1er-octobre-2025.jpg\" alt=\"\" class=\"wp-image-2002\" srcset=\"https:\/\/aiim.fr\/wp-content\/uploads\/2025\/11\/E.-Macron-au-Conseil-europeen-informel-de-Copenhague-1er-octobre-2025.jpg 770w, https:\/\/aiim.fr\/wp-content\/uploads\/2025\/11\/E.-Macron-au-Conseil-europeen-informel-de-Copenhague-1er-octobre-2025-300x170.jpg 300w, https:\/\/aiim.fr\/wp-content\/uploads\/2025\/11\/E.-Macron-au-Conseil-europeen-informel-de-Copenhague-1er-octobre-2025-768x436.jpg 768w\" sizes=\"(max-width: 770px) 100vw, 770px\" \/><figcaption class=\"wp-element-caption\"><mark style=\"background-color:#fdfafa\" class=\"has-inline-color has-black-color\">Conseil europe\u0301en informel de Copenhague, 1er octobre 2025<\/mark><\/figcaption><\/figure>\n<\/figure>\n\n\n\n<p>La place centrale ordinairement attribu\u00e9e au pr\u00e9sident au sein du \u00ab&nbsp;camp pr\u00e9sidentiel&nbsp;\u00bb rel\u00e8ve donc plus des apparences que de la r\u00e9alit\u00e9. Certes, la Constitution l&rsquo;a dot\u00e9 d&rsquo;un catalogue de pr\u00e9rogatives \u00e0 nul autre pareil parmi ses homologues de l&rsquo;UE. Mais il reste que son domaine porte sur la mise en \u0153uvre, et bien peu sur l&rsquo;\u00e9laboration des politiques de l&rsquo;\u00c9tat, globalement dict\u00e9es depuis Maastricht par le projet n\u00e9olib\u00e9ral europ\u00e9en, caract\u00e9ris\u00e9 par la mise au pas par l&rsquo;\u00e9conomique de tous les autres aspects soci\u00e9taux (*) (**). Quoique occupant une position relativement subalterne dans cet organigramme, le pr\u00e9sident, seul entre tous issu des urnes, apporte sa caution d\u00e9mocratique \u00e0 ces planificateurs les plus directs de nos \u00e9volutions soci\u00e9tales. Nettement moins en vue, quoique omnipr\u00e9sentes dans ces politiques de l&rsquo;\u00c9tat, figurent encore les exigences incontournables des cr\u00e9anciers des entreprises et des m\u00e9nages, et tout particuli\u00e8rement des march\u00e9s financiers d\u00e9tenteurs de la dette nationale. (***)<\/p>\n\n\n\n<p style=\"font-size:13px\">(*) Voir dans les notes de fin le PDF 8  : Les GOP(Economiques ?) Observatoire social europe\u0301en, 2001.<\/p>\n\n\n\n<p style=\"font-size:13px\">(**) Avant l\u2019entr\u00e9e en vigueur du trait\u00e9 de Maastricht (1993), le Parlement fran\u00e7ais n\u2019avait aucun pouvoir de contr\u00f4le pr\u00e9alable sur les projets d\u2019actes l\u00e9gislatifs europ\u00e9ens. Apr\u00e8s Maastricht, au niveau national, la r\u00e9vision constitutionnelle de 1992 a introduit l\u2019article 88-4 de la Constitution, instaurant un contr\u00f4le parlementaire limit\u00e9 qui n&rsquo;honore pas la d\u00e9mocratie (voir PDF 11 dans les notes de fin).<\/p>\n\n\n\n<p style=\"font-size:13px\">(***) <a href=\"https:\/\/shs.cairn.info\/revue-internationale-et-strategique-2013-3-page-173?lang=fr\">La loi de janvier 1973 sur la Banque de France&nbsp;: le d\u00e9but du capitalisme financiaris\u00e9 | Cairn.info<\/a> + Dette de la France (France-Inflation.com) &#8211; <a href=\"https:\/\/france-inflation.com\/dette_publique_france_1950.php\">https:\/\/france-inflation.com\/dette_publique_france_1950.php<\/a><\/p>\n\n\n\n<p>En terme de communication, ces grands acteurs du changement ont par ailleurs de pr\u00e9cieux auxiliaires en l&rsquo;esp\u00e8ce des grands m\u00e9dias priv\u00e9s (devenus propri\u00e9t\u00e9 d&rsquo;une \u00e9lite \u00e9conomique figurant au CAC 40). Ces entreprises du business de l&rsquo;information (largement subventionn\u00e9es au d\u00e9triment des m\u00e9dias ind\u00e9pendants), pour qui la Charte de Munich n&rsquo;est qu&rsquo;un bout de papier, surexposent ce qui favorise leurs int\u00e9r\u00eats, alt\u00e8rent voire occultent le restant, et \u00e0 d\u00e9faut d&rsquo;argument pour hausser la cote de leurs champions politiques, diabolisent les adversaires de ces derniers (*). Les m\u00e9dias publics ne sont pas en reste ; Mis au go\u00fbt directifs de chaque nouvelle l\u00e9gislature, ils offrent des tribunes r\u00e9guli\u00e8res au gouvernement, ainsi qu&rsquo;aux laboratoires d&rsquo;id\u00e9es r\u00e9pondants de ses mesures lib\u00e9rales) (**). S&rsquo;ajoute \u00e0 ce dispositif une pl\u00e9thore d&rsquo;on\u00e9reux cabinets de conseil (qui ont pris le pas sur les cabinets minist\u00e9riels), devenus membres officieux de l&rsquo;ex\u00e9cutif, au premier rang desquels le cabinet McKinsley (***). Plus insidieusement, sous l&rsquo;\u00e9tiquette \u00ab&nbsp;ONG&nbsp;\u00bb, diverses fondations et associations dites \u00ab&nbsp;\u00e0 but non lucratif et d&rsquo;int\u00e9r\u00eat public&nbsp;\u00bb s&#8217;emploient \u00e0 faire passer le d\u00e9veloppement \u00e9conomique lib\u00e9ral pour de l&rsquo;humanitarisme. Du reste, certaines ONG, issues de mouvements alternatifs participent, parfois \u00e0 leur insu, \u00e0 ce double jeu. Un jeu lucratif&nbsp;: en avril dernier, l&rsquo;UE vient \u00e0 nouveau d&rsquo;\u00eatre \u00e9pingl\u00e9e par la Cour des comptes europ\u00e9enne pour le flou et l&rsquo;opacit\u00e9 qui entourent ses subventions aux ONG (7,4 milliards \u20ac entre 2021 et 2023). (****)<\/p>\n\n\n\n<p style=\"font-size:13px\">(*) <a href=\"https:\/\/www.acrimed.org\/La-concentration-des-medias-en-debat-a-l\">La concentration des m\u00e9dias en d\u00e9bat \u00e0 l\u2019Assembl\u00e9e nationale &#8211; Acrimed | Action Critique M\u00e9dias<\/a><\/p>\n\n\n\n<p style=\"font-size:13px\">(**) <a href=\"https:\/\/www.acrimed.org\/Presidence-de-Radio-France-six-projets-pour-une\">Pr\u00e9sidence de Radio France : six projets pour une m\u00eame obsession manag\u00e9riale &#8211; Acrimed | Action Critique M\u00e9dias<\/a><\/p>\n\n\n\n<p style=\"font-size:13px\">(***) <a href=\"https:\/\/www.leparisien.fr\/faits-divers\/affaire-mckinsey-une-enquete-judiciaire-ouverte-pour-financement-illegal-de-la-campagne-demmanuel-macron-en-2017-24-11-2022-3XA3WCMVG5DMJGWWLJPCNOXG2I.php\">Cabinet de conseil McKinsey&nbsp;: la justice enqu\u00eate sur les comptes de campagne d\u2019Emmanuel Macron en&nbsp;2017 et&nbsp;2022 &#8211; Le Parisien<\/a> + <a href=\"https:\/\/www.lemonde.fr\/politique\/article\/2022\/11\/24\/deux-enquetes-sur-les-conditions-d-intervention-des-cabinets-de-conseil-dans-les-campagnes-de-2017-et-2022-ouvertes-par-le-parquet-national-financier_6151453_823448.html\">Deux enqu\u00eates sur les \u00ab&nbsp;conditions d\u2019intervention des cabinets de conseil dans les campagnes de 2017 et 2022&nbsp;\u00bb ouvertes par le Parquet national financier<\/a> + <a href=\"http:\/\/www.senat.fr\/rap\/r21-578-1\/r21-578-11.pdf\">Rapport S\u00e9nat sur cabinets de conseils (2021-2022)<\/a><\/p>\n\n\n\n<p style=\"font-size:13px\">(****) https:\/\/www.euractiv.fr\/section\/all\/news\/auditeurs-ue-abus-choquants-financement-ong\/ + <a href=\"\/\/\/Users\/pascal\/Downloads\/humanitaire-3056.pdf\">Les ONG, cheval de Troie du n\u00e9olib\u00e9ralisme ? &#8211; humanitaire-3056.pdf<\/a><\/p>\n\n\n\n<p>L&rsquo;ensemble des pr\u00e9cit\u00e9s \u00ab&nbsp;acteurs du changement&nbsp;\u00bb, \u0153uvre donc de concert dans et autour de cette vaste technocratie administrative r\u00e9formatrice, mi-publique mi-priv\u00e9e, qu&rsquo;est l&rsquo;UE (*). C&rsquo;est l\u00e0 que se planifie, sans elles, le sort des populations. Les r\u00e9formes souvent conflictuelles, parfois traumatisantes, qui leur sont impos\u00e9es depuis des d\u00e9cennies, l\u00e9gislature apr\u00e8s l\u00e9gislature, ont pour objectif commun d&rsquo;adapter les soci\u00e9t\u00e9s aux imp\u00e9ratifs d&rsquo;une \u00e9conomie lib\u00e9rale mondialis\u00e9e (**). L&rsquo;\u00c9tat lui-m\u00eame, ses administrations et toute la sph\u00e8re \u00e9conomique publique, y sont soumis. Entr\u00e9s dans le grand jeu de la concurrence, ils se doivent de prendre pour mod\u00e8le de gestion, comme les trait\u00e9s l&rsquo;exigent, celui d&rsquo;une entreprise priv\u00e9e efficace et rentable. On continue de parler d&rsquo;\u00c9tat de droit et d&rsquo;\u00c9tat-nation, mais ces expressions n&rsquo;ont plus de valeur juridique&nbsp;; leurs attributs essentiels, ind\u00e9pendance et souverainet\u00e9, leur ayant \u00e9t\u00e9 retir\u00e9s. Le droit qui a fait l&rsquo;\u00c9tat et lui a donn\u00e9 sa l\u00e9gitimit\u00e9 d\u00e9mocratique, ce droit dont l&rsquo;\u00c9tat \u00e9tait garant, n&rsquo;est plus celui auquel il se conforme. Sur le strict plan de la l\u00e9galit\u00e9, et \u00e0 ce titre, la construction europ\u00e9enne est un m\u00e9li-m\u00e9lo d&rsquo;abdication et d&rsquo;usurpation de pouvoirs qui n&rsquo;ont jamais dit leurs noms. C&rsquo;est au fond le coup d&rsquo;\u00c9tat le plus long, le plus insonore et le plus insidieux jamais r\u00e9alis\u00e9, et sur plusieurs \u00c9tats \u00e0 la fois par dessus le march\u00e9. C&rsquo;est l\u00e0 une des grandes singularit\u00e9s de l&rsquo;UE qui restera pour l&rsquo;avenir un cas d&rsquo;\u00e9cole.<\/p>\n\n\n\n<p><em>S<\/em>ur ce projet europ\u00e9en (autant qu&rsquo;\u00e9tasunien), \u00e9voluant longtemps dans un flou n\u00e9buleux philosophico-politico-\u00e9conomiqie,(***) les populations ont tardivement \u00e9t\u00e9 consult\u00e9es. La m\u00e9fiance qui s&rsquo;est exprim\u00e9e dans leur \u00ab&nbsp;oui&nbsp;\u00bb timide au Trait\u00e9 de Maastricht en 1992 s&rsquo;est confirm\u00e9e en 2005&nbsp;; elles n&rsquo;ont pas donn\u00e9 majoritairement leur adh\u00e9sion aux termes du document touffu, mi-trait\u00e9, mi-constitution qu&rsquo;on leur a soumis alors. Sous le faux nom de \u00ab&nbsp;repr\u00e9sentants&nbsp;\u00bb, ce sont les parlementaires r\u00e9unis en Congr\u00e8s qui vont le ratifier en France deux ans plus tard. Et on ne parlera plus de r\u00e9f\u00e9rendum dans l&rsquo;UE.<\/p>\n\n\n\n<p>Cela nous rappelle qu&rsquo;en l&rsquo;\u00e9tat de notre Constitution, le citoyen ne dispose que d&rsquo;un droit civique de participation \u00e0 la d\u00e9cision. Le pouvoir de d\u00e9cision en soi \u00e9tant d\u00e9tenu exclusivement par ses repr\u00e9sentants. Du fait de l&rsquo;extr\u00eame raret\u00e9 de recours au r\u00e9f\u00e9rendum, d\u00e9volu aux \u00e9lites, le droit de vote est quasiment inconnu en France et confondu avec le droit d&rsquo;\u00e9lire \u2013 dont l&rsquo;exercice est encore circonscrit, particuli\u00e8rement lors des enjeux nationaux, \u00e0 une pr\u00e9s\u00e9lection impos\u00e9e par le syst\u00e8me des partis politiques.<\/p>\n\n\n\n<p style=\"font-size:13px\">(*) Une \u00e9tude command\u00e9e par le Medef comptabilise 502 obligations et 3 670 pages de r\u00e9glementations sur les entreprises, sortis de la Commission europ\u00e9enne et du Parlement entre 2017 et 2022, soit une moyenne mensuelle de 7 nouvelles obligations et 51 pages de r\u00e9glementation. En vingt ans, c\u00f4t\u00e9 administration publique, le Code g\u00e9n\u00e9ral des collectivit\u00e9s territoriales a tripl\u00e9 de volume. (source&nbsp;: l&rsquo;Opinion, 6 avril 2023)<\/p>\n\n\n\n<p style=\"font-size:13px\">(**) Voir dans les notes de fin le PDF \u00ab\u00a0Re\u0301formes libe\u0301rales sous la Ve Re\u0301publique\u00a0\u00bb (source : Grok)<\/p>\n\n\n\n<p style=\"font-size:13px\">(***) <a href=\"https:\/\/shs.cairn.info\/revue-relations-internationales-2019-4-page-3?lang=fr\">Business, anticommunisme et n\u00e9olib\u00e9ralisme&nbsp;: r\u00e9seaux transatlantiques durant la Guerre froide | Cairn.info<\/a><\/p>\n\n\n\n<p style=\"font-size:20px\"><strong>LE SYST\u00c8ME DES PARTIS ET LA D\u00c9MOCRATIE<\/strong> (*)<\/p>\n\n\n\n<figure class=\"wp-block-gallery has-nested-images columns-default is-cropped wp-block-gallery-3 is-layout-flex wp-block-gallery-is-layout-flex\">\n<figure class=\"wp-block-image size-large\"><img loading=\"lazy\" decoding=\"async\" width=\"498\" height=\"314\" data-id=\"1877\" src=\"https:\/\/aiim.fr\/wp-content\/uploads\/2025\/10\/Tribune-sous-masque-2-e1762262979725.jpg\" alt=\"\" class=\"wp-image-1877\" srcset=\"https:\/\/aiim.fr\/wp-content\/uploads\/2025\/10\/Tribune-sous-masque-2-e1762262979725.jpg 498w, https:\/\/aiim.fr\/wp-content\/uploads\/2025\/10\/Tribune-sous-masque-2-e1762262979725-300x189.jpg 300w\" sizes=\"(max-width: 498px) 100vw, 498px\" \/><\/figure>\n\n\n\n<figure class=\"wp-block-image size-large\"><img decoding=\"async\" data-id=\"1876\" src=\"https:\/\/aiim.fr\/wp-content\/uploads\/2025\/10\/Tribune-2.jpg\" alt=\"\" class=\"wp-image-1876\" \/><\/figure>\n<\/figure>\n\n\n\n<p style=\"font-size:13px\">(*) On pourrait \u00e9galement interroger cette relation au sujet des syndicats. C&rsquo;est ce qu&rsquo;avait tent\u00e9 en 2011 le d\u00e9put\u00e9 Nicolas Perruchot \u00e0 l&rsquo;origine d&rsquo;une commission d&rsquo;enqu\u00eate parlementaire. Le rapport qu&rsquo;il pr\u00e9sente devant l&rsquo;Assembl\u00e9e, en novembre de cette ann\u00e9e-l\u00e0, est alors imm\u00e9diatement rejet\u00e9 et interdit de publication pendant 25 ans. Voir dans les notes de fin le PDF 43.<\/p>\n\n\n\n<p>Comment ce grand principe r\u00e9publicain d&rsquo;ind\u00e9pendance du repr\u00e9sentant vis \u00e0 vis de ses \u00e9lecteurs &#8211; cens\u00e9 \u00eatre au profit de la nation tout enti\u00e8re \u2013 peut-il s&rsquo;arranger sans hypocrisie de la d\u00e9pendance du repr\u00e9sentant vis \u00e0 vis de son parti&nbsp; et\/ou de son groupe parlementaire ?<\/p>\n\n\n\n<p>Le syst\u00e8me des partis s&rsquo;est impos\u00e9 comme un dispositif incontournable, pour toute \u00e9lection d\u00e9cisive, entre le citoyen et son repr\u00e9sentant. En terme de visibilit\u00e9, il est parvenu \u00e0 occuper la place centrale dans ce processus de d\u00e9l\u00e9gation de souverainet\u00e9. Mais le pluralisme qu&rsquo;il sugg\u00e8re ne peut cacher que soit rendue insignifiante et illusoire la diversit\u00e9 des opinions et des choix exprim\u00e9s &#8211; le mode de scrutin et le fait majoritaire n&rsquo;offrant \u00e0 l&rsquo;\u00e9lectorat alternatif qu&rsquo;une opposition sans moyens de s&rsquo;opposer (*). Ce sch\u00e9ma, bien install\u00e9 depuis des d\u00e9cades, b\u00e9n\u00e9ficie en amont du concours des grands m\u00e9dias et des instituts de sondage contribuant \u00e0 l&rsquo;\u00e9limination des hommes et des id\u00e9es jug\u00e9s \u00ab&nbsp;non conformes \u00e0 l&rsquo;imp\u00e9ratif de stabilit\u00e9&nbsp;\u00bb, d\u00e9sign\u00e9s comme dissidents d&rsquo;un \u00ab&nbsp;arc r\u00e9publicain&nbsp;\u00bb autog\u00e8ne, aussi n\u00e9buleux qu&rsquo;arbitraire. Face aux injonctions r\u00e9formatrices d&rsquo;un r\u00e9gime per\u00e7u de plus en plus comme irr\u00e9formable, une part croissante de l&rsquo;\u00e9lectorat se trouve alors pouss\u00e9e vers le vote sanction ou l&rsquo;abstention. En r\u00e9alit\u00e9, depuis le milieu du XXe si\u00e8cle, la nation n&rsquo;a cess\u00e9 d&rsquo;\u00e9voluer vers une dyarchie (**)&nbsp;; deux grands partis concourant au troph\u00e9e du chef de l&rsquo;\u00c9tat. Leurs similitudes ont toujours d\u00e9pass\u00e9 de loin leurs diff\u00e9rences&nbsp;: m\u00eame tropisme lib\u00e9ral&nbsp;; m\u00eame profil technocratique de leurs dirigeants&nbsp;; m\u00eame esprit de caste&nbsp;; sensiblement m\u00eames \u00e9l\u00e9ments de langage&nbsp;; m\u00eame volont\u00e9 de maintien du statu quo, voire de son renforcement&nbsp;; m\u00eame \u00e9nergie d\u00e9pens\u00e9e syst\u00e9matiquement \u00e0 l&rsquo;\u00e9limination de la concurrence (quand ce n&rsquo;est \u00e0 des querelles intestines), plut\u00f4t qu&rsquo;\u00e0 honorer la fonction qu&rsquo;ils occupent&nbsp;; m\u00eame indiff\u00e9rence aux effets sociaux de leur politique, une fois \u00e9lus, tant que ceux-ci ne rel\u00e8vent pas du maintien de l&rsquo;ordre public&#8230; De toutes les mani\u00e8res, parvenus au pouvoir sur n&rsquo;importe quel programme, un m\u00eame h\u00e9ritage lib\u00e9ral les attend, coiff\u00e9 par la gestion de la dette et du d\u00e9ficit structurel en l&rsquo;absence de souverainet\u00e9 mon\u00e9taire. <\/p>\n\n\n\n<p style=\"font-size:13px\">(*) <a href=\"https:\/\/aideauxtd.com\/le-fait-majoritaire\/\">Le fait majoritaire (Droit constitutionnel) | Aideauxtd.com<\/a> + <a href=\"https:\/\/blog.juspoliticum.com\/2022\/06\/24\/ni-fait-majoritaire-ni-cohabitation-la-cinquieme-republique-dans-le-monde-dapres-par-denis-baranger\/\">NI FAIT MAJORITAIRE, NI COHABITATION&nbsp;: LA CINQUIEME REPUBLIQUE DANS LE MONDE D\u2019APRES\u2026 Par Denis Baranger &#8211; JP blog<\/a><\/p>\n\n\n\n<p style=\"font-size:13px\">(**) L&rsquo;exception des ann\u00e9es 70 n&rsquo;est qu&rsquo;apparente, le \u00ab&nbsp;quadripartisme&nbsp;\u00bb de cette \u00e9poque n&rsquo;\u00e9tant au fond qu&rsquo;un \u00ab&nbsp;quadrille bipolaire&nbsp;\u00bb selon l&rsquo;expression de Maurice Duverger, Les partis politiques, Paris, Le Seuil, 1981.<\/p>\n\n\n\n<p>C&rsquo;est en 2002 que le rejet populaire de cette h\u00e9g\u00e9monie dyarchique est devenu manifeste&nbsp;: Jacques Chirac obtient certes 82,2&nbsp;% au second tour des pr\u00e9sidentielles, avec un taux de participation de 80&nbsp;%. Pourtant, 80,1&nbsp;% des \u00e9lecteurs l&rsquo;avaient rejet\u00e9 au premier tour avec un taux de participation de 72&nbsp;%. La mesure sociopolitique du ph\u00e9nom\u00e8ne ne sera pas prise mais la recette du \u00ab&nbsp;succ\u00e8s&nbsp;\u00bb bien comprise, qui passe par l&rsquo;exploitation des clivages entretenus par les partis classiques, et celui d&rsquo;une extr\u00eame droite tenant lieu de repoussoir. Ainsi, quinze ans plus tard, 76&nbsp;% des votants \u00e0 la pr\u00e9sidentielle obtiennent des miettes \u00e0 l&rsquo;Assembl\u00e9e en terme de repr\u00e9sentation, la macronie raflant la mise avec seulement 24&nbsp;% des voix au 1<sup>er<\/sup> tour.<\/p>\n\n\n\n<p>La redoutable efficacit\u00e9 de cette m\u00e9canique du fait majoritaire a \u00e9t\u00e9 d\u00e9montr\u00e9e une fois de plus. Toutefois, c&rsquo;est son infaillibilit\u00e9 que ses b\u00e9n\u00e9ficiaires semblent viser&nbsp;; Soit en \u00e9cartant ce qui pourrait la mettre en d\u00e9faut (comme la formation d&rsquo;une v\u00e9ritable opposition, l&rsquo;introduction du RIC (*), d&rsquo;une dose de proportionnelle ou l&rsquo;adoption du parrainage citoyen)&nbsp;; soit en la confortant&nbsp;: exemple des lois organiques d&rsquo;avril 2016, dites \u00ab&nbsp;de modernisation&nbsp;\u00bb des r\u00e8gles applicables \u00e0 la pr\u00e9sidentielle (qualifi\u00e9es d&rsquo;\u00ab&nbsp;attentat contre la d\u00e9mocratie&nbsp;\u00bb par les petits partis)&nbsp;; ou du projet de r\u00e9duction d&rsquo;1\/3 du nombre de parlementaires annonc\u00e9 par E. Macron en 2017 (potentiellement plus soucieux \u00ab&nbsp;de l&rsquo;efficacit\u00e9 parlementaire que de la qualit\u00e9 repr\u00e9sentative des assembl\u00e9es&nbsp;\u00bb (**)).<\/p>\n\n\n\n<p style=\"font-size:13px\">(*) <a href=\"https:\/\/www.cairn.info\/revue-constructif-2022-1-page-65.htm\">Rendre la parole au peuple&nbsp;? La question du RIC | Cairn.info<\/a><\/p>\n\n\n\n<p style=\"font-size:13px\">(**) <a href=\"https:\/\/sciencespo.hal.science\/hal-02186814\/\">La r\u00e9duction du nombre de parlementaires est-elle justifi\u00e9e ? Une \u00e9valuation ex-ante &#8211; Sciences Po<\/a><\/p>\n\n\n\n<p>L&rsquo;image des partis (qui recueillent dans l&rsquo;ensemble plus de 80&nbsp;% de mauvaises opinions &#8211; pr\u00e8s de sept Fran\u00e7ais sur dix ne les jugeant m\u00eame pas \u00ab&nbsp;utiles&nbsp;\u00bb) (*) et des \u00e9lites politiques en g\u00e9n\u00e9ral ne s&rsquo;am\u00e9liore pas. Elle ne fait qu&#8217;empirer. Selon le \u00ab&nbsp;Barom\u00e8tre de la confiance en politique&nbsp;\u00bb du Cevipof (**), la confiance dans les partis n\u2019a jamais d\u00e9pass\u00e9 14 % de l\u2019\u00e9chantillon depuis 2009, \u00e0 peine plus de 10 % des Fran\u00e7ais seulement, en moyenne, disant avoir plut\u00f4t confiance ou tr\u00e8s confiance dans les partis. Jusqu\u2019aux deux tiers des Fran\u00e7ais ne font confiance ni \u00e0 la gauche ni \u00e0 la droite pour gouverner le pays. Le ph\u00e9nom\u00e8ne n&rsquo;est pas nouveau ; depuis les ann\u00e9es 1970, chaque nouveau pr\u00e9sident a syst\u00e9matiquement battu le record d&rsquo;impopularit\u00e9 de son pr\u00e9d\u00e9cesseur. Malgr\u00e9 tout, faute d&rsquo;alternative, les partis continuent de jouer un r\u00f4le de premier plan dans la vie politique fran\u00e7aise, quoiqu&rsquo;ils n&rsquo;aient pas toujours eu leur place, comme on le verra, dans la Constitution. A minima, si l&rsquo;on se r\u00e9f\u00e8re \u00e0 son actuel article 4, les partis et groupements politiques \u00ab&nbsp;doivent respecter les principes de la souverainet\u00e9 nationale et de la d\u00e9mocratie.&nbsp;\u00bb Mais que penser d\u00e8s lors du fait que tous les grands partis (dits \u00ab&nbsp;de gouvernement&nbsp;\u00bb ou \u00ab&nbsp;repr\u00e9sentatifs&nbsp;\u00bb) ont notoirement pour mod\u00e8les organisationnels la monarchie ou la ploutocratie&nbsp;? (***) &#8211; ce qu&rsquo;illustre assez bien le retour au cens qui s&rsquo;est op\u00e9r\u00e9 avec l&rsquo;invention des primaires.<\/p>\n\n\n\n<p style=\"font-size:13px\">(*) <a href=\"https:\/\/www.publicsenat.fr\/actualites\/politique\/sondage-limage-catastrophique-des-partis-aupres-des-francais\">Sondage&nbsp;: l\u2019image catastrophique des partis aupr\u00e8s des Fran\u00e7ais &#8211; Public S\u00e9nat<\/a><\/p>\n\n\n\n<p style=\"font-size:13px\">(**) Ce barom\u00e8tre est r\u00e9alis\u00e9 chaque fin d\u2019ann\u00e9e depuis 2009 par OpinionWay aupr\u00e8s d\u2019un \u00e9chantillon repr\u00e9sentatif de la population interrog\u00e9 sur internet.<\/p>\n\n\n\n<p style=\"font-size:13px\">(***) cf. Maurice Duverger, op. cit.<\/p>\n\n\n\n<p>En r\u00e9alit\u00e9, loin d&rsquo;\u00eatre bannis pour ces raisons du champ politique, ils se sont vus gratifi\u00e9s d&rsquo;un financement public par une loi de mars 1988 \u2013 ce que ces partis vont pouvoir revendiquer comme le prix collectif de leur contribution \u00e0 la d\u00e9mocratie. Assez cyniquement, du reste, car opportun\u00e9ment, il s&rsquo;agissait plut\u00f4t de mettre fin \u00e0 la longue liste des scandales financiers et judiciaires que ces institutions ont \u00e9gren\u00e9 quasiment depuis leur origine (*). Un contr\u00f4le de ces fonds a paru tout de m\u00eame souhaitable. Ainsi, deux ans plus tard (en juin 1990), apr\u00e8s une loi d&rsquo;amnistie sur le financement politique (\u00e9quivalant \u00e0 une loi d&rsquo;auto-amnistie des partis politiques), est cr\u00e9\u00e9e la Commission nationale des comptes de campagne et des financements politiques (CNCCFP), class\u00e9e comme autorit\u00e9 administrative ind\u00e9pendante par le Conseil d&rsquo;\u00c9tat. Mais quelle valeur accorder \u00e0 ce classement, particuli\u00e8rement \u00e0 cette qualit\u00e9 d&rsquo;\u00ab&nbsp;ind\u00e9pendance&nbsp;\u00bb de la Commission lorsque ses membres sont pour l&rsquo;essentiel nomm\u00e9s par d\u00e9cret en Conseil des ministres&nbsp;? \u2013 lesquels, comme on sait, n&rsquo;existent qu&rsquo;exceptionnellement en dehors des partis (**).<\/p>\n\n\n\n<p style=\"font-size:13px\">(*) <a href=\"https:\/\/fr.wikipedia.org\/wiki\/Liste_de_scandales_politiques_fran%C3%A7ais\">Liste de scandales politiques fran\u00e7ais \u2014 Wikip\u00e9dia<\/a><\/p>\n\n\n\n<p style=\"font-size:13px\">(**) <a href=\"https:\/\/www.anticor.org\/2018\/06\/10\/anticor-lance-une-grande-petition-pour-des-campagnes-electorales-propres\/\">Anticor lance une grande p\u00e9tition pour des campagnes \u00e9lectorales propres &#8211; Anticor<\/a><br><\/p>\n\n\n\n<p>Ces d\u00e9rives d\u00e9lictueuses rel\u00e8vent de la comp\u00e9tition acharn\u00e9e que se livrent les grands partis pour le r\u00f4le titre. Elles instillent le doute quant \u00e0 leur capacit\u00e9 \u00e0 s&rsquo;accorder sur la question de l&rsquo;int\u00e9r\u00eat g\u00e9n\u00e9ral et \u00e0 concevoir la nation comme une unit\u00e9. L&rsquo;effondrement de la dyarchie des grands partis traditionnels a laiss\u00e9 place quelques temps \u00e0 un centre hypertrophi\u00e9 et droitis\u00e9 se donnant comme seul rempart contre l&rsquo;extr\u00e9misme &#8211; devenu un autre nom de l&rsquo;opposition. Cette politique a \u00e9t\u00e9 sanctionn\u00e9e dans les urnes, et depuis, le parlement a recouvr\u00e9 un peu du pouvoir qu&rsquo;il avait perdu face \u00e0 l&rsquo;ex\u00e9cutif. Pour quel usage ? l&rsquo;avenir le dira. En attendant, une impression se r\u00e9pand, qui voit dans notre Ve R\u00e9publique un r\u00e9gime \u00e0 bout de souffle, aliment\u00e9e par des d\u00e9cades de r\u00e9gression du pays \u00e0 tous les niveaux. L&rsquo;\u00e9volution des mentalit\u00e9s et des consciences dans la population, durant tout ce temps, conf\u00e8re \u00e0 celle-ci une part de responsabilit\u00e9 dans cette situation, m\u00eame si beaucoup a \u00e9t\u00e9 fait, dans les exc\u00e8s du pr\u00e9sidentialisme, pour la tenir \u00e0 l&rsquo;\u00e9cart de la d\u00e9cision. La solution ne peut \u00eatre que collective, si l&rsquo;on veut \u00e9viter toute forme d&rsquo;autoritarisme, et passer par une r\u00e9affirmation des valeurs d\u00e9mocratiques. Cela devrait se traduire par une conception nouvelle de la repr\u00e9sentation et la sollicitation r\u00e9guli\u00e8re des avis au sein de la population, laquelle, de son c\u00f4t\u00e9, pourrait se montrer toujours plus largement responsable et anim\u00e9e d&rsquo;une r\u00e9elle volont\u00e9 participative.<\/p>\n\n\n\n<p style=\"font-size:20px\">UN PEU D&rsquo;HISTOIRE<\/p>\n\n\n<div class=\"wp-block-image\">\n<figure class=\"aligncenter size-full\"><img loading=\"lazy\" decoding=\"async\" width=\"498\" height=\"446\" src=\"https:\/\/aiim.fr\/wp-content\/uploads\/2025\/11\/Bataille-prehist.jpeg\" alt=\"\" class=\"wp-image-1936\" srcset=\"https:\/\/aiim.fr\/wp-content\/uploads\/2025\/11\/Bataille-prehist.jpeg 498w, https:\/\/aiim.fr\/wp-content\/uploads\/2025\/11\/Bataille-prehist-300x269.jpeg 300w\" sizes=\"(max-width: 498px) 100vw, 498px\" \/><\/figure>\n<\/div>\n\n\n<p>Des factions qui rivalisaient autour de la conqu\u00eate, l&rsquo;exercice ou l&rsquo;influence du pouvoir politique existaient dans les R\u00e9publiques antiques. Les conseils ou les comit\u00e9s d&rsquo;Ancien R\u00e9gime ainsi que les clubs sous la R\u00e9volution leur sont encore assez comparables. Ce n&rsquo;est plus le cas de nos partis politiques actuels. Ils diff\u00e8rent de ces formations ant\u00e9rieures par le pouvoir et l&rsquo;influence consid\u00e9rables qu&rsquo;ils ont conquis, et qu&rsquo;ils exercent de fait sur les orientations soci\u00e9tales. Cependant, le syst\u00e8me o\u00f9 ils sont inscrits a manifestement contribu\u00e9 plus \u00e0 la cristallisation qu&rsquo;au d\u00e9passement des divisions sociales et id\u00e9ologiques (le CNCCFP recense plus de 300 formations politiques). Il semble au contraire avoir particip\u00e9 \u00e0 l&rsquo;exacerbation des rapports de domination.<\/p>\n\n\n\n<p>Les partis, au sens moderne du nom et sous la forme organisationnelle que nous leur connaissons, n\u2019apparaissent qu&rsquo;\u00e0 la fin du XIXe si\u00e8cle (\u00e0 l&rsquo;\u00e9poque o\u00f9, parall\u00e8lement, se constituent &#8211; et sont institutionnalis\u00e9s- les syndicats). Un si\u00e8cle plus t\u00f4t ce terme, comme celui de \u00ab&nbsp;factions&nbsp;\u00bb, ou de d\u00e9mocratie, est encore nettement p\u00e9joratif. Il sugg\u00e8re une menace vis \u00e0 vis de l&rsquo;unit\u00e9 longtemps sacr\u00e9e de la nation. \u00c0 ce moment, plusieurs facteurs s&rsquo;agr\u00e8gent dans le contexte de l&rsquo;essoufflement de la monarchie&nbsp;: la poursuite de l&rsquo;essor du capitalisme (qui imprime sa marque sur l&rsquo;\u00e9conomie), et de la bourgeoisie (qui bouscule la hi\u00e9rarchie des trois ordres)&nbsp;; le m\u00e9contentement profond de la paysannerie (sur qui p\u00e8sent lourdement p\u00e9ages, droits de march\u00e9s et de foires, redevances seigneuriales, d\u00eemes et imp\u00f4ts)&nbsp;; une crise fiscale et financi\u00e8re chronique (qui parcourt tout le XVIIIe si\u00e8cle)&nbsp;; enfin, par la remise en cause de l&rsquo;autorit\u00e9 royale (min\u00e9e par l&rsquo;insolvabilit\u00e9 chronique de son gouvernement et la valse de ses ministres des finances dont les r\u00e9formes buttent sur l&rsquo;intransigeance des privil\u00e9gi\u00e9s). \u00c0 ce tableau il faut encore ajouter l&rsquo;influence grandissante du mouvement universaliste des Lumi\u00e8res et la diminution de celle du clerg\u00e9.<\/p>\n\n\n\n<p>Lors des \u00c9tats g\u00e9n\u00e9raux convoqu\u00e9s par le roi en 1789, les grandes questions qui se posent aux repr\u00e9sentants des trois ordres (que sont la noblesse, le clerg\u00e9 et le tiers-\u00e9tat) sont&nbsp;: la l\u00e9gitimit\u00e9 du r\u00e9gime (et son \u00e9volution \u00e9ventuelle vers une monarchie constitutionnelle), le rapport du r\u00e9gime futur \u00e0 la d\u00e9mocratie (notamment \u00e0 l&rsquo;\u00e9galit\u00e9 en droit et \u00e0 la libert\u00e9) et enfin la r\u00e9forme de la fiscalit\u00e9. Les assembl\u00e9es qui se mettent sur pied pour y r\u00e9pondre (l&rsquo;Assembl\u00e9e nationale l\u00e9gislative puis la Convention) sont divis\u00e9es. La premi\u00e8re entre monarchistes constitutionnels et Jacobins, la seconde entre Girondins (bourgeoisie r\u00e9publicaine lib\u00e9rale) et Montagnards (faction d\u00e9mocrate la plus radicale des Jacobins). Outre cette division interne majeure, la Convention doit faire face \u00e0 une coalition, hostile \u00e0 la r\u00e9publique, des monarchies europ\u00e9ennes o\u00f9 s&rsquo;est r\u00e9fugi\u00e9e une partie de la noblesse. Ces deux tendances r\u00e9publicaines, issues des principaux regroupements des membres du Parlement, sont les anc\u00eatres du clivage droite-gauche que nous connaissons, et du bipartisme.<\/p>\n\n\n\n<p>La p\u00e9riode trouble qui va s&rsquo;ensuivre peut \u00eatre vue, par-del\u00e0 sa complexit\u00e9, comme une exacerbation de ce clivage. Sa r\u00e9solution passera par un gouvernement d&rsquo;exception r\u00e9volutionnaire et un r\u00e9gime de la terreur mis en place pour canaliser les crises multiples auxquelles la France est confront\u00e9e sur les plans militaire, politique et \u00e9conomique. Y succ\u00e9deront&nbsp;: un coup d&rsquo;\u00c9tat des Thermidoriens (bourgeoisie nouvelle des acqu\u00e9reurs de biens nationaux et des sp\u00e9culateurs sur les fournitures de guerre ou les assignats) r\u00e9introduisant un capitalisme de march\u00e9 libre&nbsp;; le retour d&rsquo;exil\u00e9s de l&rsquo;aristocratie et la terreur blanche&nbsp;; une augmentation de la pauvret\u00e9 et de la famine&nbsp;; des insurrections&nbsp;; la corruption des \u00e9lites et la r\u00e9volte parisienne de Prairial parmi diverses tentatives de coups d&rsquo;\u00c9tat (y compris royalistes).<\/p>\n\n\n\n<p><em>C<\/em>&lsquo;est celui de Napol\u00e9on Bonaparte (coup d&rsquo;\u00c9tat du 18 Brumaire \u2013 novembre 1799), et l&rsquo;instauration d&rsquo;un r\u00e9gime autoritaire, qui mettront fin provisoirement \u00e0 cette d\u00e9composition de la nation. Seront d\u00e9cr\u00e9t\u00e9es la neutralisation des partis et la poursuite des campagnes militaires contre les monarchies voisines (qui multiplient les coalitions contre la France afin de r\u00e9tablir les Bourbons).<\/p>\n\n\n\n<p>Ce r\u00e9gime bonapartiste est sans \u00e9quivalent et la science politique a du mal \u00e0 le faire entrer dans ses typologies classiques. Cette difficult\u00e9 vient en particulier de l&rsquo;esprit des r\u00e9formes mises en \u0153uvre. En effet, contrairement au sch\u00e9ma autoritaire classique, de nombreuses institutions qui sont fond\u00e9es alors tiennent compte des pr\u00e9occupations sociales, et reprennent certains acquis de la R\u00e9volution. Par ailleurs, cette imposition conjoncturelle d&rsquo;un ex\u00e9cutif fort doit \u00eatre mise en relation avec, \u00e0 l&rsquo;origine, outre une menace ext\u00e9rieure, le risque majeur d&rsquo;une guerre civile et d&rsquo;un d\u00e9litement de toute la nation.<\/p>\n\n\n\n<p>Lorsque, gr\u00e2ce \u00e0 une sixi\u00e8me coalition, les monarchies d&rsquo;Europe font tomber ce r\u00e9gime, il ne s&rsquo;agit pas pour elles de simplement r\u00e9tablir la monarchie en France. Il s&rsquo;agit d&rsquo;y \u00e9tablir une monarchie \u00e0 leur image, constitutionnelle et lib\u00e9rale, ce que va tenter de mettre en oeuvre Louis XVIII que les Anglais portent sur le tr\u00f4ne. Dans les monarchies d&rsquo;Europe, en effet, particuli\u00e8rement celles d&rsquo;Angleterre et d&rsquo;Italie, mais aussi du nord-est, le lib\u00e9ralisme a beaucoup progress\u00e9 avec la r\u00e9volution industrielle&nbsp;: les classes paysannes y sont, par exemple, enti\u00e8rement priv\u00e9es de propri\u00e9t\u00e9 fonci\u00e8re (ce qui n&rsquo;est pas le cas en France (*)), d\u00e9pouill\u00e9es parfois de leurs biens avec une extr\u00eame brutalit\u00e9 (**), et l&rsquo;urbanisation s&rsquo;y d\u00e9veloppe \u00e0 marche forc\u00e9e. Cette \u00e9volution rend compte de l&rsquo;orientation du pouvoir de l&rsquo;\u00c9tat et de ses politiques de suppression syst\u00e9matique des obstacles \u00e0 la libert\u00e9 de commerce et au libre-\u00e9change international. Elles s&rsquo;\u00e9tendent aux divers filets de s\u00e9curit\u00e9 assur\u00e9s jusque-l\u00e0 par les communaut\u00e9s villageoises et les corporations, ainsi que par l&rsquo;\u00c9tat et l&rsquo;\u00c9glise d&rsquo;Ancien R\u00e9gime, qui emp\u00eachaient les pauvres de sombrer dans la mis\u00e8re totale (***) (****).<\/p>\n\n\n\n<p style=\"font-size:13px\">(*) <a href=\"\/\/\/Users\/pascal\/Downloads\/rhmc_0996-2743_1911_num_15_3_4638.pdf\">Les classes paysannes en France au XVIIIe si\u00e8cle &#8211; rhmc_0996-2743_1911_num_15_3_4638.pdf<\/a><\/p>\n\n\n\n<p style=\"font-size:13px\">(**) <a href=\"https:\/\/fr.wikipedia.org\/wiki\/Highland_Clearances\">https:\/\/fr.wikipedia.org\/wiki\/Highland_Clearances<\/a><\/p>\n\n\n\n<p style=\"font-size:13px\">(***) Ces verrous sautent avec l&rsquo;effondrement de l&rsquo;Ancien R\u00e9gime mais c&rsquo;est pour laisser place \u00e0 de nouveaux rapports de domination. Ceux-ci vont se maintenir jusqu&rsquo;\u00e0 nos jours, voire s&rsquo;exacerber en s&rsquo;inscrivant dans la formation de nouvelles classes sociales et la production de th\u00e9ories politiques et \u00e9conomiques antagoniques. Jusqu&rsquo;o\u00f9 ces rapports de domination entre classes peuvent aller sans faire \u00e9clater la coh\u00e9sion de l&rsquo;ensemble, la nation elle-m\u00eame, semble \u00eatre la question minimale \u00e0 laquelle l&rsquo;\u00c9tat doive r\u00e9pondre, si tant est qu&rsquo;il recouvre ce r\u00f4le d&rsquo;arbitre qu&rsquo;au moins il d\u00e9tenait, avant la R\u00e9volution.<\/p>\n\n\n\n<p style=\"font-size:13px\">(****) cf. Karl Polanyi, <em>La grande transformatio<\/em><em>n<\/em>, 1944. Encore au XVIIIe si\u00e8cle, l&rsquo;expression \u00ab&nbsp;c&rsquo;est l&rsquo;h\u00f4pital qui se fout de la charit\u00e9&nbsp;\u00bb avait cours comme un mod\u00e8le d&rsquo;oxymore. On n&rsquo;imaginait pas alors que cette institution p\u00fbt renverser ses valeurs au point de faire un jour de cette expression une r\u00e9alit\u00e9.<\/p>\n\n\n\n<p style=\"font-size:20px\"><strong>LA D\u00c9MOCRATIE AU BAN DE L&rsquo;\u00c9TAT<\/strong><\/p>\n\n\n\n<p class=\"has-text-align-center\" style=\"font-size:13px\">Sch\u00e9ma de distribution des pouvoirs sous la Ve R\u00e9publique<\/p>\n\n\n<div class=\"wp-block-image\">\n<figure class=\"aligncenter size-full\"><img loading=\"lazy\" decoding=\"async\" width=\"501\" height=\"379\" src=\"https:\/\/aiim.fr\/wp-content\/uploads\/2025\/10\/Schema-distribution-pouvoirs-Ve-Republique-1.jpeg\" alt=\"\" class=\"wp-image-1896\" srcset=\"https:\/\/aiim.fr\/wp-content\/uploads\/2025\/10\/Schema-distribution-pouvoirs-Ve-Republique-1.jpeg 501w, https:\/\/aiim.fr\/wp-content\/uploads\/2025\/10\/Schema-distribution-pouvoirs-Ve-Republique-1-300x227.jpeg 300w\" sizes=\"(max-width: 501px) 100vw, 501px\" \/><\/figure>\n<\/div>\n\n<div class=\"wp-block-image\">\n<figure class=\"aligncenter size-full is-resized\"><img loading=\"lazy\" decoding=\"async\" width=\"176\" height=\"185\" src=\"https:\/\/aiim.fr\/wp-content\/uploads\/2025\/10\/Fleche.jpeg\" alt=\"\" class=\"wp-image-1898\" style=\"width:43px;height:auto\" \/><\/figure>\n<\/div>\n\n<div class=\"wp-block-image\">\n<figure class=\"aligncenter size-full is-resized\"><img loading=\"lazy\" decoding=\"async\" width=\"179\" height=\"179\" src=\"https:\/\/aiim.fr\/wp-content\/uploads\/2025\/10\/Vous-etes-ici.jpeg\" alt=\"\" class=\"wp-image-1897\" style=\"width:77px;height:auto\" srcset=\"https:\/\/aiim.fr\/wp-content\/uploads\/2025\/10\/Vous-etes-ici.jpeg 179w, https:\/\/aiim.fr\/wp-content\/uploads\/2025\/10\/Vous-etes-ici-150x150.jpeg 150w\" sizes=\"(max-width: 179px) 100vw, 179px\" \/><\/figure>\n<\/div>\n\n\n<p>Hormis en ces rares moments, les \u00e9lites constituantes majoritaires ont toujours pris soin de mettre la d\u00e9mocratie au ban de l&rsquo;\u00c9tat, d&#8217;emp\u00eacher le peuple de se m\u00ealer de trop pr\u00e8s des affaires de l&rsquo;\u00c9tat. Elles ont suivi en cela la voie trac\u00e9e par Siey\u00e8s, inventeur en 1789 de la \u00ab&nbsp;souverainet\u00e9 nationale&nbsp;\u00bb en substitution de la souverainet\u00e9 populaire&nbsp;: \u00ab&nbsp;Le peuple, je le r\u00e9p\u00e8te, dans un pays qui n\u2019est pas une d\u00e9mocratie (et la France ne saurait l\u2019\u00eatre), le peuple ne peut parler, ne peut agir que par ses repr\u00e9sentants.&nbsp;\u00bb. C&rsquo;est ainsi que la nation est devenue une personne morale qui exerce sa souverainet\u00e9 par l&rsquo;interm\u00e9diaire exclusif de ses repr\u00e9sentants, lesquels repr\u00e9sentent abstraitement \u00ab&nbsp;la nation&nbsp;\u00bb et non ceux qui les ont \u00e9lus. Les Constitutions des IVe et Ve R\u00e9publiques restent entach\u00e9es de cette contradiction que la souverainet\u00e9 nationale appartient \u00e0 un peuple&#8230; sous tutelle. Une contradiction doubl\u00e9e d&rsquo;une supr\u00eame hypocrisie d\u00e9nonc\u00e9e en son temps par Rivarol&nbsp;: \u00ab&nbsp;Il y a deux v\u00e9rit\u00e9s qu&rsquo;il ne faut jamais s\u00e9parer en ce monde : la premi\u00e8re est que la souverainet\u00e9 r\u00e9side dans le peuple, la seconde est que le peuple ne doit jamais l&rsquo;exercer&nbsp;\u00bb.<\/p>\n\n\n\n<p>La rel\u00e9gation de la d\u00e9mocratie n&rsquo;a trouv\u00e9, en deux si\u00e8cles et demi, qu&rsquo;une seule justification valable&nbsp;: le risque patent d&rsquo;une disparition de la nation. Ce qui a \u00e9t\u00e9 le cas en deux occasions, lesquelles ont amen\u00e9 les av\u00e8nements de Napol\u00e9on Bonaparte et de Charles de Gaulle. Ce dernier est, sans conteste, l&rsquo;homme gr\u00e2ce \u00e0 qui la France a pu conserver momentan\u00e9ment sa souverainet\u00e9 \u00e0 l&rsquo;issue de la 2\u00e8me guerre mondiale, face aux ambitions mercantilistes et militaristes anglo-am\u00e9ricaines (*). De Gaulle ne put emp\u00eacher cependant l&rsquo;adh\u00e9sion de la France \u00e0 la CEE, anc\u00eatre de l&rsquo;UE. Il avait discern\u00e9, derri\u00e8re ce vaste projet, la vassalisation de l&rsquo;Europe de l&rsquo;ouest par les USA, cr\u00e9ateurs et ma\u00eetres de l&rsquo;OTAN, et la disparition des souverainet\u00e9s nationales au profit d&rsquo;une gestion commerciale centralis\u00e9e &#8211; (tandis qu&rsquo;au contraire, il ne concevait pas l&rsquo;Europe sans la Russie, ni autrement que sous la forme d&rsquo;une f\u00e9d\u00e9ration de peuples souverains).<\/p>\n\n\n\n<p style=\"font-size:13px\">(*) Cf. le documentaire <em>De Gaulle, l&rsquo;homme \u00e0 abattre<\/em>, <a href=\"https:\/\/www.youtube.com\/watch?v=o2STdLh2qW4\">https:\/\/www.youtube.com\/watch?v=o2STdLh2qW4<\/a><\/p>\n\n\n\n<p>La n\u00e9cessit\u00e9 de former des majorit\u00e9s stables pouvait s&rsquo;expliquer dans ces circonstances o\u00f9 les enjeux \u00e9taient de taille. Or il est \u00e0 noter que lorsque cette n\u00e9cessit\u00e9 dispara\u00eet, son outil majeur, le scrutin majoritaire, est pr\u00e9cieusement conserv\u00e9 par tous ceux qui se succ\u00e8dent au pouvoir. Il permet essentiellement, par une distorsion de la repr\u00e9sentation, de restreindre la vie politique \u00e0 une poign\u00e9e de partis, excluant les autres ou limitant nettement leur acc\u00e8s au second tour, et structurant la comp\u00e9tition politique autour de la conqu\u00eate du poste pr\u00e9sidentiel. C&rsquo;est d&rsquo;apr\u00e8s cet outil-m\u00eame que notre syst\u00e8me partisan (\u00ab&nbsp;\u00e0 la fran\u00e7aise&nbsp;\u00bb) s&rsquo;est forg\u00e9 (*), confirmant de g\u00e9n\u00e9ration en g\u00e9n\u00e9ration ses tendances oligarchiques et r\u00e9actionnaires, quand on sait historiquement que les soci\u00e9t\u00e9s humaines ne doivent pas leurs \u00e9volutions \u00e0 leurs majorit\u00e9s mais bien \u00e0 des impulsions venues de leurs minorit\u00e9s.<\/p>\n\n\n\n<p style=\"font-size:13px\">(*) Cf. Maurice Duverger, op. cit. (sur l&rsquo;importance de la formule \u00e9lectorale sur le syst\u00e8me partisan)<\/p>\n\n\n\n<p>La Ve R\u00e9publique a \u00e9t\u00e9 avant tout une r\u00e9ponse au r\u00e9gime parlementaire de la IVe pendant lequel la zizanie partisane a battu son plein (20 gouvernements en 12 ans) au d\u00e9triment de l&rsquo;exigence vitale d&rsquo;une unit\u00e9 de la nation. Les outils constitutionnels de la Ve, con\u00e7us d&rsquo;abord pour y rem\u00e9dier d&rsquo;urgence, ont \u00e9t\u00e9 exploit\u00e9s ensuite \u00e0 des fins oppos\u00e9es \u00e0 leur vocation originelle.<\/p>\n\n\n\n<p>L&rsquo;esprit de la Ve est devenu \u00e0 ce point vici\u00e9 que les partis n&rsquo;ont plus d&rsquo;autre raisons d&rsquo;\u00eatre que se hisser au niveau d&rsquo;un parti de gouvernement afin d&rsquo;avoir une chance de d\u00e9crocher le troph\u00e9e de la pr\u00e9sidence de la R\u00e9publique, lieu supr\u00eame d&rsquo;un pouvoir potentiellement absolu. L&rsquo;essentiel de la vie politique se d\u00e9pense dans la qu\u00eate de ce pouvoir, an\u00e9antissant tout esprit d&rsquo;unit\u00e9 qui passe n\u00e9cessairement par la repr\u00e9sentation des diff\u00e9rents courants de pens\u00e9e.<\/p>\n\n\n\n<p>Par ailleurs, dans ce contexte d&rsquo;une alliance forte entre pouvoir politique, pouvoir \u00e9conomique et pouvoir m\u00e9diatique, les tentatives r\u00e9p\u00e9t\u00e9es de mise \u00e0 l&rsquo;\u00e9cart (hors du fameux \u00ab&nbsp;arc r\u00e9publicain&nbsp;\u00bb) de toute forme d&rsquo;opposition parlementaire, exploite et attise les divisions (telles que souverainistes vs europ\u00e9istes) et le ressentiment&nbsp;; encourage compromissions et corruption, polarise et radicalise les opinions.<\/p>\n\n\n\n<p>La d\u00e9mocratie ne peut \u00eatre la dictature d&rsquo;une majorit\u00e9 fig\u00e9e arbitrairement et par simplification dans l&rsquo;espace d&rsquo;un quinquennat. Elle doit s&rsquo;exprimer, \u00e0 d\u00e9faut de consensus, par la co-gouvernance d&rsquo;une majorit\u00e9 et d&rsquo;oppositions dot\u00e9es d&rsquo;un r\u00e9el pouvoir de contr\u00f4le. Cela n&rsquo;est pas possible dans le cadre actuel de l&rsquo;UE, r\u00e9gi par des trait\u00e9s \u00e9conomiques de libre \u00e9change hors consultation des populations. Dans ce cadre, il ne peut exister de projet politique alternatif \u00e0 celui dict\u00e9 par les conditions fix\u00e9es par le pouvoir \u00e9conomique et financier (*). Rappelons que la s\u00e9paration des pouvoirs au sein de l&rsquo;\u00c9tat n&rsquo;incluait pas, au d\u00e9part, l&rsquo;\u00e9conomique (et la finance qui s&rsquo;en est \u00e9mancip\u00e9e), ni les cabinets de conseil, ni les m\u00e9dias.<\/p>\n\n\n\n<p>Les outils constitutionnels mis en place par de Gaulle pour \u00e9chapper \u00e0 ces \u00e9cueils (telle la nationalisation de la Banque de France en 1946) ont \u00e9t\u00e9 largement exploit\u00e9s et d\u00e9voy\u00e9s par ses successeurs lib\u00e9raux pour renforcer les seules dimensions monarchique et aristocratique de la Ve R\u00e9publique. Le r\u00e9gime pr\u00e9sidentiel qui en est r\u00e9sult\u00e9 a impos\u00e9 un cadre \u00e9troit au r\u00f4le des partis dans la formation des gouvernements. La pluralit\u00e9 des projets de soci\u00e9t\u00e9 s&rsquo;est r\u00e9duite \u00e0 deux courants incarn\u00e9s par les partis susceptibles d&rsquo;atteindre le second tour des pr\u00e9sidentielles, soit une gauche lib\u00e9rale et une droite lib\u00e9rale, la combinaison des deux formant un \u00ab&nbsp;hypercentre&nbsp;\u00bb se donnant comme l&rsquo;unique recours contre le chaos \u2013 effet promis, selon ses chantres, par toute alternative au lib\u00e9ralisme.<\/p>\n\n\n\n<p>Or, qu&rsquo;on consid\u00e8re le lib\u00e9ralisme \u00e9conomique selon son fondateur, Adam Smith, le n\u00e9o-classicisme qui l&rsquo;a suivi ou le n\u00e9o-lib\u00e9ralisme des ann\u00e9es 1980 (**), le libre march\u00e9 y demeure l&rsquo;alpha et l&rsquo;om\u00e9ga de la soci\u00e9t\u00e9 moderne. Rare exception \u00e0 cette orthodoxie (et qui confirmerait la r\u00e8gle), le social-lib\u00e9ralisme de JM Keynes qui, comme celui de son pr\u00e9d\u00e9cesseur JS Mill, montre ce que le politique doit faire pour rendre le lib\u00e9ralisme socialement soutenable. C&rsquo;est \u00e0 dire, en le caricaturant, pour emp\u00eacher que les pauvres ne deviennent toujours plus nombreux et plus pauvres. Car conform\u00e9ment \u00e0 cette proposition de Montesquieu \u00ab&nbsp;que tout homme qui a du pouvoir est port\u00e9 \u00e0 en abuser&nbsp;\u00bb, les politiques antid\u00e9mocratiques du lib\u00e9ralisme se sont toujours doubl\u00e9es de politiques antisociales (***).<\/p>\n\n\n\n<p>Lorsqu&rsquo;on passe en revue l&rsquo;ensemble des r\u00e9formes et des crises qu&rsquo;a subi la soci\u00e9t\u00e9 depuis l&rsquo;apr\u00e8s-guerre, on voit se dessiner, inapparent pour le grand public, un r\u00e9gime oligarchique communautaire, d\u00e9tr\u00f4nant les pouvoirs r\u00e9galiens des \u00c9tats de l&rsquo;UE, adoss\u00e9 \u00e0 une implacable technocratie \u00ab&nbsp;manag\u00e9rialiste&nbsp;\u00bb. La loi du march\u00e9 s&rsquo;applique \u00e0 toute entreprise, qu&rsquo;elle soit publique ou priv\u00e9e (concurrence forc\u00e9e plut\u00f4t que \u00ab&nbsp;libre concurrence&nbsp;\u00bb). Au plan administratif, la R\u00e9vision g\u00e9n\u00e9rale des politiques publiques (RGPP) initi\u00e9e par Sarkozy en 2007 (qui le premier a pouss\u00e9 \u00e0 son extr\u00eame l&rsquo;affirmation de la pr\u00e9\u00e9minence du r\u00f4le pr\u00e9sidentiel), s\u2019inspirant du New Public Management anglo-saxon, repr\u00e9sente un pas encore jamais atteint sous le Ve R\u00e9publique vers la verticalisation et la privatisation de l&rsquo;\u00c9tat (au nom de l&rsquo;efficacit\u00e9, de l&rsquo;optimisation des performances et des \u00e9conomies budg\u00e9taires) (****).<\/p>\n\n\n\n<p style=\"font-size:13px\">(*) <a href=\"http:\/\/www.co-construire-avenir.org\/publications\/echo\/la-co-ecriture-de-la-constitution-islandaise-une-experience-sans-lendemain\">La co-\u00e9criture de la constitution islandaise, une exp\u00e9rience sans lendemain | Co-construire l&rsquo;Avenir<\/a><\/p>\n\n\n\n<p style=\"font-size:13px\">(**) Qui voient les premi\u00e8res perc\u00e9es \u00e9lectorales du front national.<\/p>\n\n\n\n<p style=\"font-size:13px\">(***) \u00ab&nbsp;Le d\u00e9placement du centre de gravit\u00e9 de l\u2019espace du n\u00e9o-lib\u00e9ralisme de l\u2019Europe vers l\u2019Am\u00e9rique conduit \u00e0 une d\u00e9pr\u00e9ciation de ce qui pouvait subsister de \u00ab lib\u00e9ralisme social \u00bb au profit d\u2019une autre forme de n\u00e9o-lib\u00e9ralisme, celui de l\u2019\u00c9cole de Chicago.&nbsp;\u00bb <a href=\"https:\/\/shs.cairn.info\/revue-actes-de-la-recherche-en-sciences-sociales-2002-5-page-9?lang=fr\">Le proph\u00e8te, le p\u00e8lerin et le missionnaire | Cairn.info<\/a> (p.18)<\/p>\n\n\n\n<p style=\"font-size:13px\">(****) https:\/\/www.cairn.info\/article.php?ID_ARTICLE=RHMC_565_0054 (voir dans les notes de fin le PDF \u00ab\u00a0R\u00e9forme n\u00e9olib\u00e9rale de l&rsquo;\u00c9tat p. 12 sqq)<\/p>\n\n\n\n<p>Le fait pour un r\u00e9gime politique de ne pas \u00eatre d\u00e9mocratique, quoiqu&rsquo;il s&rsquo;en revendique, peut \u00eatre excusable du fait qu&rsquo;il s&rsquo;agit d&rsquo;un id\u00e9al requ\u00e9rant th\u00e9oriquement la volont\u00e9 de tout un peuple. Ce qui ne peut l&rsquo;\u00eatre, c&rsquo;est la sombre hypocrisie d&rsquo;un tel r\u00e9gime dont les actes anti-d\u00e9mocratiques persistent dans des circonstances o\u00f9 la souverainet\u00e9 d&rsquo;une nation n&rsquo;est pas menac\u00e9e. Or, ces volont\u00e9s-l\u00e0, qui ressortissent en particulier du capitalisme lib\u00e9ral, ne sont pas accessibles \u00e0 la raison, car les fondements du capitalisme ne sont tout simplement pas rationnels. L&rsquo;esprit du capitalisme, malgr\u00e9 tous les efforts de th\u00e9orisation qu&rsquo;ont d\u00e9ploy\u00e9 ses tenants pour l&rsquo;imposer politiquement, n&rsquo;est qu&rsquo;un faux-nez de ses origines pulsionnelles&nbsp;: Poss\u00e9der obsessionnellement toujours plus que ce qu&rsquo;on a, recevoir toujours plus que ce qu&rsquo;on donne, telles sont les pulsions qu&rsquo;on trouve \u00e0 la base de cette recherche effr\u00e9n\u00e9e et ind\u00e9finie du profit. Voil\u00e0 ce qu&rsquo;est l&rsquo;\u00e9l\u00e9ment fondamental du capitalisme sur quoi s&rsquo;accordent aussi bien Max Weber, Fernand Braudel ou Karl Marx, de m\u00eame que tout politologue tant soit peu s\u00e9rieux.<\/p>\n\n\n\n<p>Depuis ses origines europ\u00e9ennes, la d\u00e9mocratie reste toujours \u00e0 construire et \u00e0 cette \u0153uvre les \u00e9lites au pouvoir se sont montr\u00e9es, \u00e0 peu d&rsquo;exceptions pr\u00e8s, de tr\u00e8s mauvais ouvriers. En t\u00e9moignent la formation et la conservation de deux chambres (Assembl\u00e9e et S\u00e9nat)&nbsp;; Une chambre haute et une chambre basse (aux qualificatifs \u00e9loquents), induisent d\u00e9j\u00e0, n\u00e9cessairement, deux cat\u00e9gories in\u00e9galitaires de citoyens dot\u00e9es chacune de droits d&rsquo;\u00e9lection diff\u00e9rents, l&rsquo;\u00e9lecteur ordinaire et le grand \u00e9lecteur. Cette dichotomie, o\u00f9 figure une r\u00e9plique fran\u00e7aise de la Chambre des lords d&rsquo;outre-Manche, ne se con\u00e7oit qu&rsquo;\u00e0 la faveur du notable et ne s&rsquo;accorde ni avec la R\u00e9publique, ni avec la d\u00e9mocratie. La notion de R\u00e9publique, pas plus que celle de d\u00e9mocratie, ne correspond d&rsquo;ailleurs pleinement au r\u00e9gime qui est le n\u00f4tre. Notre R\u00e9publique n&rsquo;a fait, dans le fond, que remplacer trois ordres de l&rsquo;Ancien R\u00e9gime par deux classes de citoyens et une aristocratie du lignage par une aristocratie du concours. C&rsquo;est cette derni\u00e8re qui fait g\u00e9n\u00e9ralement les lois. Or, devait-il entrer \u00e9galement, dans les principes d&rsquo;une d\u00e9mocratie, que soit abandonn\u00e9 au d\u00e9tenteur du pouvoir l\u00e9gislatif le pouvoir discr\u00e9tionnaire de donner \u00e0 ses propres institutions et ses statuts la forme et les pr\u00e9rogatives qui lui conviennent&nbsp;? (*)<\/p>\n\n\n\n<p style=\"font-size:13px\">(*) Apr\u00e8s avoir vot\u00e9 une r\u00e9forme des retraites \u00e9nergiquement contest\u00e9e lors de vastes et vivaces mouvements sociaux, \u00ab&nbsp;Les parlementaires finalisent une r\u00e9forme des retraites plus avantageuse pour les \u00e9lus. Avant la d\u00e9mission de S\u00e9bastien Lecornu, le S\u00e9nat devait d\u00e9battre mercredi d\u2019une loi sur le statut des \u00e9lus. L\u2019article 3, d\u00e9j\u00e0 adopt\u00e9 dans les deux chambres, pr\u00e9voit d\u2019accorder aux \u00e9lus locaux des trimestres de retraite suppl\u00e9mentaires pour chaque mandat, sans cotisation. Co\u00fbt estim\u00e9 : environ 100 millions d\u2019euros.&nbsp;\u00bb (M\u00e9diapart, 8 octobre 2025)<\/p>\n\n\n\n<p style=\"font-size:13px\">&#8211; D\u00e9put\u00e9s et s\u00e9nateurs peuvent claquer respectivement 600&nbsp;et&nbsp;885&nbsp;euros par mois de \u00ab&nbsp;frais divers&nbsp;\u00bb sans avoir \u00e0 fournir de justificatifs. (Le Canard encha\u00een\u00e9, 19 mars 2024)<\/p>\n\n\n\n<p style=\"font-size:13px\">&#8211; \u00abLes retraites des d\u00e9put\u00e9s et celles des s\u00e9nateurs ne rel\u00e8vent pas de la loi mais de r\u00e9solutions de chaque assembl\u00e9e\u00bb, d\u00e9clare Philippe Bas, s\u00e9nateur de la Manche.<em> <\/em>En moyenne, avec un seul mandat de six ans, un s\u00e9nateur peut pr\u00e9tendre \u00e0 une pension de 2 190 \u20ac nets. Au bout de deux mandats de cinq ans, les d\u00e9put\u00e9s peuvent pr\u00e9tendre \u00e0 1 368 \u20ac de pension. (Ouest-France, 1<sup>er<\/sup> f\u00e9vrier 2023)<\/p>\n\n\n\n<p>On reproche couramment \u00e0 la d\u00e9mocratie de n&rsquo;\u00eatre pas pleinement r\u00e9alisable au del\u00e0 de la taille d&rsquo;un village. Mais en th\u00e9orie, rien n&#8217;emp\u00eache qu&rsquo;un pays puisse s&rsquo;organiser en une f\u00e9d\u00e9ration de communes, un communalisme tel que l&rsquo;Histoire en a d\u00e9j\u00e0 port\u00e9. Certes, l&rsquo;\u00e9volution des soci\u00e9t\u00e9s modernes a men\u00e9 aux antipodes de ce syst\u00e8me. Mais qui peut dire s&rsquo;il ne pr\u00e9figure pas, tout surann\u00e9 qu&rsquo;il paraisse, ce que sera un jour notre mode naturel d&rsquo;organisation&nbsp;? Consid\u00e9rer la Constitution de 1793 comme une utopie reviendrait \u00e0 consid\u00e9rer les droits et la dignit\u00e9 de l&rsquo;homme comme des mythes, et toute forme de d\u00e9shumanisation (dont le monde du travail a donn\u00e9 maints exemples) comme une fatalit\u00e9.<\/p>\n\n\n\n<p>Si nous \u00e9tions cons\u00e9quents, et si pour nos \u00e9lites les mots avaient un sens, nous n&#8217;emploierions pas le mot d\u00e9mocratie, comme nous le faisons, \u00e0 tord et \u00e0 travers (*). Admettons seulement que la d\u00e9mocratie est un id\u00e9al. Resterait \u00e0 savoir, \u00e0 consid\u00e9rer nos syst\u00e8mes qui s&rsquo;en revendiquent, s&rsquo;ils s&rsquo;en approchent ou si, au contraire, ils s&rsquo;en \u00e9loignent, de quelles fa\u00e7ons et pour quelles raisons.<\/p>\n\n\n\n<p>Ainsi, \u00e0 d\u00e9faut d&rsquo;\u00eatre une d\u00e9mocratie, sommes-nous davantage fond\u00e9s \u00e0 nous d\u00e9signer comme une r\u00e9publique&nbsp;? La r\u00e9ponse est n\u00e9gative, si on se r\u00e9f\u00e8re \u00e0 la th\u00e9orie politique classique qui d\u00e9finit l&rsquo;antique r\u00e9publique romaine comme&nbsp;: \u00ab&nbsp;un r\u00e9gime mixte combinant des \u00e9l\u00e9ments monarchiques, aristocratiques et d\u00e9mocratiques.&nbsp;\u00bb Il est assez clair que les deux premiers s&rsquo;accordent assez bien avec le pr\u00e9sidentialisme et l&rsquo;\u00e9litisme de notre Ve R\u00e9publique. Le troisi\u00e8me en revanche n&rsquo;y a pas sa place&nbsp;: la r\u00e9publique antique en effet \u00e9tait r\u00e9ellement pour partie d\u00e9mocratique (contrairement \u00e0 notre r\u00e9gime), puisque c&rsquo;\u00e9tait bel et bien le peuple qui votait alors directement les lois (**).<\/p>\n\n\n\n<p style=\"font-size:13px\">(*) Que nous dit la multiplication des d\u00e9clinaisons en usage telles que d\u00e9mocratie pluraliste, sociale, lib\u00e9rale, directe, participative, d\u00e9lib\u00e9rative, repr\u00e9sentative, etc&nbsp;? Elles sont \u00e0 la fois vides de sens juridique et t\u00e9moignent apparemment, par leur caract\u00e8re fragmentaire, d&rsquo;une r\u00e9ticence et d&rsquo;une incapacit\u00e9 \u00e0 concevoir ou appliquer la d\u00e9mocratie comme un tout.<\/p>\n\n\n\n<p style=\"font-size:13px\">(**) <a href=\"https:\/\/philitt.fr\/2018\/12\/16\/la-republique-antidemocratique-lelection-contre-la-democratie\/\">La R\u00e9publique antid\u00e9mocratique : l\u2019\u00e9lection contre la d\u00e9mocratie \u2013 PHILITT<\/a><\/p>\n\n\n\n<p>Le suffrage universel, pr\u00e9sent\u00e9 comme l&rsquo;outil embl\u00e9matique de la d\u00e9mocratie, a attendu 1944 pour l&rsquo;\u00eatre r\u00e9ellement avec l&rsquo;octroi du droit de vote aux femmes. Il ne constitue pas toutefois un droit de participation \u00e0 la d\u00e9cision, mais seulement celui de choisir un d\u00e9positaire de ce droit parmi l&rsquo;\u00e9lite des notables (*). Le progr\u00e8s se r\u00e9v\u00e8le assez mince depuis l&rsquo;Ancien R\u00e9gime, concernant le renouvellement de cette \u00e9lite&nbsp;; clerg\u00e9 et noblesse ont, il est vrai, disparu, mais au profit quasi exclusif de la bourgeoisie &#8211; ce que montre encore la sociologie de l&rsquo;Assembl\u00e9e nationale. La petite r\u00e9volution des l\u00e9gislatives de 2017 qui voit la dislocation des partis traditionnels de gouvernement (le PS, majoritaire en 2012, perdre par exemple 90&nbsp;% de ses si\u00e8ges) n&rsquo;est que le fruit du \u00ab&nbsp;d\u00e9gagisme&nbsp;\u00bb, d&rsquo;un intense r\u00e9seautage du macronisme (soutenu par un formidable battage m\u00e9diatique) (**), et non d&rsquo;une fi\u00e8vre r\u00e9novatrice de l&rsquo;Assembl\u00e9e (90&nbsp;% des d\u00e9put\u00e9s LREM \u00e9taient issus de la classe moyenne sup\u00e9rieure) (***). Fait collaborant et significatif, l&rsquo;\u00e9lite (et pas seulement politique) conserve tr\u00e8s g\u00e9n\u00e9ralement ce caract\u00e8re commun&nbsp;: elle ne s&rsquo;\u00e9prouve pas comme appartenant au peuple.<\/p>\n\n\n\n<p style=\"font-size:13px\">(*) Le d\u00e9verrouillage (la \u00ab&nbsp;d\u00e9mocratisation&nbsp;\u00bb) de l&rsquo;acc\u00e8s au statut de repr\u00e9sentant avait attendu, quant \u00e0 lui, la IIIe R\u00e9publique (1870) et le suffrage \u00ab&nbsp;universel&nbsp;\u00bb masculin. C&rsquo;est seulement \u00e0 ce moment que les notables issus de l&rsquo;aristocratie et de la grande bourgeoisie, solidement et de longue date implant\u00e9es dans leurs territoires, se sont vues concurrenc\u00e9es par la bourgeoisie capacitaire (c&rsquo;est \u00e0 dire instruite) dans leur pr\u00e9tention \u00e0 la fonction parlementaire. Depuis lors, la R\u00e9publique n&rsquo;a plus fait de progr\u00e8s de cette envergure.<\/p>\n\n\n\n<p style=\"font-size:13px\">(**) <a href=\"https:\/\/www.acrimed.org\/Le-cas-Macron-un-feuilleton-mediatique-a-suspense\">Le \u00ab cas Macron \u00bb : un feuilleton m\u00e9diatique \u00e0 suspense &#8211; Acrimed | Action Critique M\u00e9dias<\/a><\/p>\n\n\n\n<p style=\"font-size:13px\">(***) <a href=\"https:\/\/www.revuepolitique.fr\/la-nouvelle-sociologie-de-lassemblee-nationale-renouvellement-ou-cercle-ferme\/\">La nouvelle sociologie&nbsp;de l\u2019Assembl\u00e9e nationale&nbsp;: renouvellement ou \u00ab cercle ferm\u00e9 \u00bb ? &#8211; Revue Politique et Parlementaire<\/a><br><\/p>\n\n\n\n<h2 class=\"wp-block-heading has-alike-angular-font-family\" style=\"font-size:20px;font-style:normal;font-weight:400\"><strong>LE LIB\u00c9RALISME, l&rsquo;\u00c9tat face aux pouvoirs \u00e9conomique et financier<\/strong><\/h2>\n\n\n<div class=\"wp-block-image\">\n<figure class=\"aligncenter size-full\"><img loading=\"lazy\" decoding=\"async\" width=\"498\" height=\"281\" src=\"https:\/\/aiim.fr\/wp-content\/uploads\/2025\/11\/Monts-et-vaux.jpeg\" alt=\"\" class=\"wp-image-1937\" srcset=\"https:\/\/aiim.fr\/wp-content\/uploads\/2025\/11\/Monts-et-vaux.jpeg 498w, https:\/\/aiim.fr\/wp-content\/uploads\/2025\/11\/Monts-et-vaux-300x169.jpeg 300w\" sizes=\"(max-width: 498px) 100vw, 498px\" \/><\/figure>\n<\/div>\n\n\n<p>Une des grandes \u0153uvres de l\u2019\u00c9tat, sous la houlette du capitalisme lib\u00e9ral, a \u00e9t\u00e9 de circonscrire juridiquement ses principales formes d\u2019opposition en les s\u00e9parant du social (partis politiques) ou en les excluant du politique (les syndicats).<\/p>\n\n\n\n<p>Les pressions conjugu\u00e9es de l&rsquo;impr\u00e9gnation des id\u00e9es individualistes des Lumi\u00e8res, et du capitalisme en voie de lib\u00e9ralisation, ont eu raison des derni\u00e8res forces de coh\u00e9sion d&rsquo;Ancien R\u00e9gime. Elles ont ce faisant redessin\u00e9 les lignes de fractures dont notre soci\u00e9t\u00e9 actuelle est encore l&rsquo;h\u00e9riti\u00e8re. Car si les ordres d&rsquo;Ancien R\u00e9gime disparaissent avec la R\u00e9volution, ainsi que le principe de monarchie absolue, des rapports de domination se maintiennent, voire s&rsquo;exacerbent, en s&rsquo;inscrivant dans la formation de nouvelles classes sociales et la production de th\u00e9ories politiques et \u00e9conomiques antagoniques.<\/p>\n\n\n\n<p>Une des particularit\u00e9s du mouvement des Lumi\u00e8res, outre de consommer l&rsquo;\u00e9clatement des liens entre science, religion et philosophie, a \u00e9t\u00e9 de chercher \u00e0 donner une forme politique au courant individualiste et mat\u00e9rialiste qui s&rsquo;\u00e9tait r\u00e9pandu en Europe d\u00e8s les environs de la Renaissance. Le lib\u00e9ralisme (qu&rsquo;il soit philosophique, politique, ou plus tard \u00e9conomique) est issu de ce courant. Il envisage ainsi l&rsquo;homme individualis\u00e9, ind\u00e9pendamment de tous groupes sociaux auxquels il appartient, dont il subit la tutelle ou l&rsquo;influence, et au travers desquels il se manifeste et agit dans la soci\u00e9t\u00e9. Une vision donc tout id\u00e9elle de l&rsquo;homme et tendant \u00e0 l&rsquo;universel mais cherchant, aujourd&rsquo;hui encore, sa traduction temporelle. Kant avait pos\u00e9 en ce sens le \u00ab&nbsp;citoyen \u2013&nbsp;un \u00eatre libre tant sur le plan juridique qu\u2019\u00e9conomique&nbsp;\u2013 comme l\u2019\u00e9l\u00e9ment central de la soci\u00e9t\u00e9&nbsp;\u00bb. On voit qu&rsquo;il manque encore, \u00e0 ce signalement de Kant, le plan spirituel-intellectuel que repr\u00e9sentent en particulier les libert\u00e9s d&rsquo;opinion et d&rsquo;expression tributaires \u00e0 la fois du facteur individuel et du facteur social. Une chose devrait para\u00eetre claire \u00e0 tout humaniste&nbsp;: ce legs des Lumi\u00e8res ne peut, dans sa diversit\u00e9, avoir de sens et de devenir que pris dans son ensemble&nbsp;; les grands principes que sont la libert\u00e9, l&rsquo;\u00e9galit\u00e9 et la fraternit\u00e9 formant un tout, et devant trouver \u00e0 s&rsquo;incarner en m\u00eame temps dans la soci\u00e9t\u00e9.<\/p>\n\n\n\n<p>Or le lib\u00e9ralisme \u00e9conomique (autre nom du capitalisme lib\u00e9ral), qui nous occupe principalement par ses effets sociopolitiques, s&rsquo;il d\u00e9coule \u00e9videmment du premier principe de libert\u00e9, entend l&#8217;employer autant que possible \u00e0 l&rsquo;exclusion des deux autres. Par exemple en lib\u00e9ralisant le droit. Le d\u00e9cret d\u02bcAllarde (1791), qui proclame la libert\u00e9 du commerce et de l\u02bcindustrie, est rapidement compl\u00e9t\u00e9 par la loi Le Chapelier interdisant les groupements corporatistes (ceux-ci repr\u00e9sentant une entrave \u00e0 cette libert\u00e9 par leurs r\u00f4les de r\u00e9gulation et d&rsquo;entraide). De nos jours, cet esprit de conqu\u00eate n&rsquo;a pas vari\u00e9. Pour exemples, l\u2019objet du droit du travail \u00ab&nbsp;s\u2019est \u00e9largi de la protection des salari\u00e9s \u0088\u00e0 [\u2026] la sauvegarde des int\u00e9r\u00eats capitalistes de production&nbsp;\u00bb. De m\u00eame, les exigences des droits sociaux doivent c\u00e9der devant les libert\u00e9s \u00e9conomiques, selon la jurisprudence de la Cour de justice de l\u2019Union europ\u00e9enne. (*)<\/p>\n\n\n\n<p>Avec le recul, il appara\u00eet que la R\u00e9publique a \u00e9t\u00e9 en gros le fruit de deux \u00e9tapes cons\u00e9cutives&nbsp;; l&rsquo;\u00e9mancipation du Tiers-\u00e9tat vis \u00e0 vis des deux autres ordres puis, au sein de ce Tiers-\u00e9tat, celle de l&rsquo;\u00e9lite bourgeoise vis \u00e0 vis du peuple lui-m\u00eame. L&rsquo;impossibilit\u00e9 d&rsquo;un r\u00e8glement apais\u00e9 de la question sociale provient d\u00e8s le d\u00e9part d&rsquo;une contradiction \u00e9vidente, inh\u00e9rente \u00e0 cette \u00e9volution&nbsp;: on ne peut s&rsquo;\u00e9manciper de ce dont on ne peut se dispenser, en l&rsquo;occurrence de ce dont on reste structurellement d\u00e9pendant &#8211; ce qui est notamment le cas de l&rsquo;actionnaire vis \u00e0 vis du salari\u00e9.<\/p>\n\n\n\n<p>Certes, beaucoup d&rsquo;efforts ont \u00e9t\u00e9 faits par les penseurs lib\u00e9raux, depuis le d\u00e9but du XVIIIe si\u00e8cle et \u00e0 la suite de l&rsquo;id\u00e9e du \u00ab&nbsp;doux commerce&nbsp;\u00bb de Montesquieu, pour faire admettre que des th\u00e9ories comme le \u00ab&nbsp;laisser faire, laisser passer&nbsp;\u00bb, le \u00ab&nbsp;ruissellement&nbsp;\u00bb, ou la \u00ab&nbsp;main invisible&nbsp;\u00bb d&rsquo;Adam Smith ne peuvent mener qu&rsquo;\u00e0 la paix et la prosp\u00e9rit\u00e9 g\u00e9n\u00e9rales, \u00e0 un optimum social sans contr\u00f4le ni r\u00e9gulation d&rsquo;un \u00c9tat, c&rsquo;est \u00e0 dire sans l&rsquo;intervention du droit (**).<\/p>\n\n\n\n<p>Dans la pratique, m\u00eame avec l&rsquo;appui de gouvernements obligeants, ces th\u00e9ories n&rsquo;ont jamais tenu leurs promesses&nbsp;: l\u00e0 o\u00f9 elles ont \u00e9t\u00e9 au moins en partie appliqu\u00e9es, les in\u00e9galit\u00e9s sociales et la pauvret\u00e9 n&rsquo;ont cess\u00e9 d&rsquo;augmenter. La cause couramment invoqu\u00e9e \u00e9tant alors que ces th\u00e9ories ne peuvent se v\u00e9rifier que dans un march\u00e9 int\u00e9gralement lib\u00e9r\u00e9 de toute contrainte (peut-\u00eatre un genre de \u00ab&nbsp;far west&nbsp;\u00bb?). Mais \u00e0 ce compte, il faudrait en dire autant de la d\u00e9mocratie qui ne marcherait si mal, dans tous les r\u00e9gimes qui s&rsquo;en revendiquent, que parce qu&rsquo;elle n&rsquo;est pas appliqu\u00e9e int\u00e9gralement&nbsp;!<\/p>\n\n\n\n<p style=\"font-size:13px\">(*) <a href=\"https:\/\/journals.openedition.org\/revdh\/2957?file=1\">le_contentieux_des_droits_et_libertes_fondamentaux_a_l_epreuve_de_l_e_conomie_de_marche.pdf<\/a><\/p>\n\n\n\n<p style=\"font-size:13px\">De m\u00eame, \u00ab&nbsp;la Cour de justice europ\u00e9enne prot\u00e8ge en principe les droits linguistiques, mais donne la priorit\u00e9 \u00e0 la libert\u00e9 d\u2019entreprise&nbsp;; les programmes tels que Lingua, Erasmus, Comenius ou encore le plan d\u2019action 2004-2006 en faveur de l\u2019apprentissage pr\u00e9coce des langues, dont le but est la promotion du plurilinguisme, font en r\u00e9alit\u00e9 la promotion de l\u2019anglais.&nbsp;\u00bb John Humbley, d&rsquo;apr\u00e8s Claude TRUCHOT, Europe&nbsp;: l\u2019enjeu linguistique, Paris, 2008.<\/p>\n\n\n\n<p style=\"font-size:13px\">(**) <a href=\"https:\/\/comptoir.org\/2020\/09\/29\/liberalisme-et-anti-liberalisme-la-naissance-dun-clivage-au-xviiie-siecle\/\">Lib\u00e9ralisme et anti-lib\u00e9ralisme, la naissance d\u2019un clivage au XVIIIe si\u00e8cle \u2013 Le Comptoir<\/a><\/p>\n\n\n\n<p>La libert\u00e9 (que contient implicitement le vocable lib\u00e9ral) ne peut donc pas \u00eatre le ma\u00eetre-mot de l&rsquo;\u00e9conomie, et d&rsquo;ailleurs, l&rsquo;\u00e9conomie n&rsquo;a peut-\u00eatre pas vocation \u00e0 r\u00e9genter toute la soci\u00e9t\u00e9, laquelle peut avoir apr\u00e8s tout des ambitions plus grandes, collectives ou individuelles, que l&rsquo;\u00e9ternelle croissance d&rsquo;un PIB dans un monde surexploit\u00e9&nbsp;; la performance, la comp\u00e9tition, la concurrence ou la satisfaction de besoins mat\u00e9riels artificiellement augment\u00e9s &#8211; id\u00e9alement \u00e0 l&rsquo;infini.<\/p>\n\n\n\n<p>Par cette confusion originelle et ce tour de passe-passe s\u00e9mantique qui assimilent volontiers \u00ab&nbsp;lib\u00e9ral&nbsp;\u00bb avec g\u00e9n\u00e9reux, tol\u00e9rant ou philanthrope, le lib\u00e9ralisme \u00e9conomique a pu donner l&rsquo;illusion de sa compatibilit\u00e9 avec la d\u00e9mocratie &#8211; quand au fond il n&rsquo;a cess\u00e9 de la combattre. On le voit nettement, depuis le XIXe si\u00e8cle, \u00e0 la r\u00e9pression syst\u00e9matique, parfois sanglante, qu&rsquo;il a oppos\u00e9 \u00e0 toutes les volont\u00e9s de changement lorsque le pouvoir politique lui \u00e9tait favorable ou \u00e9tait entre ses mains (*). Livr\u00e9 \u00e0 lui-m\u00eame, lors de ses entreprises de colonisation, il a montr\u00e9 au contraire, avec cynisme, le peu de cas qu&rsquo;il peut faire des valeurs et de la vie humaines, arm\u00e9 de th\u00e9ories racistes et usant de m\u00e9thodes brutales d&rsquo;asservissement sous banni\u00e8re du progr\u00e8s. Ce ne sont pas l\u00e0 des accidents de parcours regrettables&nbsp;; la pente naturelle du lib\u00e9ralisme \u00e9conomique le rapprochant irr\u00e9sistiblement du totalitarisme, comme l&rsquo;a d\u00e9montr\u00e9 Karl Polanyi (**).<\/p>\n\n\n\n<p>Ce tour de passe-passe s\u00e9mantique a \u00e9galement donn\u00e9 l&rsquo;oxymore \u00ab&nbsp;d\u00e9mocratie lib\u00e9rale&nbsp;\u00bb, une invention qui s&rsquo;est largement r\u00e9pandue. Or, par d\u00e9finition, il ne peut pas y avoir de d\u00e9mocratie sans la souverainet\u00e9 d&rsquo;un peuple, sans un peuple souverain, ce que le lib\u00e9ralisme a obstin\u00e9ment toujours rejet\u00e9. Les premi\u00e8res traductions dans le droit de cette souverainet\u00e9-l\u00e0, depuis l&rsquo;antiquit\u00e9 ath\u00e9nienne, ont cherch\u00e9 \u00e0 s&rsquo;exprimer durant la R\u00e9volution fran\u00e7aise, notamment dans la Constitution rousseauiste de 1793 \u2013 qui n&rsquo;a jamais \u00e9t\u00e9 appliqu\u00e9e (***). La derni\u00e8re \u00e9tant la Commune de Paris (suivant celles de Lyon et Marseille en 1870-1871), qui instaura une administration selon la d\u00e9mocratie directe comme alternative au r\u00e9gime parlementaire.<\/p>\n\n\n\n<p style=\"font-size:13px\">(*) <a href=\"https:\/\/www.histoire-pour-tous.fr\/histoire-de-france\/1701-lavenement-de-la-iieme-republique-24-fevrier-1848.html\">R\u00e9volution de 1848<\/a><\/p>\n\n\n\n<p style=\"font-size:13px\">(**) Ouvrage cit\u00e9 supra<\/p>\n\n\n\n<p style=\"font-size:13px\">(***) Voir dans les notes le PDF sur La Constitution montagnarde (site AN)<\/p>\n\n\n\n<p>On connait le destin tragique de ces exp\u00e9riences de communalisme (autrement nomm\u00e9 municipalisme) et il est certain, d&rsquo;apr\u00e8s la violence de leur r\u00e9pression, qu&rsquo;elles ne pouvaient \u00eatre plus contraires au conservatisme lib\u00e9ral de leur temps. Le n\u00e9olib\u00e9ralisme, une \u00e9volution r\u00e9formatrice du lib\u00e9ralisme dans la suite de la crise des ann\u00e9es 1920 (dont celui-ci \u00e9tait largement responsable), poursuivra cette lutte radicale contre toute forme de collectivisme (et donc syst\u00e9matiquement contre la d\u00e9mocratie). Les \u00e9manations de ce courant cosmopolite, telle la Soci\u00e9t\u00e9 du Mont-P\u00e8lerin, fondamentalement \u00e9litistes, accessoirement fortifi\u00e9es par un commun m\u00e9pris des masses populaires, poursuivent de longue date, malgr\u00e9 quelques divergences mineures, un but h\u00e9g\u00e9monique commun d\u00e9clin\u00e9 en deux axes connexes&nbsp;: l&rsquo;investissement dans une vaste et durable strat\u00e9gie internationale de diffusion doctrinale et d&rsquo;influence n\u00e9olib\u00e9rale des \u00e9lites acad\u00e9miques, politiques et \u00e9conomiques (*)(**)&nbsp;; Deuxi\u00e8mement la d\u00e9connexion de l&rsquo;\u00e9conomie des autres sciences humaines et son rapprochement (\u00e9videmment artificiel et sp\u00e9cieux) avec les sciences de la nature, donnant par cet artifice valeur de pr\u00e9ceptes aux postulats de la doctrine \u00e9conomique lib\u00e9rale (***).<\/p>\n\n\n\n<p style=\"font-size:13px\">(*) <a href=\"https:\/\/shs.cairn.info\/revue-actes-de-la-recherche-en-sciences-sociales-2002-5-page-9?lang=fr\">Le proph\u00e8te, le p\u00e8lerin et le missionnaire | Cairn.info<\/a> (op. cit\u00e9)<\/p>\n\n\n\n<p style=\"font-size:13px\">(**) L&rsquo;exemple du \u00ab&nbsp;Nobel&nbsp;\u00bb est \u00e0 ce titre \u00e9loquente. Elle illustre \u00ab&nbsp;l\u2019histoire longue et difficile de la construction d\u2019une l\u00e9gitimit\u00e9 et d\u2019une cr\u00e9dibilit\u00e9 scientifiques internationales&nbsp;\u00bb, particuli\u00e8rement de \u00ab&nbsp;l\u2019\u00e9conomie {qui} s\u2019est ainsi dot\u00e9e, depuis 1969, d\u2019un panth\u00e9on de savants contemporains&nbsp;\u00bb, gr\u00e2ce \u00e0 un prix offrant \u00ab&nbsp;une garantie opposable \u00e0 toute remise en cause par d\u2019autres sciences sociales (&#8230;)&nbsp;\u00bb. Fr\u00e9d\u00e9ric Lebaron, Le \u00ab&nbsp;Nobel&nbsp;\u00bb d&rsquo;\u00e9conomie, une politique, ARSS 2002. Ainsi, il y a dix ans, une centaine de \u00ab&nbsp;Nobel&nbsp;\u00bb (y compris dans des disciplines sans rapport avec le sujet) promeuvent la culture d&rsquo;OGM par voie de lettre ouverte aux gouvernements du monde entier, tentant d&rsquo;\u00e9craser sous le poids de leur prestige, \u00e0 d\u00e9faut de leurs savoirs, une controverse d\u00e9j\u00e0 ancienne, toujours d&rsquo;actualit\u00e9, et la n\u00e9cessit\u00e9 d&rsquo;un d\u00e9bat public. (<a href=\"https:\/\/theconversation.com\/des-nobel-contre-greenpeace-la-derniere-polemique-ogm-decryptee-62845\">Des Nobel contre Greenpeace&nbsp;: la&nbsp;derni\u00e8re pol\u00e9mique OGM d\u00e9crypt\u00e9e<\/a>)<\/p>\n\n\n\n<p style=\"font-size:13px\">(***) <a href=\"https:\/\/assoeconomiepolitique.org\/wp-content\/uploads\/manifeste_pour_une_economie_pluraliste-AFEP.pdf\">Manifeste pour une \u00e9conomie pluraliste &#8211; manifeste_pour_une_economie_pluraliste-AFEP.pdf<\/a><\/p>\n\n\n\n<p>C&rsquo;est ainsi que, dans un monde occidental vou\u00e9 (sinon d\u00e9vou\u00e9) \u00e0 l&rsquo;\u00e9conomie et \u00e0 la science, le lib\u00e9ralisme a si bien pu investir et rallier \u00e0 sa cause le champ du politique &#8211; De gr\u00e9, comme en Scandinavie o\u00f9 il a d\u00fb composer avec une des plus solides traditions d\u00e9mocratiques, ou de force, comme en Am\u00e9rique latine, sp\u00e9cialement au Chili, o\u00f9 l&rsquo;\u00c9cole de Chicago a r\u00e9alis\u00e9 in vivo, dans les ann\u00e9es 1970, le programme complet de domination r\u00eav\u00e9 par le capitalisme n\u00e9olib\u00e9ral. Le pays ne s&rsquo;en est toujours pas remis (*)(**).<\/p>\n\n\n\n<p>L&rsquo;\u00e9mergence incidente de ce qu&rsquo;on a appel\u00e9 la \u00ab&nbsp;classe moyenne&nbsp;\u00bb, grande pourvoyeuse en membres de partis politiques et de groupes parlementaires, a constitu\u00e9 \u00e0 la fois une courroie de transmission et un soutien au d\u00e9veloppement du lib\u00e9ralisme, en m\u00eame temps qu&rsquo;un nouveau facteur de fracturation dans une soci\u00e9t\u00e9 vou\u00e9e essentiellement au consum\u00e9risme. En t\u00e9moigne la disqualification des discours collectivistes associ\u00e9s aux r\u00e9gimes communistes ringardis\u00e9s, l&rsquo;effondrement du PC et la r\u00e9gression du syndicalisme, la disparition de la classe ouvri\u00e8re avec la d\u00e9sindustrialisation. N\u00e9anmoins, les avantages que cette \u00ab&nbsp;classe&nbsp;\u00bb a tir\u00e9s de sa position interm\u00e9diaire entre l&rsquo;\u00e9lite et le reste de la population se sont d\u00e9grad\u00e9s assez rapidement avec la financiarisation progressive de l&rsquo;\u00e9conomie, inscrite dans le projet d&rsquo;un nouvel ordre \u00e9conomique mondial. \u00c0 celui-ci concourent des instances non \u00e9tatiques, quoique productrices de normes, a fortiori non d\u00e9mocratiques, telles que le FMI, la Banque mondiale ou les march\u00e9s financiers.<\/p>\n\n\n\n<p style=\"font-size:13px\">(*) <a href=\"https:\/\/shs.cairn.info\/revue-internationale-et-strategique-2013-3-page-107?lang=fr#s2n2\">De Chicago \u00e0 Santiago&nbsp;: le mod\u00e8le \u00e9conomique chilien | Cairn.info<\/a><\/p>\n\n\n\n<p style=\"font-size:13px\">(**) Mais loin de s&rsquo;auto-r\u00e9former en r\u00e9duisant ses pr\u00e9tentions h\u00e9g\u00e9moniques, ne serait-ce qu&rsquo;au vu des ravages sociaux induits par les applications de sa doctrine, le capitalisme n\u00e9olib\u00e9ral a fait depuis un pas suppl\u00e9mentaire dans la radicalisation. D\u00e9couvrant que les crises (qu&rsquo;il g\u00e9n\u00e8re) repr\u00e9sentent des opportunit\u00e9s autrement inaccessibles (y compris de faire le m\u00e9nage dans ses rangs), l&rsquo;id\u00e9e est venue aux plus malins de ses adeptes, au lieu d&rsquo;attendre la crise suivante, d&rsquo;en cr\u00e9er de nouvelles <em>ex nihilo. <\/em>Cf.&nbsp;: Naomi Klein, <em>The Shock Doctrine: The Rise of Disaster Capitalism, Knopf, Canada, 2007&nbsp;; La Strat\u00e9gie du choc&nbsp;: la mont\u00e9e d&rsquo;un capitalisme du d\u00e9sastre, Actes sud, 2008.<\/em><\/p>\n\n\n\n<p style=\"font-size:20px\"><strong>Conclusion provisoire<\/strong><\/p>\n\n\n\n<p class=\"has-text-align-left\">L&rsquo;observation des effets sociaux de l&rsquo;industrialisation (en particulier l&rsquo;extension de la pauvret\u00e9, de la pr\u00e9carisation et les perturbations qu&rsquo;elles am\u00e8nent) a re\u00e7u pour nom, il y a pr\u00e8s de deux si\u00e8cles, la \u00ab&nbsp;question sociale&nbsp;\u00bb. En pratique,<br>cyniquement, se posaient l\u00e0 \u00e9galement le probl\u00e8me du renouvellement d&rsquo;une main d\u2019\u0153uvre en bon \u00e9tat de produire.<br>Le r\u00e8glement de cette question sociale, qui se repose avec acuit\u00e9 depuis les ann\u00e9es 1980, est rest\u00e9 un angle mort des th\u00e9ories capitalistes lib\u00e9rales. Cela s&rsquo;explique par le fait que ce r\u00e8glement ne peut \u00eatre envisag\u00e9 ind\u00e9pendamment de sa dimension morale. On ne peut \u00e9vacuer en effet ni du politique et du social, ni de l&rsquo;\u00e9conomie la question morale qu&rsquo;il sous-tend (qu&rsquo;elle soit religieuse ou post-religieuse), parce qu&rsquo;elle est inh\u00e9rente \u00e0 la condition humaine. La rationalit\u00e9 qui s&rsquo;est employ\u00e9e \u00e0 th\u00e9oriser une soci\u00e9t\u00e9 id\u00e9ale ind\u00e9pendamment de la morale n&rsquo;a jamais atteint son but (*). Nos id\u00e9aux de libert\u00e9, d&rsquo;\u00e9galit\u00e9 et de fraternit\u00e9 ne peuvent ni se concevoir ni trouver leur traduction sociale en pratique ind\u00e9pendamment les uns des autres, ni ind\u00e9pendamment de la morale. Les apports r\u00e9flexifs de Kant et de Rousseau en particulier, au sein du mouvement des Lumi\u00e8res, m\u00e8nent \u00e0 replacer l&rsquo;\u00eatre humain, irr\u00e9ductible aux d\u00e9finitions qu&rsquo;en donne la science moderne, au centre de la question sociale.<\/p>\n\n\n\n<p class=\"has-text-align-left\">Le lib\u00e9ralisme \u00e9conomique a tent\u00e9 en vain d&rsquo;imposer sa pseudo-loi naturelle de \u00ab&nbsp;l&rsquo;offre et de la demande&nbsp;\u00bb \u00e0 cette place centrale, voulue m\u00e9caniquement neutre &#8211; de m\u00eame qu&rsquo;on a esp\u00e9r\u00e9 en vain tirer des math\u00e9matiques la solution \u00e0 la question du choix d\u00e9mocratique et du mode de scrutin id\u00e9al. Ce sont-l\u00e0 des simplifications utilitaristes, aveugles \u00e0 la n\u00e9cessit\u00e9 de l&rsquo;\u00e9volution et \u00e0 la complexit\u00e9 des soci\u00e9t\u00e9s humaines. Replacer au contraire l&rsquo;homme au centre reviendrait \u00e0 reconna\u00eetre \u00e0 l&rsquo;\u00e9ducation \u00e0 la fois une place fondamentale et son caract\u00e8re \u00e9minemment moral. Ce serait aussi reconna\u00eetre l&rsquo;autonomie de la volont\u00e9 comme une autre expression de la libert\u00e9. Le choix de l&rsquo;int\u00e9r\u00eat g\u00e9n\u00e9ral et du bien commun (**), garantie d&rsquo;une soci\u00e9t\u00e9 apais\u00e9e, ne peut venir (comme le pr\u00e9tendent les \u00e9conomistes lib\u00e9raux), d&rsquo;une somme d&rsquo;int\u00e9r\u00eats \u00e9go\u00efstes particuliers mais bien de convictions port\u00e9es par des valeurs morales.<br><br>Le peuple lui-m\u00eame est-il un adepte de la d\u00e9mocratie&nbsp;? Avons-nous atteint la maturit\u00e9 n\u00e9cessaire \u00e0 l&rsquo;exercice de la d\u00e9mocratie&nbsp;? Pr\u00e9tendre \u00e0 une soci\u00e9t\u00e9 apais\u00e9e, riche de ses particularit\u00e9s, cela suppose notamment de sortir des choix manich\u00e9ens tels qu&rsquo;entre l&rsquo;homme ou la nature, la croissance ou la frugalit\u00e9, le productivisme ou la sant\u00e9, l&rsquo;individuel ou le collectif, le droit ou le devoir, la gauche ou la droite, le social ou l&rsquo;\u00e9conomique, la science ou la religion, l&rsquo;envie d&rsquo;avoir plus ou la peur d&rsquo;avoir moins, etc, etc.<\/p>\n\n\n\n<p style=\"font-size:13px\">(*) <a href=\"https:\/\/shs.cairn.info\/revue-du-mauss-2004-2-page-388?lang=fr\">Arrow et l&rsquo;impossibilit\u00e9 : une d\u00e9monstration par l&rsquo;absurde | Cairn.info<\/a><\/p>\n\n\n\n<p style=\"font-size:13px\">(**) Le \u00ab bien commun \u00bb est une expression reprise \u00e0 l&rsquo;Antiquit\u00e9, au moins autant qu&rsquo;\u00e0 la pens\u00e9e chr\u00e9tienne.<\/p>\n\n\n\n<p style=\"font-size:16px\">AIIM, novembre 2025<\/p>\n\n\n\n<p style=\"font-size:20px\">Notes compl\u00e9mentaires<\/p>\n\n\n\n<div class=\"wp-block-file\"><a id=\"wp-block-file--media-c09734a5-8bfa-434b-8f56-3531ceb91d35\" href=\"https:\/\/aiim.fr\/wp-content\/uploads\/2025\/11\/1-25-questions-concretes-apres-la-dissolution-Sisyphe-avocats-06-2024.pdf\">1 &#8211; 25 questions concre\u0300tes apre\u0300s la dissolution (Sisyphe avocats 06-2024)<\/a><a href=\"https:\/\/aiim.fr\/wp-content\/uploads\/2025\/11\/1-25-questions-concretes-apres-la-dissolution-Sisyphe-avocats-06-2024.pdf\" class=\"wp-block-file__button wp-element-button\" download aria-describedby=\"wp-block-file--media-c09734a5-8bfa-434b-8f56-3531ceb91d35\">T\u00e9l\u00e9charger<\/a><\/div>\n\n\n\n<div class=\"wp-block-file\"><a id=\"wp-block-file--media-fd69fee5-2a08-4a4a-821f-668294a27f51\" href=\"https:\/\/aiim.fr\/wp-content\/uploads\/2025\/11\/2-Dissolution-et-tractations-Huffington-Post-08-2024.pdf\">2 &#8211; Dissolution et tractations (Huffington Post 08-2024)<\/a><a href=\"https:\/\/aiim.fr\/wp-content\/uploads\/2025\/11\/2-Dissolution-et-tractations-Huffington-Post-08-2024.pdf\" class=\"wp-block-file__button wp-element-button\" download aria-describedby=\"wp-block-file--media-fd69fee5-2a08-4a4a-821f-668294a27f51\">T\u00e9l\u00e9charger<\/a><\/div>\n\n\n\n<div class=\"wp-block-file\"><a id=\"wp-block-file--media-f342efb2-c0e9-4fb1-a593-0852e690102e\" href=\"https:\/\/aiim.fr\/wp-content\/uploads\/2025\/11\/3-Soixante-ans-de-subordination-parlementaire.pdf\">3 &#8211; Soixante ans de subordination parlementaire<\/a><a href=\"https:\/\/aiim.fr\/wp-content\/uploads\/2025\/11\/3-Soixante-ans-de-subordination-parlementaire.pdf\" class=\"wp-block-file__button wp-element-button\" download aria-describedby=\"wp-block-file--media-f342efb2-c0e9-4fb1-a593-0852e690102e\">T\u00e9l\u00e9charger<\/a><\/div>\n\n\n\n<div class=\"wp-block-file\"><a id=\"wp-block-file--media-d7a49516-75c6-4a29-b3c6-2651b35b55ff\" href=\"https:\/\/aiim.fr\/wp-content\/uploads\/2025\/11\/4-Tuer-un-service-public-en-cinq-etapes-La-Revue-Pratiques-01-2022.pdf\">4 &#8211; Tuer un service public en cinq e\u0301tapes &#8211; La Revue Pratiques 01-2022<\/a><a href=\"https:\/\/aiim.fr\/wp-content\/uploads\/2025\/11\/4-Tuer-un-service-public-en-cinq-etapes-La-Revue-Pratiques-01-2022.pdf\" class=\"wp-block-file__button wp-element-button\" download aria-describedby=\"wp-block-file--media-d7a49516-75c6-4a29-b3c6-2651b35b55ff\">T\u00e9l\u00e9charger<\/a><\/div>\n\n\n\n<div class=\"wp-block-file\"><a id=\"wp-block-file--media-7772790e-ef82-4498-b612-5905e473e928\" href=\"https:\/\/aiim.fr\/wp-content\/uploads\/2025\/11\/5-Chambre-de-commerce-des-Etats-Unis-\u2014-Wikipedia.pdf\">5 &#8211; Chambre de commerce des E\u0301tats-Unis \u2014 Wikipe\u0301dia<\/a><a href=\"https:\/\/aiim.fr\/wp-content\/uploads\/2025\/11\/5-Chambre-de-commerce-des-Etats-Unis-\u2014-Wikipedia.pdf\" class=\"wp-block-file__button wp-element-button\" download aria-describedby=\"wp-block-file--media-7772790e-ef82-4498-b612-5905e473e928\">T\u00e9l\u00e9charger<\/a><\/div>\n\n\n\n<div class=\"wp-block-file\"><a id=\"wp-block-file--media-1e57d113-b41b-4661-9dfa-2b4f434e0b50\" href=\"https:\/\/aiim.fr\/wp-content\/uploads\/2025\/11\/6-Table-ronde-des-industriels-europeens-\u2014-Wikipedia.pdf\">6 &#8211; Table ronde des industriels europe\u0301ens \u2014 Wikipe\u0301dia<\/a><a href=\"https:\/\/aiim.fr\/wp-content\/uploads\/2025\/11\/6-Table-ronde-des-industriels-europeens-\u2014-Wikipedia.pdf\" class=\"wp-block-file__button wp-element-button\" download aria-describedby=\"wp-block-file--media-1e57d113-b41b-4661-9dfa-2b4f434e0b50\">T\u00e9l\u00e9charger<\/a><\/div>\n\n\n\n<div class=\"wp-block-file\"><a id=\"wp-block-file--media-e7ff6ceb-3acf-4734-b231-162eab483576\" href=\"https:\/\/aiim.fr\/wp-content\/uploads\/2025\/11\/7-Le-CNR-et-son-programme-resume.pdf\">7 &#8211; Le CNR et son programme (re\u0301sume\u0301)<\/a><a href=\"https:\/\/aiim.fr\/wp-content\/uploads\/2025\/11\/7-Le-CNR-et-son-programme-resume.pdf\" class=\"wp-block-file__button wp-element-button\" download aria-describedby=\"wp-block-file--media-e7ff6ceb-3acf-4734-b231-162eab483576\">T\u00e9l\u00e9charger<\/a><\/div>\n\n\n\n<div class=\"wp-block-file\"><a id=\"wp-block-file--media-7a65f1ac-f03b-4690-865a-b016157e84ae\" href=\"https:\/\/aiim.fr\/wp-content\/uploads\/2025\/11\/8-Les-GOPEconomiques-Observatoire-social-europeen-2001.pdf\">8 &#8211; Les GOP(Economiques ?) Observatoire social europe\u0301en, 2001<\/a><a href=\"https:\/\/aiim.fr\/wp-content\/uploads\/2025\/11\/8-Les-GOPEconomiques-Observatoire-social-europeen-2001.pdf\" class=\"wp-block-file__button wp-element-button\" download aria-describedby=\"wp-block-file--media-7a65f1ac-f03b-4690-865a-b016157e84ae\">T\u00e9l\u00e9charger<\/a><\/div>\n\n\n\n<div class=\"wp-block-file\"><a id=\"wp-block-file--media-d437f1b3-3662-4ffb-9739-bb28caa1d407\" href=\"https:\/\/aiim.fr\/wp-content\/uploads\/2025\/11\/9-Loi-de-janvier-1973-debut-du-capitalisme-financiarise-Cairn-2013.pdf\">9 &#8211; Loi de janvier 1973- debut du capitalisme financiarise\u0301 (Cairn 2013)<\/a><a href=\"https:\/\/aiim.fr\/wp-content\/uploads\/2025\/11\/9-Loi-de-janvier-1973-debut-du-capitalisme-financiarise-Cairn-2013.pdf\" class=\"wp-block-file__button wp-element-button\" download aria-describedby=\"wp-block-file--media-d437f1b3-3662-4ffb-9739-bb28caa1d407\">T\u00e9l\u00e9charger<\/a><\/div>\n\n\n\n<div class=\"wp-block-file\"><a id=\"wp-block-file--media-c08e3895-de68-434d-a634-892f56e7e0dd\" href=\"https:\/\/aiim.fr\/wp-content\/uploads\/2025\/11\/10-Dette-de-la-France-depuis-1950-France-inflation.com_.pdf\">10 &#8211; Dette de la France depuis 1950 (France-inflation.com)<\/a><a href=\"https:\/\/aiim.fr\/wp-content\/uploads\/2025\/11\/10-Dette-de-la-France-depuis-1950-France-inflation.com_.pdf\" class=\"wp-block-file__button wp-element-button\" download aria-describedby=\"wp-block-file--media-c08e3895-de68-434d-a634-892f56e7e0dd\">T\u00e9l\u00e9charger<\/a><\/div>\n\n\n\n<div class=\"wp-block-file\"><a id=\"wp-block-file--media-1f9d2130-fff0-4ef7-b3e4-0fd7059535c9\" href=\"https:\/\/aiim.fr\/wp-content\/uploads\/2025\/11\/11-Larticle-88-4-de-la-Constitution-francaise-_-le-role-du-Parlement-dans-lelaboration-de-la-norme-europeenne_-actes-de-colloque-diriges-par-Henry-Roussillon-Institut-Maurice-Hauriou.pdf\">11 &#8211; L&rsquo;article 88-4 de la Constitution franc\u0327aise _ le ro\u0302le du Parlement dans l&rsquo;e\u0301laboration de la norme europe\u0301enne_ actes de colloque dirige\u0301s par Henry Roussillon &#8211; Institut Maurice Hauriou<\/a><a href=\"https:\/\/aiim.fr\/wp-content\/uploads\/2025\/11\/11-Larticle-88-4-de-la-Constitution-francaise-_-le-role-du-Parlement-dans-lelaboration-de-la-norme-europeenne_-actes-de-colloque-diriges-par-Henry-Roussillon-Institut-Maurice-Hauriou.pdf\" class=\"wp-block-file__button wp-element-button\" download aria-describedby=\"wp-block-file--media-1f9d2130-fff0-4ef7-b3e4-0fd7059535c9\">T\u00e9l\u00e9charger<\/a><\/div>\n\n\n\n<div class=\"wp-block-file\"><a id=\"wp-block-file--media-f47d7434-a3e4-4647-aab1-6ee96ad0cd8b\" href=\"https:\/\/aiim.fr\/wp-content\/uploads\/2025\/11\/12-La-concentration-des-medias-en-debat-a-lAssemblee-nationale-Acrimed-11-2022.pdf\">12 &#8211; La concentration des me\u0301dias en de\u0301bat a\u0300 l\u2019Assemble\u0301e nationale &#8211; Acrimed 11-2022<\/a><a href=\"https:\/\/aiim.fr\/wp-content\/uploads\/2025\/11\/12-La-concentration-des-medias-en-debat-a-lAssemblee-nationale-Acrimed-11-2022.pdf\" class=\"wp-block-file__button wp-element-button\" download aria-describedby=\"wp-block-file--media-f47d7434-a3e4-4647-aab1-6ee96ad0cd8b\">T\u00e9l\u00e9charger<\/a><\/div>\n\n\n\n<div class=\"wp-block-file\"><a id=\"wp-block-file--media-b2020472-886d-4605-b385-61760312fa47\" href=\"https:\/\/aiim.fr\/wp-content\/uploads\/2025\/11\/13-Presidence-de-Radio-France-_-six-projets-pour-une-meme-obsession-manageriale-Acrimed-04-2018.pdf\">13 &#8211; Pre\u0301sidence de Radio France _ six projets pour une me\u0302me obsession manage\u0301riale &#8211; Acrimed 04-2018<\/a><a href=\"https:\/\/aiim.fr\/wp-content\/uploads\/2025\/11\/13-Presidence-de-Radio-France-_-six-projets-pour-une-meme-obsession-manageriale-Acrimed-04-2018.pdf\" class=\"wp-block-file__button wp-element-button\" download aria-describedby=\"wp-block-file--media-b2020472-886d-4605-b385-61760312fa47\">T\u00e9l\u00e9charger<\/a><\/div>\n\n\n\n<div class=\"wp-block-file\"><a id=\"wp-block-file--media-db54603a-e7a8-4b03-a12a-76708807d834\" href=\"https:\/\/aiim.fr\/wp-content\/uploads\/2025\/11\/14-Cabinet-de-conseil-McKinsey-_-la-justice-enquete-Le-Parisien-11-2022.pdf\">14 &#8211; Cabinet de conseil McKinsey _ la justice enque\u0302te (Le Parisien 11-2022)<\/a><a href=\"https:\/\/aiim.fr\/wp-content\/uploads\/2025\/11\/14-Cabinet-de-conseil-McKinsey-_-la-justice-enquete-Le-Parisien-11-2022.pdf\" class=\"wp-block-file__button wp-element-button\" download aria-describedby=\"wp-block-file--media-db54603a-e7a8-4b03-a12a-76708807d834\">T\u00e9l\u00e9charger<\/a><\/div>\n\n\n\n<div class=\"wp-block-file\"><a id=\"wp-block-file--media-88f1912c-0d20-430f-84f3-d7ee9e9788ed\" href=\"https:\/\/aiim.fr\/wp-content\/uploads\/2025\/11\/15-Cabinets-de-conseil-le-Parquet-national-financier-enquete-Le-Monde-11-2022.pdf\">15 &#8211; Cabinets de conseil le Parquet national financier enque\u0302te (Le Monde 11-2022)<\/a><a href=\"https:\/\/aiim.fr\/wp-content\/uploads\/2025\/11\/15-Cabinets-de-conseil-le-Parquet-national-financier-enquete-Le-Monde-11-2022.pdf\" class=\"wp-block-file__button wp-element-button\" download aria-describedby=\"wp-block-file--media-88f1912c-0d20-430f-84f3-d7ee9e9788ed\">T\u00e9l\u00e9charger<\/a><\/div>\n\n\n\n<div class=\"wp-block-file\"><a id=\"wp-block-file--media-62b09fd0-3069-4291-81aa-1ce51ddcef96\" href=\"https:\/\/aiim.fr\/wp-content\/uploads\/2025\/11\/16-Auditeurs-UE-abus-choquants-financement-ONG-Euractiv-FR-04-2025.pdf\">16 &#8211; Auditeurs UE abus \u00abchoquants\u00bb financement ONG (Euractiv FR 04-2025)<\/a><a href=\"https:\/\/aiim.fr\/wp-content\/uploads\/2025\/11\/16-Auditeurs-UE-abus-choquants-financement-ONG-Euractiv-FR-04-2025.pdf\" class=\"wp-block-file__button wp-element-button\" download aria-describedby=\"wp-block-file--media-62b09fd0-3069-4291-81aa-1ce51ddcef96\">T\u00e9l\u00e9charger<\/a><\/div>\n\n\n\n<div class=\"wp-block-file\"><a id=\"wp-block-file--media-4a6cbe90-afec-483f-a8a9-906ba6414dc7\" href=\"https:\/\/aiim.fr\/wp-content\/uploads\/2025\/11\/17-Les-ONG-cheval-de-Troie-du-neoliberalisme-Medecins-du-monde-12-2014.pdf\">17 &#8211; Les ONG, cheval de Troie du ne\u0301olibe\u0301ralisme (Me\u0301decins du monde 12-2014)<\/a><a href=\"https:\/\/aiim.fr\/wp-content\/uploads\/2025\/11\/17-Les-ONG-cheval-de-Troie-du-neoliberalisme-Medecins-du-monde-12-2014.pdf\" class=\"wp-block-file__button wp-element-button\" download aria-describedby=\"wp-block-file--media-4a6cbe90-afec-483f-a8a9-906ba6414dc7\">T\u00e9l\u00e9charger<\/a><\/div>\n\n\n\n<div class=\"wp-block-file\"><a id=\"wp-block-file--media-1f4894a6-f984-4c60-8e81-6af11c692d7e\" href=\"https:\/\/aiim.fr\/wp-content\/uploads\/2025\/11\/18-Reformes-liberales-sous-la-Ve-Republique-Grok.pdf\">18 &#8211; Re\u0301formes libe\u0301rales sous la Ve Re\u0301publique (Grok)<\/a><a href=\"https:\/\/aiim.fr\/wp-content\/uploads\/2025\/11\/18-Reformes-liberales-sous-la-Ve-Republique-Grok.pdf\" class=\"wp-block-file__button wp-element-button\" download aria-describedby=\"wp-block-file--media-1f4894a6-f984-4c60-8e81-6af11c692d7e\">T\u00e9l\u00e9charger<\/a><\/div>\n\n\n\n<div class=\"wp-block-file\"><a id=\"wp-block-file--media-d728e34f-81ec-4d44-9785-83f516293727\" href=\"https:\/\/aiim.fr\/wp-content\/uploads\/2025\/11\/19-Business-anticommunisme-et-neoliberalisme-reseaux-transatlantiques-Revue-Relations-Internationales-180-2019.pdf\">19 &#8211; Business-anticommunisme-et-neoliberalisme-reseaux-transatlantiques-(Revue Relations Internationales 180-2019)<\/a><a href=\"https:\/\/aiim.fr\/wp-content\/uploads\/2025\/11\/19-Business-anticommunisme-et-neoliberalisme-reseaux-transatlantiques-Revue-Relations-Internationales-180-2019.pdf\" class=\"wp-block-file__button wp-element-button\" download aria-describedby=\"wp-block-file--media-d728e34f-81ec-4d44-9785-83f516293727\">T\u00e9l\u00e9charger<\/a><\/div>\n\n\n\n<div class=\"wp-block-file\"><a id=\"wp-block-file--media-6a2d33f8-a0e8-43d3-a3da-c295bffefdea\" href=\"https:\/\/aiim.fr\/wp-content\/uploads\/2025\/11\/20-Le-fait-majoritaire-Droit-constitutionnel-Aideauxtd.com-03-2023.pdf\">20 &#8211; Le fait majoritaire Droit constitutionnel (Aideauxtd.com 03-2023)<\/a><a href=\"https:\/\/aiim.fr\/wp-content\/uploads\/2025\/11\/20-Le-fait-majoritaire-Droit-constitutionnel-Aideauxtd.com-03-2023.pdf\" class=\"wp-block-file__button wp-element-button\" download aria-describedby=\"wp-block-file--media-6a2d33f8-a0e8-43d3-a3da-c295bffefdea\">T\u00e9l\u00e9charger<\/a><\/div>\n\n\n\n<div class=\"wp-block-file\"><a id=\"wp-block-file--media-a11dc944-1f2d-46fc-b9e5-cffa1de18383\" href=\"https:\/\/aiim.fr\/wp-content\/uploads\/2025\/11\/21-Ni-fait-majoritaire-ni-cohabitation-Juspoliticum-06-2022.pdf\">21 &#8211; Ni fait majoritaire, ni cohabitation (Juspoliticum 06-2022)<\/a><a href=\"https:\/\/aiim.fr\/wp-content\/uploads\/2025\/11\/21-Ni-fait-majoritaire-ni-cohabitation-Juspoliticum-06-2022.pdf\" class=\"wp-block-file__button wp-element-button\" download aria-describedby=\"wp-block-file--media-a11dc944-1f2d-46fc-b9e5-cffa1de18383\">T\u00e9l\u00e9charger<\/a><\/div>\n\n\n\n<div class=\"wp-block-file\"><a id=\"wp-block-file--media-b763a4a1-9e96-4d0e-b9e2-e13d32ab551c\" href=\"https:\/\/aiim.fr\/wp-content\/uploads\/2025\/11\/22-Rendre-la-parole-au-peuple-La-question-du-RIC-FFB-Constructif-2022.pdf\">22 &#8211; Rendre la parole au peuple La question du RIC (FFB Constructif 2022)<\/a><a href=\"https:\/\/aiim.fr\/wp-content\/uploads\/2025\/11\/22-Rendre-la-parole-au-peuple-La-question-du-RIC-FFB-Constructif-2022.pdf\" class=\"wp-block-file__button wp-element-button\" download aria-describedby=\"wp-block-file--media-b763a4a1-9e96-4d0e-b9e2-e13d32ab551c\">T\u00e9l\u00e9charger<\/a><\/div>\n\n\n\n<div class=\"wp-block-file\"><a id=\"wp-block-file--media-371c545e-fb7d-4799-95d4-8b98057b00a7\" href=\"https:\/\/aiim.fr\/wp-content\/uploads\/2025\/11\/23-Reduction-nombre-parlementaires-Sciences-Po-02-2018.pdf\">23 &#8211; Re\u0301duction nombre parlementaires (Sciences Po 02-2018)<\/a><a href=\"https:\/\/aiim.fr\/wp-content\/uploads\/2025\/11\/23-Reduction-nombre-parlementaires-Sciences-Po-02-2018.pdf\" class=\"wp-block-file__button wp-element-button\" download aria-describedby=\"wp-block-file--media-371c545e-fb7d-4799-95d4-8b98057b00a7\">T\u00e9l\u00e9charger<\/a><\/div>\n\n\n\n<div class=\"wp-block-file\"><a id=\"wp-block-file--media-bd2eda87-5623-4e9b-8dce-ff21c6f2c9ee\" href=\"https:\/\/aiim.fr\/wp-content\/uploads\/2025\/11\/24-Sondage-limage-catastrophique-des-partis-Public-Senat-07-2024.pdf\">24 &#8211; Sondage &#8211; l\u2019image catastrophique des partis (Public Se\u0301nat 07-2024)<\/a><a href=\"https:\/\/aiim.fr\/wp-content\/uploads\/2025\/11\/24-Sondage-limage-catastrophique-des-partis-Public-Senat-07-2024.pdf\" class=\"wp-block-file__button wp-element-button\" download aria-describedby=\"wp-block-file--media-bd2eda87-5623-4e9b-8dce-ff21c6f2c9ee\">T\u00e9l\u00e9charger<\/a><\/div>\n\n\n\n<div class=\"wp-block-file\"><a id=\"wp-block-file--media-17ac2a8f-4336-4657-ac1c-23fc8c2296b8\" href=\"https:\/\/aiim.fr\/wp-content\/uploads\/2025\/11\/25-Scandales-politiques-francais-liste-Wikipedia.pdf\">25 &#8211; Scandales politiques franc\u0327ais &#8211; liste (Wikipe\u0301dia)<\/a><a href=\"https:\/\/aiim.fr\/wp-content\/uploads\/2025\/11\/25-Scandales-politiques-francais-liste-Wikipedia.pdf\" class=\"wp-block-file__button wp-element-button\" download aria-describedby=\"wp-block-file--media-17ac2a8f-4336-4657-ac1c-23fc8c2296b8\">T\u00e9l\u00e9charger<\/a><\/div>\n\n\n\n<div class=\"wp-block-file\"><a id=\"wp-block-file--media-41244707-564b-47bc-b236-7ab275c08721\" href=\"https:\/\/aiim.fr\/wp-content\/uploads\/2025\/11\/26-Anticor-pour-des-campagnes-electorales-propres-06-2018.pdf\">26 &#8211; Anticor pour des campagnes e\u0301lectorales propres 06-2018<\/a><a href=\"https:\/\/aiim.fr\/wp-content\/uploads\/2025\/11\/26-Anticor-pour-des-campagnes-electorales-propres-06-2018.pdf\" class=\"wp-block-file__button wp-element-button\" download aria-describedby=\"wp-block-file--media-41244707-564b-47bc-b236-7ab275c08721\">T\u00e9l\u00e9charger<\/a><\/div>\n\n\n\n<div class=\"wp-block-file\"><a id=\"wp-block-file--media-b9f1c66a-e5f6-47ee-a519-ed6cc25bf0ae\" href=\"https:\/\/aiim.fr\/wp-content\/uploads\/2025\/11\/27-Les-classes-paysannes-en-France-au-XVIIIe-siecle-Persee-1911-2018.pdf\">27 &#8211; Les classes paysannes en France au XVIIIe sie\u0300cle (Perse\u0301e 1911-2018)<\/a><a href=\"https:\/\/aiim.fr\/wp-content\/uploads\/2025\/11\/27-Les-classes-paysannes-en-France-au-XVIIIe-siecle-Persee-1911-2018.pdf\" class=\"wp-block-file__button wp-element-button\" download aria-describedby=\"wp-block-file--media-b9f1c66a-e5f6-47ee-a519-ed6cc25bf0ae\">T\u00e9l\u00e9charger<\/a><\/div>\n\n\n\n<div class=\"wp-block-file\"><a id=\"wp-block-file--media-ad9a311b-d224-4191-a121-254bfcd3b201\" href=\"https:\/\/aiim.fr\/wp-content\/uploads\/2025\/11\/28-Highland-Clearances-\u2014-Wikipedia.pdf\">28 &#8211; Highland Clearances \u2014 Wikipe\u0301dia<\/a><a href=\"https:\/\/aiim.fr\/wp-content\/uploads\/2025\/11\/28-Highland-Clearances-\u2014-Wikipedia.pdf\" class=\"wp-block-file__button wp-element-button\" download aria-describedby=\"wp-block-file--media-ad9a311b-d224-4191-a121-254bfcd3b201\">T\u00e9l\u00e9charger<\/a><\/div>\n\n\n\n<div class=\"wp-block-file\"><a id=\"wp-block-file--media-0b1b84e2-2a43-4707-9e4e-164b4ed46a6f\" href=\"https:\/\/aiim.fr\/wp-content\/uploads\/2025\/11\/29-La-co-ecriture-de-la-constitution-islandaise-une-experience-sans-lendemain-Co-construire-lAvenir-11-2014.pdf\">29 &#8211; La co-e\u0301criture de la constitution islandaise, une expe\u0301rience sans lendemain (Co-construire l&rsquo;Avenir 11-2014)<\/a><a href=\"https:\/\/aiim.fr\/wp-content\/uploads\/2025\/11\/29-La-co-ecriture-de-la-constitution-islandaise-une-experience-sans-lendemain-Co-construire-lAvenir-11-2014.pdf\" class=\"wp-block-file__button wp-element-button\" download aria-describedby=\"wp-block-file--media-0b1b84e2-2a43-4707-9e4e-164b4ed46a6f\">T\u00e9l\u00e9charger<\/a><\/div>\n\n\n\n<div class=\"wp-block-file\"><a id=\"wp-block-file--media-0c6d0abb-212a-4e33-bf43-2204d5e42e10\" href=\"https:\/\/aiim.fr\/wp-content\/uploads\/2025\/11\/30-Le-prophete-le-pelerin-et-le-missionnaire-Cairn-2002.pdf\">30 &#8211; Le prophe\u0300te, le pe\u0300lerin et le missionnaire (Cairn 2002)<\/a><a href=\"https:\/\/aiim.fr\/wp-content\/uploads\/2025\/11\/30-Le-prophete-le-pelerin-et-le-missionnaire-Cairn-2002.pdf\" class=\"wp-block-file__button wp-element-button\" download aria-describedby=\"wp-block-file--media-0c6d0abb-212a-4e33-bf43-2204d5e42e10\">T\u00e9l\u00e9charger<\/a><\/div>\n\n\n\n<div class=\"wp-block-file\"><a id=\"wp-block-file--media-5f129037-5a64-49e5-af1a-f0df0cb54b5d\" href=\"https:\/\/aiim.fr\/wp-content\/uploads\/2025\/11\/31-Reforme-neoliberale-de-letat-Les-rationalites-pol-Cairn-2009.pdf\">31 &#8211; Reforme ne\u0301olibe\u0301rale de l&rsquo;etat (Les rationalite\u0301s pol Cairn 2009)<\/a><a href=\"https:\/\/aiim.fr\/wp-content\/uploads\/2025\/11\/31-Reforme-neoliberale-de-letat-Les-rationalites-pol-Cairn-2009.pdf\" class=\"wp-block-file__button wp-element-button\" download aria-describedby=\"wp-block-file--media-5f129037-5a64-49e5-af1a-f0df0cb54b5d\">T\u00e9l\u00e9charger<\/a><\/div>\n\n\n\n<div class=\"wp-block-file\"><a id=\"wp-block-file--media-99754c23-7218-43cd-8523-0b5d399adfbe\" href=\"https:\/\/aiim.fr\/wp-content\/uploads\/2025\/11\/32-La-Republique-antidemocratique-lelection-contre-la-democratie-Philitt-12-2018.pdf\">32 &#8211; La Re\u0301publique antide\u0301mocratique &#8211; l\u2019e\u0301lection contre la de\u0301mocratie (Philitt 12-2018)<\/a><a href=\"https:\/\/aiim.fr\/wp-content\/uploads\/2025\/11\/32-La-Republique-antidemocratique-lelection-contre-la-democratie-Philitt-12-2018.pdf\" class=\"wp-block-file__button wp-element-button\" download aria-describedby=\"wp-block-file--media-99754c23-7218-43cd-8523-0b5d399adfbe\">T\u00e9l\u00e9charger<\/a><\/div>\n\n\n\n<div class=\"wp-block-file\"><a id=\"wp-block-file--media-34db3273-12b8-4675-88c9-350269fb11fd\" href=\"https:\/\/aiim.fr\/wp-content\/uploads\/2025\/11\/33-Le-cas-Macron-_-un-feuilleton-mediatique-a-suspense-Acrimed-11-2016.pdf\">33 &#8211; Le \u00abcas Macron\u00bb _ un feuilleton me\u0301diatique a\u0300 suspense (Acrimed 11-2016)<\/a><a href=\"https:\/\/aiim.fr\/wp-content\/uploads\/2025\/11\/33-Le-cas-Macron-_-un-feuilleton-mediatique-a-suspense-Acrimed-11-2016.pdf\" class=\"wp-block-file__button wp-element-button\" download aria-describedby=\"wp-block-file--media-34db3273-12b8-4675-88c9-350269fb11fd\">T\u00e9l\u00e9charger<\/a><\/div>\n\n\n\n<div class=\"wp-block-file\"><a id=\"wp-block-file--media-31123625-ffc2-4f52-9b22-734be24c5885\" href=\"https:\/\/aiim.fr\/wp-content\/uploads\/2025\/11\/34-La-nouvelle-sociologie-de-lAN-_-renouvellement-ou-cercle-ferme-Revue-Politique-et-Parlementaire-12-2017.pdf\">34 &#8211; La nouvelle sociologie de l\u2019AN _ renouvellement ou \u00ab cercle ferme\u0301 \u00bb (Revue Politique et Parlementaire 12-2017)<\/a><a href=\"https:\/\/aiim.fr\/wp-content\/uploads\/2025\/11\/34-La-nouvelle-sociologie-de-lAN-_-renouvellement-ou-cercle-ferme-Revue-Politique-et-Parlementaire-12-2017.pdf\" class=\"wp-block-file__button wp-element-button\" download aria-describedby=\"wp-block-file--media-31123625-ffc2-4f52-9b22-734be24c5885\">T\u00e9l\u00e9charger<\/a><\/div>\n\n\n\n<div class=\"wp-block-file\"><a id=\"wp-block-file--media-874ef1ba-bf12-4e25-988a-108506c741d4\" href=\"https:\/\/aiim.fr\/wp-content\/uploads\/2025\/11\/35-Contentieux-des-droits-et-libertes-fondamentaux-a-lepreuve-de-leconomie-de-marche-H.-Hurpy-11-2015.pdf\">35 &#8211; Contentieux des droits et liberte\u0301s fondamentaux a\u0300 l&rsquo;e\u0301preuve de l&rsquo;e\u0301conomie de marche\u0301 (H. Hurpy 11-2015)<\/a><a href=\"https:\/\/aiim.fr\/wp-content\/uploads\/2025\/11\/35-Contentieux-des-droits-et-libertes-fondamentaux-a-lepreuve-de-leconomie-de-marche-H.-Hurpy-11-2015.pdf\" class=\"wp-block-file__button wp-element-button\" download aria-describedby=\"wp-block-file--media-874ef1ba-bf12-4e25-988a-108506c741d4\">T\u00e9l\u00e9charger<\/a><\/div>\n\n\n\n<div class=\"wp-block-file\"><a id=\"wp-block-file--media-a49ee7cd-9a2c-4545-9985-811ed84f924d\" href=\"https:\/\/aiim.fr\/wp-content\/uploads\/2025\/11\/36-Liberalisme-et-anti-liberalisme-au-XVIIIe-siecle-Le-Comptoir-2020.pdf\">36 &#8211; Libe\u0301ralisme et anti-libe\u0301ralisme au XVIIIe sie\u0300cle (Le Comptoir 2020)<\/a><a href=\"https:\/\/aiim.fr\/wp-content\/uploads\/2025\/11\/36-Liberalisme-et-anti-liberalisme-au-XVIIIe-siecle-Le-Comptoir-2020.pdf\" class=\"wp-block-file__button wp-element-button\" download aria-describedby=\"wp-block-file--media-a49ee7cd-9a2c-4545-9985-811ed84f924d\">T\u00e9l\u00e9charger<\/a><\/div>\n\n\n\n<div class=\"wp-block-file\"><a id=\"wp-block-file--media-fc7293e2-92f8-4326-afe7-07780b495acd\" href=\"https:\/\/aiim.fr\/wp-content\/uploads\/2025\/11\/37-Revolution-de-1848-IIe-Republique-Hpt-2023.pdf\">37 &#8211; Re\u0301volution de 1848 IIe Re\u0301publique (Hpt 2023)<\/a><a href=\"https:\/\/aiim.fr\/wp-content\/uploads\/2025\/11\/37-Revolution-de-1848-IIe-Republique-Hpt-2023.pdf\" class=\"wp-block-file__button wp-element-button\" download aria-describedby=\"wp-block-file--media-fc7293e2-92f8-4326-afe7-07780b495acd\">T\u00e9l\u00e9charger<\/a><\/div>\n\n\n\n<div class=\"wp-block-file\"><a id=\"wp-block-file--media-4de90bf8-c0c4-4052-96de-ebfcc791fe12\" href=\"https:\/\/aiim.fr\/wp-content\/uploads\/2025\/11\/38-La-Constitution-montagnarde-site-AN.pdf\">38 &#8211; La Constitution montagnarde (site AN)<\/a><a href=\"https:\/\/aiim.fr\/wp-content\/uploads\/2025\/11\/38-La-Constitution-montagnarde-site-AN.pdf\" class=\"wp-block-file__button wp-element-button\" download aria-describedby=\"wp-block-file--media-4de90bf8-c0c4-4052-96de-ebfcc791fe12\">T\u00e9l\u00e9charger<\/a><\/div>\n\n\n\n<div class=\"wp-block-file\"><a id=\"wp-block-file--media-87870e9b-5b46-4745-b793-cf9282cd3842\" href=\"https:\/\/aiim.fr\/wp-content\/uploads\/2025\/11\/39-Des-Nobel-contre-Greenpeace-The-Conversation-07-2016.pdf\">39 &#8211; Des Nobel contre Greenpeace (The Conversation 07-2016)<\/a><a href=\"https:\/\/aiim.fr\/wp-content\/uploads\/2025\/11\/39-Des-Nobel-contre-Greenpeace-The-Conversation-07-2016.pdf\" class=\"wp-block-file__button wp-element-button\" download aria-describedby=\"wp-block-file--media-87870e9b-5b46-4745-b793-cf9282cd3842\">T\u00e9l\u00e9charger<\/a><\/div>\n\n\n\n<div class=\"wp-block-file\"><a id=\"wp-block-file--media-b661746a-f902-44af-a18b-d9fe9e11302b\" href=\"https:\/\/aiim.fr\/wp-content\/uploads\/2025\/11\/40-Manifeste-pour-une-economie-pluraliste-AFEP-2015.pdf\">40 &#8211; Manifeste pour une e\u0301conomie pluraliste (AFEP 2015)<\/a><a href=\"https:\/\/aiim.fr\/wp-content\/uploads\/2025\/11\/40-Manifeste-pour-une-economie-pluraliste-AFEP-2015.pdf\" class=\"wp-block-file__button wp-element-button\" download aria-describedby=\"wp-block-file--media-b661746a-f902-44af-a18b-d9fe9e11302b\">T\u00e9l\u00e9charger<\/a><\/div>\n\n\n\n<div class=\"wp-block-file\"><a id=\"wp-block-file--media-004e2639-fbc0-406d-b341-911a30d3f06d\" href=\"https:\/\/aiim.fr\/wp-content\/uploads\/2025\/11\/41-De-Chicago-a-Santiago-Iris-2013.pdf\">41 &#8211; De Chicago a\u0300 Santiago (Iris 2013)<\/a><a href=\"https:\/\/aiim.fr\/wp-content\/uploads\/2025\/11\/41-De-Chicago-a-Santiago-Iris-2013.pdf\" class=\"wp-block-file__button wp-element-button\" download aria-describedby=\"wp-block-file--media-004e2639-fbc0-406d-b341-911a30d3f06d\">T\u00e9l\u00e9charger<\/a><\/div>\n\n\n\n<div class=\"wp-block-file\"><a id=\"wp-block-file--media-2c00ab40-bfe3-4753-a4af-73972bc9d773\" href=\"https:\/\/aiim.fr\/wp-content\/uploads\/2025\/11\/42-Arrow-et-limpossibilite-une-demonstration-par-labsurde-Cairn-2004.pdf\">42 &#8211; Arrow-et-limpossibilite-une-demonstration-par-labsurde (Cairn 2004)<\/a><a href=\"https:\/\/aiim.fr\/wp-content\/uploads\/2025\/11\/42-Arrow-et-limpossibilite-une-demonstration-par-labsurde-Cairn-2004.pdf\" class=\"wp-block-file__button wp-element-button\" download aria-describedby=\"wp-block-file--media-2c00ab40-bfe3-4753-a4af-73972bc9d773\">T\u00e9l\u00e9charger<\/a><\/div>\n\n\n\n<div class=\"wp-block-file\"><a id=\"wp-block-file--media-468fed95-e295-4230-a081-15dd3a9dd9b5\" href=\"https:\/\/aiim.fr\/wp-content\/uploads\/2025\/11\/43-Rapport-Perruchot-Le-Point-02-2012.pdf\">43 &#8211; Rapport Perruchot &#8211; Le Point 02-2012<\/a><a href=\"https:\/\/aiim.fr\/wp-content\/uploads\/2025\/11\/43-Rapport-Perruchot-Le-Point-02-2012.pdf\" class=\"wp-block-file__button wp-element-button\" download aria-describedby=\"wp-block-file--media-468fed95-e295-4230-a081-15dd3a9dd9b5\">T\u00e9l\u00e9charger<\/a><\/div>\n\n\n\n<p><\/p>\n<div class='watch-action'><div class='watch-position align-left'><div class='action-like'><a class='lbg-style1 like-1873 jlk' href='javascript:void(0)' data-task='like' data-post_id='1873' data-nonce='a8d76aeb50' rel='nofollow'><img class='wti-pixel' src='https:\/\/aiim.fr\/wp-content\/plugins\/wti-like-post\/images\/pixel.gif' title='J&#039;aime ' \/><span class='lc-1873 lc'>0<\/span><\/a><\/div><div class='action-unlike'><a class='unlbg-style1 unlike-1873 jlk' href='javascript:void(0)' data-task='unlike' data-post_id='1873' data-nonce='a8d76aeb50' rel='nofollow'><img class='wti-pixel' src='https:\/\/aiim.fr\/wp-content\/plugins\/wti-like-post\/images\/pixel.gif' title=' J&#039;aime pas' \/><span class='unlc-1873 unlc'>0<\/span><\/a><\/div> <\/div> <div class='status-1873 status align-left'><\/div><\/div><div class='wti-clear'><\/div>","protected":false},"excerpt":{"rendered":"<p>INTRODUCTION La temp\u00eate politique provoqu\u00e9e par les r\u00e9sultats catastrophiques du camp pr\u00e9sidentiel aux \u00e9lections europ\u00e9ennes<\/p>\n","protected":false},"author":3,"featured_media":0,"comment_status":"open","ping_status":"open","sticky":false,"template":"","format":"standard","meta":{"_jetpack_memberships_contains_paid_content":false,"footnotes":"","jetpack_publicize_message":"","jetpack_publicize_feature_enabled":true,"jetpack_social_post_already_shared":true,"jetpack_social_options":{"image_generator_settings":{"template":"highway","default_image_id":0,"font":"","enabled":false},"version":2}},"categories":[13],"tags":[],"class_list":["post-1873","post","type-post","status-publish","format-standard","hentry","category-document-et-references"],"jetpack_publicize_connections":[],"jetpack_featured_media_url":"","jetpack_sharing_enabled":true,"_links":{"self":[{"href":"https:\/\/aiim.fr\/index.php?rest_route=\/wp\/v2\/posts\/1873","targetHints":{"allow":["GET"]}}],"collection":[{"href":"https:\/\/aiim.fr\/index.php?rest_route=\/wp\/v2\/posts"}],"about":[{"href":"https:\/\/aiim.fr\/index.php?rest_route=\/wp\/v2\/types\/post"}],"author":[{"embeddable":true,"href":"https:\/\/aiim.fr\/index.php?rest_route=\/wp\/v2\/users\/3"}],"replies":[{"embeddable":true,"href":"https:\/\/aiim.fr\/index.php?rest_route=%2Fwp%2Fv2%2Fcomments&post=1873"}],"version-history":[{"count":58,"href":"https:\/\/aiim.fr\/index.php?rest_route=\/wp\/v2\/posts\/1873\/revisions"}],"predecessor-version":[{"id":2059,"href":"https:\/\/aiim.fr\/index.php?rest_route=\/wp\/v2\/posts\/1873\/revisions\/2059"}],"wp:attachment":[{"href":"https:\/\/aiim.fr\/index.php?rest_route=%2Fwp%2Fv2%2Fmedia&parent=1873"}],"wp:term":[{"taxonomy":"category","embeddable":true,"href":"https:\/\/aiim.fr\/index.php?rest_route=%2Fwp%2Fv2%2Fcategories&post=1873"},{"taxonomy":"post_tag","embeddable":true,"href":"https:\/\/aiim.fr\/index.php?rest_route=%2Fwp%2Fv2%2Ftags&post=1873"}],"curies":[{"name":"wp","href":"https:\/\/api.w.org\/{rel}","templated":true}]}}