{"id":2035,"date":"2025-12-16T20:24:36","date_gmt":"2025-12-16T19:24:36","guid":{"rendered":"https:\/\/aiim.fr\/?p=2035"},"modified":"2026-01-08T16:03:26","modified_gmt":"2026-01-08T15:03:26","slug":"les-cahiers-de-doleances","status":"publish","type":"post","link":"https:\/\/aiim.fr\/?p=2035","title":{"rendered":"Cahiers dol\u00e9ances des 4 vall\u00e9es ( Azergues, Br\u00e9venne, Trambouze , Turdine)"},"content":{"rendered":"\n<p class=\"has-medium-font-size\">Apr\u00e8s 7 ans toujours d&rsquo;actualit\u00e9. Le 31 janvier 14h00 salle des f\u00eates des Olmes. Venez lire des contributions de  2019 retranscrites sur nos vallons, voir des extraits du film \u00a0\u00bb les Dol\u00e9ances\u00a0\u00bb et vous exprimer lors d&rsquo; une session d&rsquo;\u00e9changes sur les probl\u00e9matiques des territoires de notre r\u00e9gion. Ne l\u00e2chons pas le combat.<\/p>\n\n\n\n<p><\/p>\n\n\n\n<figure class=\"wp-block-image size-full\"><img fetchpriority=\"high\" decoding=\"async\" width=\"885\" height=\"500\" src=\"https:\/\/aiim.fr\/wp-content\/uploads\/2025\/12\/image.jpg\" alt=\"\" class=\"wp-image-2036\" srcset=\"https:\/\/aiim.fr\/wp-content\/uploads\/2025\/12\/image.jpg 885w, https:\/\/aiim.fr\/wp-content\/uploads\/2025\/12\/image-300x169.jpg 300w, https:\/\/aiim.fr\/wp-content\/uploads\/2025\/12\/image-768x434.jpg 768w\" sizes=\"(max-width: 885px) 100vw, 885px\" \/><\/figure>\n\n\n\n<p><\/p>\n\n\n\n<p>Les cahiers de Dol\u00e9ances de 2018-2019 qui devaient \u00eatre port\u00e9s \u00e0 la connaissance du public ne le sont toujours pas. Le pr\u00e9sident les a improprement rebaptis\u00e9s \u00a0\u00bb cahiers citoyens\u00a0\u00bb et la seule r\u00e9ponse donn\u00e9e \u00e0 ces dol\u00e9ances a \u00e9t\u00e9 le \u00ab\u00a0Grand d\u00e9bat\u00a0\u00bb, le pr\u00e9sident de la r\u00e9publique se mettant en sc\u00e8ne seul au cours de longs monologues.<\/p>\n\n\n\n<p>Les originaux sont dans les Archives nationales. Il y a eu beaucoup de rat\u00e9s lors des num\u00e9risations. 30 \u00e0 40% des dol\u00e9ances n&rsquo;auraient m\u00eame pas \u00e9t\u00e9 num\u00e9ris\u00e9es. <\/p>\n\n\n\n<p>Un groupe de chercheurs et de citoyens  ont particip\u00e9 \u00e0 la retranscription et \u00e0 l&rsquo;anonymisation des cahiers de dol\u00e9ances afin de les rendre publics.<\/p>\n\n\n\n<p>Nous souhaitons rappeler , par cette manifestation , l&rsquo;initiative des cahiers de dol\u00e9ances. Celle-ci nous a offert un pr\u00e9cieux rep\u00e8re d\u00e9mocratique . En effet , cette exp\u00e9rience civique, lanc\u00e9e \u00e0 l&rsquo;origine par <strong>l&rsquo;Association des Maires Ruraux de France,<\/strong> a montr\u00e9e une r\u00e9elle volont\u00e9 de participation chez nos concitoyens.<\/p>\n\n\n\n<p>Ces volont\u00e9s, de participation et de sollicitation, peuvent et doivent aller \u00e0 la rencontre l&rsquo;une de l&rsquo;autre et permettre, d\u00e9j\u00e0 au niveau local, l&rsquo;\u00e9mergence d&rsquo;une v\u00e9ritable dynamique civique propre \u00e0 une r\u00e9elle d\u00e9mocratie. Attirer l&rsquo;attention et l&rsquo;expression du public sur ces questions est le but que nous vous proposons dans ce rappel d&rsquo;un \u00e9v\u00e9nement qui fait partie de notre histoire.<\/p>\n\n\n\n<p>Si vous souhaitez nous aider financi\u00e8rement pour l&rsquo;organisation de cet \u00e9v\u00e8nement une cagnotte est en ligne ( voir le lien)<\/p>\n\n\n\n<p><\/p>\n\n\n\n<p><a href=\"https:\/\/www.leetchi.com\/fr\/c\/evenement-les-cahiers-de-doleances-1647658\">https:\/\/www.leetchi.com\/fr\/c\/evenement-les-cahiers-de-doleances-1647658<\/a><\/p>\n\n\n\n<p>Affiche et Programme: <\/p>\n\n\n\n<figure class=\"wp-block-gallery has-nested-images columns-default is-cropped wp-block-gallery-1 is-layout-flex wp-block-gallery-is-layout-flex\">\n<figure class=\"wp-block-image size-large\"><img decoding=\"async\" width=\"724\" height=\"1024\" data-id=\"2077\" src=\"https:\/\/aiim.fr\/wp-content\/uploads\/2025\/12\/Affiche-Doleances-JANV-26_page-0001-2-724x1024.jpg\" alt=\"\" class=\"wp-image-2077\" srcset=\"https:\/\/aiim.fr\/wp-content\/uploads\/2025\/12\/Affiche-Doleances-JANV-26_page-0001-2-724x1024.jpg 724w, https:\/\/aiim.fr\/wp-content\/uploads\/2025\/12\/Affiche-Doleances-JANV-26_page-0001-2-212x300.jpg 212w, https:\/\/aiim.fr\/wp-content\/uploads\/2025\/12\/Affiche-Doleances-JANV-26_page-0001-2-768x1086.jpg 768w, https:\/\/aiim.fr\/wp-content\/uploads\/2025\/12\/Affiche-Doleances-JANV-26_page-0001-2.jpg 849w\" sizes=\"(max-width: 724px) 100vw, 724px\" \/><\/figure>\n\n\n\n<figure class=\"wp-block-image size-large\"><img decoding=\"async\" width=\"724\" height=\"1024\" data-id=\"2078\" src=\"https:\/\/aiim.fr\/wp-content\/uploads\/2025\/12\/Programme-A3-Doleances-JANV-26_page-0001-2-724x1024.jpg\" alt=\"\" class=\"wp-image-2078\" srcset=\"https:\/\/aiim.fr\/wp-content\/uploads\/2025\/12\/Programme-A3-Doleances-JANV-26_page-0001-2-724x1024.jpg 724w, https:\/\/aiim.fr\/wp-content\/uploads\/2025\/12\/Programme-A3-Doleances-JANV-26_page-0001-2-212x300.jpg 212w, https:\/\/aiim.fr\/wp-content\/uploads\/2025\/12\/Programme-A3-Doleances-JANV-26_page-0001-2-768x1086.jpg 768w, https:\/\/aiim.fr\/wp-content\/uploads\/2025\/12\/Programme-A3-Doleances-JANV-26_page-0001-2.jpg 849w\" sizes=\"(max-width: 724px) 100vw, 724px\" \/><\/figure>\n<\/figure>\n\n\n\n<p>L&rsquo;association AIIM <\/p>\n\n\n\n<p><\/p>\n<div class='watch-action'><div class='watch-position align-left'><div class='action-like'><a class='lbg-style1 like-2035 jlk' href='javascript:void(0)' data-task='like' data-post_id='2035' data-nonce='a8d76aeb50' rel='nofollow'><img class='wti-pixel' src='https:\/\/aiim.fr\/wp-content\/plugins\/wti-like-post\/images\/pixel.gif' title='J&#039;aime ' \/><span class='lc-2035 lc'>+3<\/span><\/a><\/div><div class='action-unlike'><a class='unlbg-style1 unlike-2035 jlk' href='javascript:void(0)' data-task='unlike' data-post_id='2035' data-nonce='a8d76aeb50' rel='nofollow'><img class='wti-pixel' src='https:\/\/aiim.fr\/wp-content\/plugins\/wti-like-post\/images\/pixel.gif' title=' J&#039;aime pas' \/><span class='unlc-2035 unlc'>0<\/span><\/a><\/div> <\/div> <div class='status-2035 status align-left'><\/div><\/div><div class='wti-clear'><\/div>","protected":false},"excerpt":{"rendered":"<p>Apr\u00e8s 7 ans toujours d&rsquo;actualit\u00e9. Le 31 janvier 14h00 salle des f\u00eates des Olmes. Venez<\/p>\n","protected":false},"author":4,"featured_media":2036,"comment_status":"open","ping_status":"open","sticky":false,"template":"","format":"standard","meta":{"_jetpack_memberships_contains_paid_content":false,"footnotes":"","jetpack_publicize_message":"","jetpack_publicize_feature_enabled":true,"jetpack_social_post_already_shared":true,"jetpack_social_options":{"image_generator_settings":{"template":"highway","default_image_id":0,"font":"","enabled":false},"version":2}},"categories":[7],"tags":[],"class_list":["post-2035","post","type-post","status-publish","format-standard","has-post-thumbnail","hentry","category-historique-evenements"],"jetpack_publicize_connections":[],"jetpack_featured_media_url":"https:\/\/aiim.fr\/wp-content\/uploads\/2025\/12\/image.jpg","jetpack_sharing_enabled":true,"_links":{"self":[{"href":"https:\/\/aiim.fr\/index.php?rest_route=\/wp\/v2\/posts\/2035","targetHints":{"allow":["GET"]}}],"collection":[{"href":"https:\/\/aiim.fr\/index.php?rest_route=\/wp\/v2\/posts"}],"about":[{"href":"https:\/\/aiim.fr\/index.php?rest_route=\/wp\/v2\/types\/post"}],"author":[{"embeddable":true,"href":"https:\/\/aiim.fr\/index.php?rest_route=\/wp\/v2\/users\/4"}],"replies":[{"embeddable":true,"href":"https:\/\/aiim.fr\/index.php?rest_route=%2Fwp%2Fv2%2Fcomments&post=2035"}],"version-history":[{"count":10,"href":"https:\/\/aiim.fr\/index.php?rest_route=\/wp\/v2\/posts\/2035\/revisions"}],"predecessor-version":[{"id":2079,"href":"https:\/\/aiim.fr\/index.php?rest_route=\/wp\/v2\/posts\/2035\/revisions\/2079"}],"wp:featuredmedia":[{"embeddable":true,"href":"https:\/\/aiim.fr\/index.php?rest_route=\/wp\/v2\/media\/2036"}],"wp:attachment":[{"href":"https:\/\/aiim.fr\/index.php?rest_route=%2Fwp%2Fv2%2Fmedia&parent=2035"}],"wp:term":[{"taxonomy":"category","embeddable":true,"href":"https:\/\/aiim.fr\/index.php?rest_route=%2Fwp%2Fv2%2Fcategories&post=2035"},{"taxonomy":"post_tag","embeddable":true,"href":"https:\/\/aiim.fr\/index.php?rest_route=%2Fwp%2Fv2%2Ftags&post=2035"}],"curies":[{"name":"wp","href":"https:\/\/api.w.org\/{rel}","templated":true}]}}