{"id":2092,"date":"2026-01-09T17:22:24","date_gmt":"2026-01-09T16:22:24","guid":{"rendered":"https:\/\/aiim.fr\/?p=2092"},"modified":"2026-01-09T17:23:11","modified_gmt":"2026-01-09T16:23:11","slug":"2092","status":"publish","type":"post","link":"https:\/\/aiim.fr\/?p=2092","title":{"rendered":"Compte rendu r\u00e9union Dol\u00e9ances du 7 janvier 2026"},"content":{"rendered":"\n<p><strong>Compte rendu r\u00e9union du 7 janvier 2026 sur Les Dol\u00e9ances<\/strong><\/p>\n\n\n\n<p>Pr\u00e9sents&nbsp;: Sylvie D, Gigi, Pascal, Sylvie T, Mich\u00e8le, Kako, Jacques, Roland, Fran\u00e7ois, Marie, Stephan et Brigitte<\/p>\n\n\n\n<p>Absentes excus\u00e9es&nbsp;: Chantal, Kolette, Christine, Maud<\/p>\n\n\n\n<p>R\u00e9partition des communes des 4 vall\u00e9es aux diff\u00e9rents groupes pour l\u2019affichage et les contacts contributeurs.<\/p>\n\n\n\n<p>Brigitte enverra des invitations \u00e0 tous les contributeurs qui ont donn\u00e9 leur adresse, pour toutes les vall\u00e9es, en copie cach\u00e9e, avec l\u2019affiche et le programme. Envoi \u00e0 tous les maires et maires d\u00e9l\u00e9gu\u00e9s avec visibilit\u00e9 de tous les destinataires, avec \u00e9galement affiche et programme. Lien cagnotte \u00e0 ins\u00e9rer dans tous les emails.<\/p>\n\n\n\n<p>Gigi reprendra l\u2019affiche pour ins\u00e9rer un QR code donnant le lien vers la cagnotte. Celle-ci \u00e9tait plafonn\u00e9e \u00e0 500 \u20ac, montant \u00e0 \u00e9lever \u00e0 1000 \u20ac.<\/p>\n\n\n\n<p>Brigitte enverra l\u2019affiche modifi\u00e9e avec le programme et l\u2019affiche en format A5 \u00e0 tout le monde. Pour les contributeurs \u00e0 qui il faut envoyer des invitations (ou les mettre dans leurs boites aux lettres), joindre l\u2019affiche en format A5. Brigitte enverra \u00e9galement la liste des contributeurs \u00e9tablie par Sylvie.<\/p>\n\n\n\n<p>Gigi a donn\u00e9 quelques affiches en A3. Chaque groupe se charge d\u2019imprimer ses affiches en format A4, ainsi que les invitations et flyers.<\/p>\n\n\n\n<p>Maud avait demand\u00e9 s\u2019ils pourront venir avec les autres acteurs d\u00e8s le matin. R\u00e9ponse oui, on y sera pour pr\u00e9parer la salle.<\/p>\n\n\n\n<p>Sonorisation et mat\u00e9riel de projection&nbsp;: d\u00e9j\u00e0 \u00e9voqu\u00e9. Christine et Christophe s\u2019en occupent.<\/p>\n\n\n\n<p>Envoi de la vid\u00e9o de Christine de la salle des f\u00eates au Collectif X.<\/p>\n\n\n\n<p>Discussion autour du programme et r\u00e9partition du temps des diff\u00e9rentes interventions et actions.<\/p>\n\n\n\n<p>Pas de visibilit\u00e9 directe de l\u2019affiche, du programme et de la cagnotte. A mettre en page une sur le site AIIM.<\/p>\n\n\n\n<p>Prochaine r\u00e9union le mercredi 14 janvier \u00e0 18h30 pour finaliser l\u2019\u00e9v\u00e8nement du 31 janvier.<\/p>\n<div class='watch-action'><div class='watch-position align-left'><div class='action-like'><a class='lbg-style1 like-2092 jlk' href='javascript:void(0)' data-task='like' data-post_id='2092' data-nonce='f2892bb147' rel='nofollow'><img class='wti-pixel' src='https:\/\/aiim.fr\/wp-content\/plugins\/wti-like-post\/images\/pixel.gif' title='J&#039;aime ' \/><span class='lc-2092 lc'>0<\/span><\/a><\/div><div class='action-unlike'><a class='unlbg-style1 unlike-2092 jlk' href='javascript:void(0)' data-task='unlike' data-post_id='2092' data-nonce='f2892bb147' rel='nofollow'><img class='wti-pixel' src='https:\/\/aiim.fr\/wp-content\/plugins\/wti-like-post\/images\/pixel.gif' title=' J&#039;aime pas' \/><span class='unlc-2092 unlc'>0<\/span><\/a><\/div> <\/div> <div class='status-2092 status align-left'><\/div><\/div><div class='wti-clear'><\/div>","protected":false},"excerpt":{"rendered":"<p>Compte rendu r\u00e9union du 7 janvier 2026 sur Les Dol\u00e9ances Pr\u00e9sents&nbsp;: Sylvie D, Gigi, Pascal,<\/p>\n","protected":false},"author":2,"featured_media":0,"comment_status":"open","ping_status":"open","sticky":false,"template":"","format":"standard","meta":{"_jetpack_memberships_contains_paid_content":false,"footnotes":"","jetpack_publicize_message":"","jetpack_publicize_feature_enabled":true,"jetpack_social_post_already_shared":true,"jetpack_social_options":{"image_generator_settings":{"template":"highway","default_image_id":0,"font":"","enabled":false},"version":2}},"categories":[6],"tags":[],"class_list":["post-2092","post","type-post","status-publish","format-standard","hentry","category-compte-rendu"],"jetpack_publicize_connections":[],"jetpack_featured_media_url":"","jetpack_sharing_enabled":true,"_links":{"self":[{"href":"https:\/\/aiim.fr\/index.php?rest_route=\/wp\/v2\/posts\/2092","targetHints":{"allow":["GET"]}}],"collection":[{"href":"https:\/\/aiim.fr\/index.php?rest_route=\/wp\/v2\/posts"}],"about":[{"href":"https:\/\/aiim.fr\/index.php?rest_route=\/wp\/v2\/types\/post"}],"author":[{"embeddable":true,"href":"https:\/\/aiim.fr\/index.php?rest_route=\/wp\/v2\/users\/2"}],"replies":[{"embeddable":true,"href":"https:\/\/aiim.fr\/index.php?rest_route=%2Fwp%2Fv2%2Fcomments&post=2092"}],"version-history":[{"count":2,"href":"https:\/\/aiim.fr\/index.php?rest_route=\/wp\/v2\/posts\/2092\/revisions"}],"predecessor-version":[{"id":2094,"href":"https:\/\/aiim.fr\/index.php?rest_route=\/wp\/v2\/posts\/2092\/revisions\/2094"}],"wp:attachment":[{"href":"https:\/\/aiim.fr\/index.php?rest_route=%2Fwp%2Fv2%2Fmedia&parent=2092"}],"wp:term":[{"taxonomy":"category","embeddable":true,"href":"https:\/\/aiim.fr\/index.php?rest_route=%2Fwp%2Fv2%2Fcategories&post=2092"},{"taxonomy":"post_tag","embeddable":true,"href":"https:\/\/aiim.fr\/index.php?rest_route=%2Fwp%2Fv2%2Ftags&post=2092"}],"curies":[{"name":"wp","href":"https:\/\/api.w.org\/{rel}","templated":true}]}}