{"id":2112,"date":"2026-01-10T09:43:07","date_gmt":"2026-01-10T08:43:07","guid":{"rendered":"https:\/\/aiim.fr\/?p=2112"},"modified":"2026-02-11T18:08:32","modified_gmt":"2026-02-11T17:08:32","slug":"cahiers-de-doleances-des-4-vallees-azergues-brevenne-trambouze-turdine","status":"publish","type":"post","link":"https:\/\/aiim.fr\/?p=2112","title":{"rendered":"Cahiers de Dol\u00e9ances des 4 vall\u00e9es (Azergues, Br\u00e9venne, Trambouze, Turdine)"},"content":{"rendered":"\n<div data-wp-interactive=\"core\/file\" class=\"wp-block-file\"><object data-wp-bind--hidden=\"!state.hasPdfPreview\" hidden class=\"wp-block-file__embed\" data=\"https:\/\/aiim.fr\/wp-content\/uploads\/2026\/01\/Les-Doleances-salle-des-fete-des-Olmes-31-janvier-2026.pdf\" type=\"application\/pdf\" style=\"width:100%;height:600px\" aria-label=\"Contenu embarqu\u00e9 Les Dole\u0301ances salle des fe\u0302tes des Olmes 31 janvier 2026.\"><\/object><a id=\"wp-block-file--media-4890f27d-6c72-473d-a899-34d2cf9f8335\" href=\"https:\/\/aiim.fr\/wp-content\/uploads\/2026\/01\/Les-Doleances-salle-des-fete-des-Olmes-31-janvier-2026.pdf\">Les Dole\u0301ances salle des fe\u0302tes des Olmes 31 janvier 2026<\/a><a href=\"https:\/\/aiim.fr\/wp-content\/uploads\/2026\/01\/Les-Doleances-salle-des-fete-des-Olmes-31-janvier-2026.pdf\" class=\"wp-block-file__button wp-element-button\" download aria-describedby=\"wp-block-file--media-4890f27d-6c72-473d-a899-34d2cf9f8335\">T\u00e9l\u00e9charger<\/a><\/div>\n\n\n\n<p class=\"has-large-font-size\"><strong>Si vous souhaitez nous aider financi\u00e8rement pour l\u2019organisation de cet \u00e9v\u00e8nement une cagnotte est en ligne :<\/strong><\/p>\n\n\n\n<p class=\"has-large-font-size\"><strong>Cagnotte : <a href=\"https:\/\/www.leetchi.com\/fr\/c\/evenement-les-cahiers-de-doleances-1647658\">https:\/\/www.leetchi.com\/fr\/c\/evenement-les-cahiers-de-doleances-1647658<\/a><\/strong><\/p>\n\n\n\n<p class=\"has-large-font-size\"><strong>Merci pour votre soutien.<\/strong><\/p>\n\n\n\n<p class=\"has-large-font-size\"><strong>Article sur Les Cahiers de Dol\u00e9ances dans la rubrique \u00ab&nbsp;Documents et r\u00e9f\u00e9rences&nbsp;\u00bb.<\/strong><\/p>\n\n\n\n<p><a href=\"https:\/\/aiim.fr\/wp-content\/uploads\/2025\/11\/Intro-Les-cahiers-de-doleances-10-2024.pdf\">https:\/\/aiim.fr\/wp-content\/uploads\/2025\/11\/Intro-Les-cahiers-de-doleances-10-2024.pdf<\/a><\/p>\n\n\n\n<p><\/p>\n<div class='watch-action'><div class='watch-position align-left'><div class='action-like'><a class='lbg-style1 like-2112 jlk' href='javascript:void(0)' data-task='like' data-post_id='2112' data-nonce='f2892bb147' rel='nofollow'><img class='wti-pixel' src='https:\/\/aiim.fr\/wp-content\/plugins\/wti-like-post\/images\/pixel.gif' title='J&#039;aime ' \/><span class='lc-2112 lc'>+2<\/span><\/a><\/div><div class='action-unlike'><a class='unlbg-style1 unlike-2112 jlk' href='javascript:void(0)' data-task='unlike' data-post_id='2112' data-nonce='f2892bb147' rel='nofollow'><img class='wti-pixel' src='https:\/\/aiim.fr\/wp-content\/plugins\/wti-like-post\/images\/pixel.gif' title=' J&#039;aime pas' \/><span class='unlc-2112 unlc'>0<\/span><\/a><\/div> <\/div> <div class='status-2112 status align-left'><\/div><\/div><div class='wti-clear'><\/div>","protected":false},"excerpt":{"rendered":"<p>Si vous souhaitez nous aider financi\u00e8rement pour l\u2019organisation de cet \u00e9v\u00e8nement une cagnotte est en<\/p>\n","protected":false},"author":2,"featured_media":2077,"comment_status":"open","ping_status":"open","sticky":false,"template":"","format":"standard","meta":{"_jetpack_memberships_contains_paid_content":false,"footnotes":"","jetpack_publicize_message":"","jetpack_publicize_feature_enabled":true,"jetpack_social_post_already_shared":true,"jetpack_social_options":{"image_generator_settings":{"template":"highway","default_image_id":0,"font":"","enabled":false},"version":2}},"categories":[13],"tags":[],"class_list":["post-2112","post","type-post","status-publish","format-standard","has-post-thumbnail","hentry","category-document-et-references"],"jetpack_publicize_connections":[],"jetpack_featured_media_url":"https:\/\/aiim.fr\/wp-content\/uploads\/2025\/12\/Affiche-Doleances-JANV-26_page-0001-2.jpg","jetpack_sharing_enabled":true,"_links":{"self":[{"href":"https:\/\/aiim.fr\/index.php?rest_route=\/wp\/v2\/posts\/2112","targetHints":{"allow":["GET"]}}],"collection":[{"href":"https:\/\/aiim.fr\/index.php?rest_route=\/wp\/v2\/posts"}],"about":[{"href":"https:\/\/aiim.fr\/index.php?rest_route=\/wp\/v2\/types\/post"}],"author":[{"embeddable":true,"href":"https:\/\/aiim.fr\/index.php?rest_route=\/wp\/v2\/users\/2"}],"replies":[{"embeddable":true,"href":"https:\/\/aiim.fr\/index.php?rest_route=%2Fwp%2Fv2%2Fcomments&post=2112"}],"version-history":[{"count":3,"href":"https:\/\/aiim.fr\/index.php?rest_route=\/wp\/v2\/posts\/2112\/revisions"}],"predecessor-version":[{"id":2142,"href":"https:\/\/aiim.fr\/index.php?rest_route=\/wp\/v2\/posts\/2112\/revisions\/2142"}],"wp:featuredmedia":[{"embeddable":true,"href":"https:\/\/aiim.fr\/index.php?rest_route=\/wp\/v2\/media\/2077"}],"wp:attachment":[{"href":"https:\/\/aiim.fr\/index.php?rest_route=%2Fwp%2Fv2%2Fmedia&parent=2112"}],"wp:term":[{"taxonomy":"category","embeddable":true,"href":"https:\/\/aiim.fr\/index.php?rest_route=%2Fwp%2Fv2%2Fcategories&post=2112"},{"taxonomy":"post_tag","embeddable":true,"href":"https:\/\/aiim.fr\/index.php?rest_route=%2Fwp%2Fv2%2Ftags&post=2112"}],"curies":[{"name":"wp","href":"https:\/\/api.w.org\/{rel}","templated":true}]}}