{"id":320,"date":"2022-03-29T20:28:12","date_gmt":"2022-03-29T18:28:12","guid":{"rendered":"https:\/\/aiim.fr\/?p=320"},"modified":"2022-03-30T20:16:20","modified_gmt":"2022-03-30T18:16:20","slug":"statues-aiim","status":"publish","type":"post","link":"https:\/\/aiim.fr\/?p=320","title":{"rendered":"Statuts AIIM"},"content":{"rendered":"\n<h2 class=\"has-text-align-center wp-block-heading\">AIIM<br>Association Intercommunale d&rsquo;Information Mutualiste<\/h2>\n\n\n\n<h3 class=\"wp-block-heading\">Article 1 \u2013 titre<\/h3>\n\n\n\n<p><br>Il est cr\u00e9\u00e9 entre les adh\u00e9rents aux pr\u00e9sents statuts une association r\u00e9gie par la loi du 1er juillet 1901 et le d\u00e9cret du 16 ao\u00fbt 1901, ayant pour titre :<br>ASSOCIATION INTERCOMMUNALE D&rsquo;INFORMATION MUTUALISTE &#8211; AIIM<br>Titre court&nbsp;: Asso. Intercom. d&rsquo;Info. Mutualiste<\/p>\n\n\n\n<p>L\u2019assembl\u00e9e constitutive s\u2019est tenue le 14 juillet 2019<\/p>\n\n\n\n<h3 class=\"wp-block-heading\">Article 2 \u2013 objet<\/h3>\n\n\n\n<p><br>Cette association a pour objet de&nbsp;:<\/p>\n\n\n\n<ul class=\"wp-block-list\"><li>stimuler l&rsquo;int\u00e9r\u00eat collectif pour le bien commun, dont fait partie notre environnement naturel&nbsp;;<\/li><li>\u00e9veiller notre coresponsabilit\u00e9 vis \u00e0 vis des g\u00e9n\u00e9rations futures&nbsp;;<\/li><li>fortifier la solidarit\u00e9&nbsp;;<\/li><li>contribuer pour ces motifs au d\u00e9veloppement d\u00e9mocratique du libre arbitre de chacun par la connaissance des fondements de nos organisations sociales et des rouages de nos institutions, s&rsquo;appuyant sur toute science et tout courant de pens\u00e9e susceptibles de l&rsquo;\u00e9clairer.<\/li><\/ul>\n\n\n\n<p>Elle se propose d&rsquo;organiser et d&rsquo;animer localement, \u00e0 cet effet, dans le respect de son r\u00e8glement int\u00e9rieur&nbsp;:<\/p>\n\n\n\n<ul class=\"wp-block-list\"><li>des s\u00e9ances d&rsquo;information et de discussion, dans des lieux de rencontre communaux mis \u00e0 sa disposition dont elle assurera la gestion&nbsp;;<\/li><li>tous \u00e9v\u00e9nements promotionnels en rapport avec son objet.<\/li><\/ul>\n\n\n\n<h3 class=\"wp-block-heading\">Article 3 \u2013 si\u00e8ge social<\/h3>\n\n\n\n<p><br>Le si\u00e8ge social est fix\u00e9 \u00e0 la Mairie des Olmes 69490.<br>Il pourra \u00eatre transf\u00e9r\u00e9 par d\u00e9cision du conseil d\u2019administration valid\u00e9e par l\u2019assembl\u00e9e g\u00e9n\u00e9rale.<\/p>\n\n\n\n<h3 class=\"wp-block-heading\">Article 4 \u2013 dur\u00e9e<\/h3>\n\n\n\n<p><br>La dur\u00e9e de l\u2019association est illimit\u00e9e.<\/p>\n\n\n\n<h3 class=\"wp-block-heading\">Article 5 \u2013 composition<\/h3>\n\n\n\n<p><br>L\u2019association se compose de membres adh\u00e9rents simples ou actifs.<br>Les membres simples disposent d\u2019un pouvoir consultatif.<br>Les membres actifs disposent d\u2019un pouvoir d\u00e9lib\u00e9ratif.<br>\u2013 les membres fondateurs sont membres actifs.<br>Conditions pour \u00eatre membre actif&nbsp;:<br>Les membres simples en font la demande au conseil d\u2019administration qui approuve ou pas la qualit\u00e9 de membre actif. Le conseil d\u2019administration n\u2019est pas tenu de motiver sa d\u00e9cision.<br>Conseil d\u2019administration&nbsp;:<br>Le conseil d\u2019administration est compos\u00e9 de 2 personnes au minimum et de 8 personnes au maximum.<br>La dur\u00e9e du mandat est de 1 an. Le premier renouvellement se fait par tirage au sort.<br>Un vote \u00e0 la majorit\u00e9 des membres pr\u00e9sents ou repr\u00e9sent\u00e9s valide les candidatures.<\/p>\n\n\n\n<h3 class=\"wp-block-heading\">Article 6 \u2013 adh\u00e9sion<\/h3>\n\n\n\n<p><br>L&rsquo;association est ouverte \u00e0 tous. L\u2019adh\u00e9sion de personnes mineures est soumise \u00e0 autorisation parentale. L\u2019adh\u00e9sion de personnes morales devra \u00eatre soumise \u00e0 l\u2019approbation de l\u2019assembl\u00e9e g\u00e9n\u00e9rale. Toute personne morale sera repr\u00e9sent\u00e9e par une personne physique.<br>L\u2019adh\u00e9sion implique le r\u00e8glement d&rsquo;une cotisation, l\u2019acceptation des pr\u00e9sents statuts, du r\u00e8glement int\u00e9rieur et de la charte.<\/p>\n\n\n\n<h3 class=\"wp-block-heading\">Article 7 \u2013 radiation<\/h3>\n\n\n\n<p><br>Le non-respect du r\u00e8glement int\u00e9rieur ou de la charte est un motif de radiation, la d\u00e9cision relevant du conseil d\u2019administration.<\/p>\n\n\n\n<h3 class=\"wp-block-heading\">Article 8 \u2013 ressources<\/h3>\n\n\n\n<p><br>Les ressources de l\u2019association comprennent :<br>1\u00b0 Le montant des cotisations annuelles dont le bar\u00e8me est \u00e9tabli en assembl\u00e9e g\u00e9n\u00e9rale;<br>2\u00b0 Les subventions de l\u2019Etat, des d\u00e9partements et des communes.<br>3\u00b0 Tous les dons, m\u00e9c\u00e9nats, sponsoring et b\u00e9n\u00e9fices r\u00e9alis\u00e9s lors d\u2019\u00e9v\u00e9nements promotionnels.<br>4\u00b0 Toutes les ressources autoris\u00e9es par les lois et r\u00e8glements en vigueur&nbsp;; notamment toutes op\u00e9rations mobili\u00e8res et immobili\u00e8res destin\u00e9es \u00e0 assurer sa p\u00e9rennit\u00e9.<\/p>\n\n\n\n<h3 class=\"wp-block-heading\">Article 9 \u2013 assembl\u00e9e g\u00e9n\u00e9rale ordinaire<\/h3>\n\n\n\n<p><br>L\u2019assembl\u00e9e g\u00e9n\u00e9rale ordinaire&nbsp;se r\u00e9unit une fois par an.<br>Quinze jours au moins avant la date fix\u00e9e, les membres de l\u2019association sont convoqu\u00e9s par tout moyen l\u00e9gal en vigueur. L\u2019ordre du jour est consultable au si\u00e8ge de l\u2019association.<br>L\u2019assembl\u00e9e g\u00e9n\u00e9rale est pr\u00e9sid\u00e9e par un membre du conseil d\u2019administration.<br>Le tr\u00e9sorier ou son mandant rend compte de la gestion de l\u2019association.<br>L\u2019assembl\u00e9e g\u00e9n\u00e9rale fixe le montant des cotisations annuelles.<br>Les questions diverses devront \u00eatre transmises au conseil d\u2019administration 8 jours avant la date de l\u2019assembl\u00e9e g\u00e9n\u00e9rale.<br>Les d\u00e9cisions sont prises \u00e0 la majorit\u00e9 des voix des membres pr\u00e9sents ou repr\u00e9sent\u00e9s.<br>Toutes les d\u00e9lib\u00e9rations sont prises \u00e0 main lev\u00e9e.<br>Un vote \u00e0 bulletin secret peut-\u00eatre demand\u00e9 par un ou plusieurs membres.<br>Les d\u00e9cisions des assembl\u00e9es g\u00e9n\u00e9rales s\u2019imposent \u00e0 tous les membres, y compris absents ou repr\u00e9sent\u00e9s.<\/p>\n\n\n\n<h3 class=\"wp-block-heading\">Article 10 \u2013 assembl\u00e9e g\u00e9n\u00e9rale extraordinaire<\/h3>\n\n\n\n<p><br>Si besoin est, ou sur la demande de la moiti\u00e9 plus un des membres actifs, le pr\u00e9sident peut convoquer une assembl\u00e9e g\u00e9n\u00e9rale extraordinaire, suivant les modalit\u00e9s pr\u00e9vues aux pr\u00e9sents statuts.<br>Les d\u00e9lib\u00e9rations sont prises \u00e0 la majorit\u00e9 des membres pr\u00e9sents.<\/p>\n\n\n\n<h3 class=\"wp-block-heading\">Article 11 \u2013 le conseil d\u2019administration<\/h3>\n\n\n\n<p><br>L\u2019association est dirig\u00e9e par un conseil d\u2019administration de 2 membres minimum, \u00e9lus pour 2 ann\u00e9es par l\u2019assembl\u00e9e g\u00e9n\u00e9rale. Les membres sont r\u00e9\u00e9ligibles et renouvelables par moiti\u00e9 tous les ans sur la base du volontariat.<br>En cas de vacance, le conseil d\u2019administration peut proc\u00e9der au remplacement du ou des membres indisponibles. Il est proc\u00e9d\u00e9 \u00e0 leur remplacement d\u00e9finitif \u00e0 la prochaine assembl\u00e9e g\u00e9n\u00e9rale. Les pouvoirs des membres rempla\u00e7ants prennent fin \u00e0 l\u2019expiration du mandat des membres remplac\u00e9s.<br>Le conseil d\u2019administration se r\u00e9unit au moins une fois tous les six mois, sur convocation du pr\u00e9sident, ou \u00e0 la demande du quart de ses membres.<br>Les d\u00e9cisions sont prises \u00e0 la majorit\u00e9 des voix ; en cas d\u2019\u00e9galit\u00e9, la d\u00e9cision est report\u00e9e \u00e0 la prochaine r\u00e9union.<br>Tout membre du conseil qui, sans excuse, n\u2019aura pas assist\u00e9 \u00e0 trois r\u00e9unions cons\u00e9cutives pourra \u00eatre consid\u00e9r\u00e9 comme d\u00e9missionnaire.<\/p>\n\n\n\n<h3 class=\"wp-block-heading\"><br>Article 12 \u2013 le bureau<\/h3>\n\n\n\n<p><br>Le conseil d\u2019administration \u00e9lie parmi ses membres, un bureau compos\u00e9 de&nbsp;:<br>Un(e) pr\u00e9sident(e)<br>Un(e) ou plusieurs vice-pr\u00e9sident(e)(s)<br>Un(e) secr\u00e9taire et, s\u2019il y a lieu, un(e) secr\u00e9taire adjoint(e)<br>Un(e) tr\u00e9sorier(e), et si besoin est un(e) tr\u00e9sorier(e) adjoint(e)<br>Les fonctions peuvent \u00eatre cumul\u00e9es sauf celles de pr\u00e9sident et tr\u00e9sorier.<\/p>\n\n\n\n<h3 class=\"wp-block-heading\">Article 13 \u2013 action en justice et r\u00f4le du pr\u00e9sident<\/h3>\n\n\n\n<p><br>Le pr\u00e9sident est le repr\u00e9sentant l\u00e9gal de l\u2019association, tant devant la justice que dans tous les actes de la vie civile. Il dirige et coordonne les activit\u00e9s de l\u2019association, il ex\u00e9cute les d\u00e9cisions du conseil d\u2019administration et du bureau, il assure les relations publiques aupr\u00e8s des partenaires, il est l\u2019ordonnateur principal des d\u00e9penses de l\u2019association, il peut \u00eatre amen\u00e9 \u00e0 d\u00e9l\u00e9guer ses pouvoirs \u00e0 un membre du bureau. Le bureau se prononce sur le mandat d\u2019agir en justice au nom de l\u2019association, avant d\u2019engager une proc\u00e9dure.<\/p>\n\n\n\n<h3 class=\"wp-block-heading\">Article 14 \u2013 indemnit\u00e9s<\/h3>\n\n\n\n<p><br>Toutes les fonctions, y compris celles des membres du conseil d\u2019administration sont gratuites et b\u00e9n\u00e9voles. Seuls les frais occasionn\u00e9s par l\u2019accomplissement de leur mandat pourront \u00eatre rembours\u00e9s sur justificatifs.<\/p>\n\n\n\n<h3 class=\"wp-block-heading\">Article 15 \u2013 r\u00e8glement int\u00e9rieur et charte<\/h3>\n\n\n\n<p><br>Un r\u00e8glement int\u00e9rieur et une charte pouvant compl\u00e9ter les pr\u00e9sents statuts sont \u00e9tablis par le conseil d\u2019administration et approuv\u00e9s par l\u2019assembl\u00e9e g\u00e9n\u00e9rale.<br>Le r\u00e8glement int\u00e9rieur pr\u00e9cise les droits et devoirs des membres.<br>La charte fixe les valeurs et engagements des membres de l\u2019association.<\/p>\n\n\n\n<h3 class=\"wp-block-heading\">Article 16 \u2013 dissolution<\/h3>\n\n\n\n<p><br>En cas de dissolution, un ou plusieurs liquidateurs sont nomm\u00e9s par l\u2019assembl\u00e9e g\u00e9n\u00e9rale. L\u2019actif est d\u00e9volu \u00e0 une association poursuivant des buts similaires, conform\u00e9ment \u00e0 l\u2019article 9 de la loi du 1er juillet 1901 et au d\u00e9cret du 16 ao\u00fbt 1901.<br>&nbsp;&nbsp;<br>\u00ab&nbsp;Fait aux Olmes, le 14\/07\/2019 \u00bb<\/p>\n<div class='watch-action'><div class='watch-position align-left'><div class='action-like'><a class='lbg-style1 like-320 jlk' href='javascript:void(0)' data-task='like' data-post_id='320' data-nonce='f2892bb147' rel='nofollow'><img class='wti-pixel' src='https:\/\/aiim.fr\/wp-content\/plugins\/wti-like-post\/images\/pixel.gif' title='J&#039;aime ' \/><span class='lc-320 lc'>0<\/span><\/a><\/div><div class='action-unlike'><a class='unlbg-style1 unlike-320 jlk' href='javascript:void(0)' data-task='unlike' data-post_id='320' data-nonce='f2892bb147' rel='nofollow'><img class='wti-pixel' src='https:\/\/aiim.fr\/wp-content\/plugins\/wti-like-post\/images\/pixel.gif' title=' J&#039;aime pas' \/><span class='unlc-320 unlc'>0<\/span><\/a><\/div> <\/div> <div class='status-320 status align-left'><\/div><\/div><div class='wti-clear'><\/div>","protected":false},"excerpt":{"rendered":"<p>AIIMAssociation Intercommunale d&rsquo;Information Mutualiste Article 1 \u2013 titre Il est cr\u00e9\u00e9 entre les adh\u00e9rents aux<\/p>\n","protected":false},"author":1,"featured_media":0,"comment_status":"open","ping_status":"open","sticky":false,"template":"","format":"standard","meta":{"_jetpack_memberships_contains_paid_content":false,"footnotes":"","jetpack_publicize_message":"","jetpack_publicize_feature_enabled":true,"jetpack_social_post_already_shared":false,"jetpack_social_options":{"image_generator_settings":{"template":"highway","default_image_id":0,"font":"","enabled":false},"version":2}},"categories":[1],"tags":[],"class_list":["post-320","post","type-post","status-publish","format-standard","hentry","category-non-classe"],"jetpack_publicize_connections":[],"jetpack_featured_media_url":"","jetpack_sharing_enabled":true,"_links":{"self":[{"href":"https:\/\/aiim.fr\/index.php?rest_route=\/wp\/v2\/posts\/320","targetHints":{"allow":["GET"]}}],"collection":[{"href":"https:\/\/aiim.fr\/index.php?rest_route=\/wp\/v2\/posts"}],"about":[{"href":"https:\/\/aiim.fr\/index.php?rest_route=\/wp\/v2\/types\/post"}],"author":[{"embeddable":true,"href":"https:\/\/aiim.fr\/index.php?rest_route=\/wp\/v2\/users\/1"}],"replies":[{"embeddable":true,"href":"https:\/\/aiim.fr\/index.php?rest_route=%2Fwp%2Fv2%2Fcomments&post=320"}],"version-history":[{"count":2,"href":"https:\/\/aiim.fr\/index.php?rest_route=\/wp\/v2\/posts\/320\/revisions"}],"predecessor-version":[{"id":322,"href":"https:\/\/aiim.fr\/index.php?rest_route=\/wp\/v2\/posts\/320\/revisions\/322"}],"wp:attachment":[{"href":"https:\/\/aiim.fr\/index.php?rest_route=%2Fwp%2Fv2%2Fmedia&parent=320"}],"wp:term":[{"taxonomy":"category","embeddable":true,"href":"https:\/\/aiim.fr\/index.php?rest_route=%2Fwp%2Fv2%2Fcategories&post=320"},{"taxonomy":"post_tag","embeddable":true,"href":"https:\/\/aiim.fr\/index.php?rest_route=%2Fwp%2Fv2%2Ftags&post=320"}],"curies":[{"name":"wp","href":"https:\/\/api.w.org\/{rel}","templated":true}]}}