{"id":462,"date":"2022-04-23T16:46:40","date_gmt":"2022-04-23T14:46:40","guid":{"rendered":"https:\/\/aiim.fr\/?p=462"},"modified":"2022-10-09T18:33:24","modified_gmt":"2022-10-09T16:33:24","slug":"lentre-deux-tours-le-referendum-dinitiatif-citoyen","status":"publish","type":"post","link":"https:\/\/aiim.fr\/?p=462","title":{"rendered":"L&rsquo;ENTRE DEUX TOURS : le R\u00e9f\u00e9rendum d&rsquo;Initiative Citoyenne"},"content":{"rendered":"\n<div class=\"wp-block-media-text alignwide is-stacked-on-mobile\"><figure class=\"wp-block-media-text__media\"><img fetchpriority=\"high\" decoding=\"async\" width=\"750\" height=\"1000\" src=\"https:\/\/aiim.fr\/wp-content\/uploads\/2022\/04\/evenement-du-16-avril-les-olmes-2022-RIC-2-.jpg\" alt=\"RIC place des Olmes\" class=\"wp-image-457 size-full\" srcset=\"https:\/\/aiim.fr\/wp-content\/uploads\/2022\/04\/evenement-du-16-avril-les-olmes-2022-RIC-2-.jpg 750w, https:\/\/aiim.fr\/wp-content\/uploads\/2022\/04\/evenement-du-16-avril-les-olmes-2022-RIC-2--225x300.jpg 225w, https:\/\/aiim.fr\/wp-content\/uploads\/2022\/04\/evenement-du-16-avril-les-olmes-2022-RIC-2--450x600.jpg 450w\" sizes=\"(max-width: 750px) 100vw, 750px\" \/><\/figure><div class=\"wp-block-media-text__content\">\n<p style=\"font-size:25px\">Les membres de l&rsquo;association ont \u00e9t\u00e9 \u00e0 la encontre des citoyens des Olmes le samedi 16 avril 2022 et \u00e0 Pontcharra sur Turdine le dimanche 17 avril 2022. Afin de connaitre l&rsquo;avis des habitants par un vote, pour connaitre leurs avis sur la prise en compte d&rsquo;un R\u00e9f\u00e9rendum d&rsquo;Initiative Citoyenne dans la constitution et peser sur les enjeux de demain.<\/p>\n<\/div><\/div>\n\n\n\n<div class=\"wp-block-columns is-layout-flex wp-container-core-columns-is-layout-9d6595d7 wp-block-columns-is-layout-flex\">\n<div class=\"wp-block-column is-layout-flow wp-block-column-is-layout-flow\">\n<figure class=\"wp-block-gallery has-nested-images columns-default is-cropped wp-block-gallery-1 is-layout-flex wp-block-gallery-is-layout-flex\">\n<figure class=\"wp-block-image size-large\"><img decoding=\"async\" width=\"750\" height=\"1000\" data-id=\"458\" src=\"https:\/\/aiim.fr\/wp-content\/uploads\/2022\/04\/evenement-du-16-avril-les-olmes-2022-RIC.jpg\" alt=\"Livres sur le RIC\" class=\"wp-image-458\" srcset=\"https:\/\/aiim.fr\/wp-content\/uploads\/2022\/04\/evenement-du-16-avril-les-olmes-2022-RIC.jpg 750w, https:\/\/aiim.fr\/wp-content\/uploads\/2022\/04\/evenement-du-16-avril-les-olmes-2022-RIC-225x300.jpg 225w, https:\/\/aiim.fr\/wp-content\/uploads\/2022\/04\/evenement-du-16-avril-les-olmes-2022-RIC-450x600.jpg 450w\" sizes=\"(max-width: 750px) 100vw, 750px\" \/><\/figure>\n\n\n\n<figure class=\"wp-block-image size-large\"><img decoding=\"async\" width=\"1000\" height=\"750\" data-id=\"459\" src=\"https:\/\/aiim.fr\/wp-content\/uploads\/2022\/04\/evenement-du-17-avril-2022-pontcharra-RIC.jpg\" alt=\"RIC place des Olmes\" class=\"wp-image-459\" srcset=\"https:\/\/aiim.fr\/wp-content\/uploads\/2022\/04\/evenement-du-17-avril-2022-pontcharra-RIC.jpg 1000w, https:\/\/aiim.fr\/wp-content\/uploads\/2022\/04\/evenement-du-17-avril-2022-pontcharra-RIC-300x225.jpg 300w, https:\/\/aiim.fr\/wp-content\/uploads\/2022\/04\/evenement-du-17-avril-2022-pontcharra-RIC-768x576.jpg 768w, https:\/\/aiim.fr\/wp-content\/uploads\/2022\/04\/evenement-du-17-avril-2022-pontcharra-RIC-720x540.jpg 720w\" sizes=\"(max-width: 1000px) 100vw, 1000px\" \/><\/figure>\n\n\n\n<figure class=\"wp-block-image size-large\"><img loading=\"lazy\" decoding=\"async\" width=\"750\" height=\"1000\" data-id=\"460\" src=\"https:\/\/aiim.fr\/wp-content\/uploads\/2022\/04\/evenement-du-17-avril-pontcharra-2022-RIC-2-.jpg\" alt=\"Venez vous exprimer autour d'un RIC\" class=\"wp-image-460\" srcset=\"https:\/\/aiim.fr\/wp-content\/uploads\/2022\/04\/evenement-du-17-avril-pontcharra-2022-RIC-2-.jpg 750w, https:\/\/aiim.fr\/wp-content\/uploads\/2022\/04\/evenement-du-17-avril-pontcharra-2022-RIC-2--225x300.jpg 225w, https:\/\/aiim.fr\/wp-content\/uploads\/2022\/04\/evenement-du-17-avril-pontcharra-2022-RIC-2--450x600.jpg 450w\" sizes=\"(max-width: 750px) 100vw, 750px\" \/><\/figure>\n\n\n\n<figure class=\"wp-block-image size-large\"><img loading=\"lazy\" decoding=\"async\" width=\"750\" height=\"1000\" data-id=\"461\" src=\"https:\/\/aiim.fr\/wp-content\/uploads\/2022\/04\/evenement-du-17-avril-pontcharra-2022-RIC-3-.jpg\" alt=\"Echanges citoyens\" class=\"wp-image-461\" srcset=\"https:\/\/aiim.fr\/wp-content\/uploads\/2022\/04\/evenement-du-17-avril-pontcharra-2022-RIC-3-.jpg 750w, https:\/\/aiim.fr\/wp-content\/uploads\/2022\/04\/evenement-du-17-avril-pontcharra-2022-RIC-3--225x300.jpg 225w, https:\/\/aiim.fr\/wp-content\/uploads\/2022\/04\/evenement-du-17-avril-pontcharra-2022-RIC-3--450x600.jpg 450w\" sizes=\"(max-width: 750px) 100vw, 750px\" \/><\/figure>\n<\/figure>\n<\/div>\n\n\n\n<div class=\"wp-block-column is-layout-flow wp-block-column-is-layout-flow\">\n<p style=\"font-size:23px\">Aux Olmes et \u00e0 Pontcharra sur Turdine notre action a \u00e9t\u00e9 tr\u00e8s chaleureusement accueilli par la population. Les r\u00e9sultats des deux scrutins sur la question: \u00ab\u00a0<strong>\u00eates vous pour ou contre la prise en compte du R\u00e9f\u00e9rendum d&rsquo;Initiative Citoyenne dans la constitution<\/strong>\u00a0\u00bb sont en moyenne  sur les deux communes de 60% \u00ab\u00a0favorable\u00a0\u00bb. Les 40% restant n&rsquo;ont pas souhait\u00e9 s&rsquo;exprimer soit par manque de temps ou de non connaissance du RIC . Ce r\u00e9sultat se rapproche de la moyenne nationale qui est de 62% ( source: l&rsquo;\u00e9tude Harris Interactive publi\u00e9 le 2 janvier 2019).<\/p>\n\n\n\n<p><\/p>\n<\/div>\n<\/div>\n<div class='watch-action'><div class='watch-position align-left'><div class='action-like'><a class='lbg-style1 like-462 jlk' href='javascript:void(0)' data-task='like' data-post_id='462' data-nonce='f2892bb147' rel='nofollow'><img class='wti-pixel' src='https:\/\/aiim.fr\/wp-content\/plugins\/wti-like-post\/images\/pixel.gif' title='J&#039;aime ' \/><span class='lc-462 lc'>0<\/span><\/a><\/div><div class='action-unlike'><a class='unlbg-style1 unlike-462 jlk' href='javascript:void(0)' data-task='unlike' data-post_id='462' data-nonce='f2892bb147' rel='nofollow'><img class='wti-pixel' src='https:\/\/aiim.fr\/wp-content\/plugins\/wti-like-post\/images\/pixel.gif' title=' J&#039;aime pas' \/><span class='unlc-462 unlc'>0<\/span><\/a><\/div> <\/div> <div class='status-462 status align-left'><\/div><\/div><div class='wti-clear'><\/div>","protected":false},"excerpt":{"rendered":"<p>Les membres de l&rsquo;association ont \u00e9t\u00e9 \u00e0 la encontre des citoyens des Olmes le samedi<\/p>\n","protected":false},"author":4,"featured_media":458,"comment_status":"open","ping_status":"open","sticky":false,"template":"","format":"standard","meta":{"_jetpack_memberships_contains_paid_content":false,"footnotes":"","jetpack_publicize_message":"","jetpack_publicize_feature_enabled":true,"jetpack_social_post_already_shared":false,"jetpack_social_options":{"image_generator_settings":{"template":"highway","default_image_id":0,"font":"","enabled":false},"version":2}},"categories":[7],"tags":[],"class_list":["post-462","post","type-post","status-publish","format-standard","has-post-thumbnail","hentry","category-historique-evenements"],"jetpack_publicize_connections":[],"jetpack_featured_media_url":"https:\/\/aiim.fr\/wp-content\/uploads\/2022\/04\/evenement-du-16-avril-les-olmes-2022-RIC.jpg","jetpack_sharing_enabled":true,"_links":{"self":[{"href":"https:\/\/aiim.fr\/index.php?rest_route=\/wp\/v2\/posts\/462","targetHints":{"allow":["GET"]}}],"collection":[{"href":"https:\/\/aiim.fr\/index.php?rest_route=\/wp\/v2\/posts"}],"about":[{"href":"https:\/\/aiim.fr\/index.php?rest_route=\/wp\/v2\/types\/post"}],"author":[{"embeddable":true,"href":"https:\/\/aiim.fr\/index.php?rest_route=\/wp\/v2\/users\/4"}],"replies":[{"embeddable":true,"href":"https:\/\/aiim.fr\/index.php?rest_route=%2Fwp%2Fv2%2Fcomments&post=462"}],"version-history":[{"count":7,"href":"https:\/\/aiim.fr\/index.php?rest_route=\/wp\/v2\/posts\/462\/revisions"}],"predecessor-version":[{"id":569,"href":"https:\/\/aiim.fr\/index.php?rest_route=\/wp\/v2\/posts\/462\/revisions\/569"}],"wp:featuredmedia":[{"embeddable":true,"href":"https:\/\/aiim.fr\/index.php?rest_route=\/wp\/v2\/media\/458"}],"wp:attachment":[{"href":"https:\/\/aiim.fr\/index.php?rest_route=%2Fwp%2Fv2%2Fmedia&parent=462"}],"wp:term":[{"taxonomy":"category","embeddable":true,"href":"https:\/\/aiim.fr\/index.php?rest_route=%2Fwp%2Fv2%2Fcategories&post=462"},{"taxonomy":"post_tag","embeddable":true,"href":"https:\/\/aiim.fr\/index.php?rest_route=%2Fwp%2Fv2%2Ftags&post=462"}],"curies":[{"name":"wp","href":"https:\/\/api.w.org\/{rel}","templated":true}]}}