{"id":476,"date":"2022-03-05T18:23:00","date_gmt":"2022-03-05T17:23:00","guid":{"rendered":"https:\/\/aiim.fr\/?p=476"},"modified":"2022-06-23T23:14:48","modified_gmt":"2022-06-23T21:14:48","slug":"etat-durgence-electoral-discussions-echanges","status":"publish","type":"post","link":"https:\/\/aiim.fr\/?p=476","title":{"rendered":"ETAT D&rsquo;URGENCE ELECTORAL : discussions\/\u00e9changes"},"content":{"rendered":"\n<figure class=\"wp-block-gallery has-nested-images columns-default is-cropped wp-block-gallery-1 is-layout-flex wp-block-gallery-is-layout-flex\">\n<figure class=\"wp-block-image size-full\"><img fetchpriority=\"high\" decoding=\"async\" width=\"750\" height=\"1000\" data-id=\"478\" src=\"https:\/\/aiim.fr\/wp-content\/uploads\/2022\/04\/photo-aiim-2.jpg\" alt=\"Echanges citoyens salle des Olmes\" class=\"wp-image-478\" srcset=\"https:\/\/aiim.fr\/wp-content\/uploads\/2022\/04\/photo-aiim-2.jpg 750w, https:\/\/aiim.fr\/wp-content\/uploads\/2022\/04\/photo-aiim-2-225x300.jpg 225w, https:\/\/aiim.fr\/wp-content\/uploads\/2022\/04\/photo-aiim-2-450x600.jpg 450w\" sizes=\"(max-width: 750px) 100vw, 750px\" \/><\/figure>\n\n\n\n<figure class=\"wp-block-image size-full\"><img decoding=\"async\" width=\"750\" height=\"1000\" data-id=\"477\" src=\"https:\/\/aiim.fr\/wp-content\/uploads\/2022\/04\/image-aiim-5-mars.jpg\" alt=\"Echanges citoyens salle des Olmes\" class=\"wp-image-477\" srcset=\"https:\/\/aiim.fr\/wp-content\/uploads\/2022\/04\/image-aiim-5-mars.jpg 750w, https:\/\/aiim.fr\/wp-content\/uploads\/2022\/04\/image-aiim-5-mars-225x300.jpg 225w, https:\/\/aiim.fr\/wp-content\/uploads\/2022\/04\/image-aiim-5-mars-450x600.jpg 450w\" sizes=\"(max-width: 750px) 100vw, 750px\" \/><\/figure>\n<\/figure>\n\n\n\n<p>Le samedi 5 mars 2022, les membres de l&rsquo;association ont organis\u00e9 des discussions \/ Echanges \u00e0 la salle du  conseil des Olmes commune d&rsquo;int\u00e9gration de Vindry-sur-Turdine . Plusieurs th\u00e8mes ont \u00e9t\u00e9 abord\u00e9s dont: Le droit en France , le pouvoir des m\u00e9dias mainstream, la casse des services publics. Nous avons eu un tr\u00e8s bon retour de cet \u00e9v\u00e9nement. Une vingtaine de personnes \u00e9taient pr\u00e9sentes , les \u00e9changes  \u00e9taient riches et constructifs. D&rsquo;autres th\u00e8mes n&rsquo;ont pas pu \u00eatre abord\u00e9s par manque de temps, ils le seront lors d&rsquo;une prochaine assembl\u00e9e d&rsquo;\u00e9changes au cours de l&rsquo;ann\u00e9e. <\/p>\n<div class='watch-action'><div class='watch-position align-left'><div class='action-like'><a class='lbg-style1 like-476 jlk' href='javascript:void(0)' data-task='like' data-post_id='476' data-nonce='f2892bb147' rel='nofollow'><img class='wti-pixel' src='https:\/\/aiim.fr\/wp-content\/plugins\/wti-like-post\/images\/pixel.gif' title='J&#039;aime ' \/><span class='lc-476 lc'>0<\/span><\/a><\/div><div class='action-unlike'><a class='unlbg-style1 unlike-476 jlk' href='javascript:void(0)' data-task='unlike' data-post_id='476' data-nonce='f2892bb147' rel='nofollow'><img class='wti-pixel' src='https:\/\/aiim.fr\/wp-content\/plugins\/wti-like-post\/images\/pixel.gif' title=' J&#039;aime pas' \/><span class='unlc-476 unlc'>0<\/span><\/a><\/div> <\/div> <div class='status-476 status align-left'><\/div><\/div><div class='wti-clear'><\/div>","protected":false},"excerpt":{"rendered":"<p>Le samedi 5 mars 2022, les membres de l&rsquo;association ont organis\u00e9 des discussions \/ Echanges<\/p>\n","protected":false},"author":1,"featured_media":477,"comment_status":"open","ping_status":"open","sticky":false,"template":"","format":"standard","meta":{"_jetpack_memberships_contains_paid_content":false,"footnotes":"","jetpack_publicize_message":"","jetpack_publicize_feature_enabled":true,"jetpack_social_post_already_shared":false,"jetpack_social_options":{"image_generator_settings":{"template":"highway","default_image_id":0,"font":"","enabled":false},"version":2}},"categories":[7],"tags":[],"class_list":["post-476","post","type-post","status-publish","format-standard","has-post-thumbnail","hentry","category-historique-evenements"],"jetpack_publicize_connections":[],"jetpack_featured_media_url":"https:\/\/aiim.fr\/wp-content\/uploads\/2022\/04\/image-aiim-5-mars.jpg","jetpack_sharing_enabled":true,"_links":{"self":[{"href":"https:\/\/aiim.fr\/index.php?rest_route=\/wp\/v2\/posts\/476","targetHints":{"allow":["GET"]}}],"collection":[{"href":"https:\/\/aiim.fr\/index.php?rest_route=\/wp\/v2\/posts"}],"about":[{"href":"https:\/\/aiim.fr\/index.php?rest_route=\/wp\/v2\/types\/post"}],"author":[{"embeddable":true,"href":"https:\/\/aiim.fr\/index.php?rest_route=\/wp\/v2\/users\/1"}],"replies":[{"embeddable":true,"href":"https:\/\/aiim.fr\/index.php?rest_route=%2Fwp%2Fv2%2Fcomments&post=476"}],"version-history":[{"count":4,"href":"https:\/\/aiim.fr\/index.php?rest_route=\/wp\/v2\/posts\/476\/revisions"}],"predecessor-version":[{"id":571,"href":"https:\/\/aiim.fr\/index.php?rest_route=\/wp\/v2\/posts\/476\/revisions\/571"}],"wp:featuredmedia":[{"embeddable":true,"href":"https:\/\/aiim.fr\/index.php?rest_route=\/wp\/v2\/media\/477"}],"wp:attachment":[{"href":"https:\/\/aiim.fr\/index.php?rest_route=%2Fwp%2Fv2%2Fmedia&parent=476"}],"wp:term":[{"taxonomy":"category","embeddable":true,"href":"https:\/\/aiim.fr\/index.php?rest_route=%2Fwp%2Fv2%2Fcategories&post=476"},{"taxonomy":"post_tag","embeddable":true,"href":"https:\/\/aiim.fr\/index.php?rest_route=%2Fwp%2Fv2%2Ftags&post=476"}],"curies":[{"name":"wp","href":"https:\/\/api.w.org\/{rel}","templated":true}]}}