{"id":522,"date":"2022-06-16T22:23:55","date_gmt":"2022-06-16T20:23:55","guid":{"rendered":"https:\/\/aiim.fr\/?p=522"},"modified":"2022-10-09T18:33:09","modified_gmt":"2022-10-09T16:33:09","slug":"pour-que-voter-serve-enfin","status":"publish","type":"post","link":"https:\/\/aiim.fr\/?p=522","title":{"rendered":"POUR QUE VOTER SERVE ENFIN"},"content":{"rendered":"\n<div class=\"wp-block-columns is-layout-flex wp-container-core-columns-is-layout-9d6595d7 wp-block-columns-is-layout-flex\">\n<div class=\"wp-block-column is-vertically-aligned-top is-layout-flow wp-block-column-is-layout-flow\"><div class=\"wp-block-image\">\n<figure class=\"aligncenter size-full is-resized\"><img fetchpriority=\"high\" decoding=\"async\" src=\"https:\/\/aiim.fr\/wp-content\/uploads\/2022\/04\/livre-clara-egger.jpg\" alt=\"Livre Pour que voter serve enfin&quot; de Clara Egger\" class=\"wp-image-473\" width=\"352\" height=\"469\" srcset=\"https:\/\/aiim.fr\/wp-content\/uploads\/2022\/04\/livre-clara-egger.jpg 750w, https:\/\/aiim.fr\/wp-content\/uploads\/2022\/04\/livre-clara-egger-225x300.jpg 225w, https:\/\/aiim.fr\/wp-content\/uploads\/2022\/04\/livre-clara-egger-450x600.jpg 450w\" sizes=\"(max-width: 352px) 100vw, 352px\" \/><figcaption><strong><em>Manifeste pour une transition d\u00e9mocratique <\/em><\/strong><\/figcaption><\/figure>\n<\/div><\/div>\n\n\n\n<div class=\"wp-block-column is-layout-flow wp-block-column-is-layout-flow\">\n<h3 class=\"has-medium-font-size wp-block-heading\">POUR QUE VOTER SERVE ENFIN<\/h3>\n\n\n\n<p><strong>Auteur<\/strong>: Clara Egger, porte-parole du mouvement espoir RIC 2022. Elle \u00e0 co-\u00e9crit en 2019, avec Raul Magni-Berton, le livre RIC: le R\u00e9ferendum d&rsquo;Initiative Citoyenne expliqu\u00e9 \u00e0 tous <\/p>\n\n\n\n<p><strong>Edition <\/strong>: Talma studios<\/p>\n\n\n\n<p><strong>Ann\u00e9e<\/strong> : Janvier 2022<\/p>\n\n\n\n<p style=\"font-size:18px\"><strong>R\u00e9sum\u00e9<\/strong>:  <\/p>\n\n\n\n<p style=\"font-size:18px\">Dans la rue ou sur les ronds-points, au sein du mouvement des gilets jaunes, dans les associations et collectifs, ou m\u00eame dans les sondages, le constat est clair: les Fran\u00e7ais ont soif de politique. Ils sont nombreux \u00e0 s&rsquo;y int\u00e9resser, \u00e0 informer, \u00e0 chercher \u00e0 comprendre les rouages de la puissance publique, \u00e0 proposer des alternatives&#8230;. Et, lorsqu&rsquo;ils le font, deux sentiments pr\u00e9dominent: la pr\u00e9occupation et l&rsquo;impuissance.<\/p>\n\n\n\n<p><strong>Tarif<\/strong>: 10,00\u20ac<\/p>\n\n\n\n<p><\/p>\n<\/div>\n<\/div>\n<div class='watch-action'><div class='watch-position align-left'><div class='action-like'><a class='lbg-style1 like-522 jlk' href='javascript:void(0)' data-task='like' data-post_id='522' data-nonce='f2892bb147' rel='nofollow'><img class='wti-pixel' src='https:\/\/aiim.fr\/wp-content\/plugins\/wti-like-post\/images\/pixel.gif' title='J&#039;aime ' \/><span class='lc-522 lc'>+1<\/span><\/a><\/div><div class='action-unlike'><a class='unlbg-style1 unlike-522 jlk' href='javascript:void(0)' data-task='unlike' data-post_id='522' data-nonce='f2892bb147' rel='nofollow'><img class='wti-pixel' src='https:\/\/aiim.fr\/wp-content\/plugins\/wti-like-post\/images\/pixel.gif' title=' J&#039;aime pas' \/><span class='unlc-522 unlc'>0<\/span><\/a><\/div> <\/div> <div class='status-522 status align-left'><\/div><\/div><div class='wti-clear'><\/div>","protected":false},"excerpt":{"rendered":"<p>POUR QUE VOTER SERVE ENFIN Auteur: Clara Egger, porte-parole du mouvement espoir RIC 2022. Elle<\/p>\n","protected":false},"author":4,"featured_media":0,"comment_status":"open","ping_status":"open","sticky":false,"template":"","format":"standard","meta":{"_jetpack_memberships_contains_paid_content":false,"footnotes":"","jetpack_publicize_message":"","jetpack_publicize_feature_enabled":true,"jetpack_social_post_already_shared":false,"jetpack_social_options":{"image_generator_settings":{"template":"highway","default_image_id":0,"font":"","enabled":false},"version":2}},"categories":[1],"tags":[],"class_list":["post-522","post","type-post","status-publish","format-standard","hentry","category-non-classe"],"jetpack_publicize_connections":[],"jetpack_featured_media_url":"","jetpack_sharing_enabled":true,"_links":{"self":[{"href":"https:\/\/aiim.fr\/index.php?rest_route=\/wp\/v2\/posts\/522","targetHints":{"allow":["GET"]}}],"collection":[{"href":"https:\/\/aiim.fr\/index.php?rest_route=\/wp\/v2\/posts"}],"about":[{"href":"https:\/\/aiim.fr\/index.php?rest_route=\/wp\/v2\/types\/post"}],"author":[{"embeddable":true,"href":"https:\/\/aiim.fr\/index.php?rest_route=\/wp\/v2\/users\/4"}],"replies":[{"embeddable":true,"href":"https:\/\/aiim.fr\/index.php?rest_route=%2Fwp%2Fv2%2Fcomments&post=522"}],"version-history":[{"count":4,"href":"https:\/\/aiim.fr\/index.php?rest_route=\/wp\/v2\/posts\/522\/revisions"}],"predecessor-version":[{"id":555,"href":"https:\/\/aiim.fr\/index.php?rest_route=\/wp\/v2\/posts\/522\/revisions\/555"}],"wp:attachment":[{"href":"https:\/\/aiim.fr\/index.php?rest_route=%2Fwp%2Fv2%2Fmedia&parent=522"}],"wp:term":[{"taxonomy":"category","embeddable":true,"href":"https:\/\/aiim.fr\/index.php?rest_route=%2Fwp%2Fv2%2Fcategories&post=522"},{"taxonomy":"post_tag","embeddable":true,"href":"https:\/\/aiim.fr\/index.php?rest_route=%2Fwp%2Fv2%2Ftags&post=522"}],"curies":[{"name":"wp","href":"https:\/\/api.w.org\/{rel}","templated":true}]}}