{"id":684,"date":"2022-10-09T18:22:01","date_gmt":"2022-10-09T16:22:01","guid":{"rendered":"https:\/\/aiim.fr\/?p=684"},"modified":"2022-11-14T20:28:25","modified_gmt":"2022-11-14T19:28:25","slug":"tract-reforme-des-retraites","status":"publish","type":"post","link":"https:\/\/aiim.fr\/?p=684","title":{"rendered":"tract r\u00e9forme des retraites"},"content":{"rendered":"\n<p>Lors de la brocante du 2 octobre sur l&rsquo;Arbresle , nous sommes all\u00e9es \u00e0 la rencontre des personnes en lors donnant notre tract. Ceci afin de les informer sur l&rsquo;inutilit\u00e9 de la r\u00e9forme des retraites que ce gouvernement s&rsquo;acharne \u00e0 vouloir mettre en place alors que les voyants d&rsquo;apr\u00e8s le rapport de la COR (Conseil d&rsquo;Orientation des Retraites) sont au vert  et dans l&rsquo;avenir n&rsquo;ont aucun caract\u00e8re d&rsquo;urgence \u00e0 r\u00e9former.  <\/p>\n\n\n                <div id=\"eov69f07a2cde829\" class=\"eov_doc\">\r\n                    <iframe src=\"https:\/\/view.officeapps.live.com\/op\/embed.aspx?src=https:\/\/aiim.fr\/wp-content\/uploads\/2022\/10\/tract-brocante-2022.docx\" width=\"640px\" height=\"900px\" frameborder=\"0\"><\/iframe>\r\n                <\/div>\r\n    \n<div class='watch-action'><div class='watch-position align-left'><div class='action-like'><a class='lbg-style1 like-684 jlk' href='javascript:void(0)' data-task='like' data-post_id='684' data-nonce='f2892bb147' rel='nofollow'><img class='wti-pixel' src='https:\/\/aiim.fr\/wp-content\/plugins\/wti-like-post\/images\/pixel.gif' title='J&#039;aime ' \/><span class='lc-684 lc'>+1<\/span><\/a><\/div><div class='action-unlike'><a class='unlbg-style1 unlike-684 jlk' href='javascript:void(0)' data-task='unlike' data-post_id='684' data-nonce='f2892bb147' rel='nofollow'><img class='wti-pixel' src='https:\/\/aiim.fr\/wp-content\/plugins\/wti-like-post\/images\/pixel.gif' title=' J&#039;aime pas' \/><span class='unlc-684 unlc'>0<\/span><\/a><\/div> <\/div> <div class='status-684 status align-left'><\/div><\/div><div class='wti-clear'><\/div>","protected":false},"excerpt":{"rendered":"<p>Lors de la brocante du 2 octobre sur l&rsquo;Arbresle , nous sommes all\u00e9es \u00e0 la<\/p>\n","protected":false},"author":4,"featured_media":693,"comment_status":"open","ping_status":"open","sticky":false,"template":"","format":"standard","meta":{"_jetpack_memberships_contains_paid_content":false,"footnotes":"","jetpack_publicize_message":"","jetpack_publicize_feature_enabled":true,"jetpack_social_post_already_shared":true,"jetpack_social_options":{"image_generator_settings":{"template":"highway","default_image_id":0,"font":"","enabled":false},"version":2}},"categories":[13],"tags":[],"class_list":["post-684","post","type-post","status-publish","format-standard","has-post-thumbnail","hentry","category-document-et-references"],"jetpack_publicize_connections":[],"jetpack_featured_media_url":"https:\/\/aiim.fr\/wp-content\/uploads\/2022\/10\/tract-brocante-2022.jpg","jetpack_sharing_enabled":true,"_links":{"self":[{"href":"https:\/\/aiim.fr\/index.php?rest_route=\/wp\/v2\/posts\/684","targetHints":{"allow":["GET"]}}],"collection":[{"href":"https:\/\/aiim.fr\/index.php?rest_route=\/wp\/v2\/posts"}],"about":[{"href":"https:\/\/aiim.fr\/index.php?rest_route=\/wp\/v2\/types\/post"}],"author":[{"embeddable":true,"href":"https:\/\/aiim.fr\/index.php?rest_route=\/wp\/v2\/users\/4"}],"replies":[{"embeddable":true,"href":"https:\/\/aiim.fr\/index.php?rest_route=%2Fwp%2Fv2%2Fcomments&post=684"}],"version-history":[{"count":5,"href":"https:\/\/aiim.fr\/index.php?rest_route=\/wp\/v2\/posts\/684\/revisions"}],"predecessor-version":[{"id":691,"href":"https:\/\/aiim.fr\/index.php?rest_route=\/wp\/v2\/posts\/684\/revisions\/691"}],"wp:featuredmedia":[{"embeddable":true,"href":"https:\/\/aiim.fr\/index.php?rest_route=\/wp\/v2\/media\/693"}],"wp:attachment":[{"href":"https:\/\/aiim.fr\/index.php?rest_route=%2Fwp%2Fv2%2Fmedia&parent=684"}],"wp:term":[{"taxonomy":"category","embeddable":true,"href":"https:\/\/aiim.fr\/index.php?rest_route=%2Fwp%2Fv2%2Fcategories&post=684"},{"taxonomy":"post_tag","embeddable":true,"href":"https:\/\/aiim.fr\/index.php?rest_route=%2Fwp%2Fv2%2Ftags&post=684"}],"curies":[{"name":"wp","href":"https:\/\/api.w.org\/{rel}","templated":true}]}}