{"id":842,"date":"2019-11-01T18:00:00","date_gmt":"2019-11-01T17:00:00","guid":{"rendered":"https:\/\/aiim.fr\/?p=842"},"modified":"2022-10-25T18:31:52","modified_gmt":"2022-10-25T16:31:52","slug":"lettre-dinformation","status":"publish","type":"post","link":"https:\/\/aiim.fr\/?p=842","title":{"rendered":"Lettre d&rsquo;information"},"content":{"rendered":"\n<p>Lettre d&rsquo;information n\u00b0 1 novembre 2019<\/p>\n\n\n\n<p>Si vous ne parvenez pas \u00e0 lire ce message correctement cliquer ici.<\/p>\n\n\n\n<p><strong>Association Intercommunale d\u2019Information Mutualiste<\/strong><\/p>\n\n\n\n<p><strong>Lettre d&rsquo;information n\u00b0 1 Novembre 2019<\/strong><\/p>\n\n\n\n<p><strong><em>SOMMAIRE<\/em><\/strong><\/p>\n\n\n\n<p><strong>A2IM<\/strong><\/p>\n\n\n\n<ol class=\"wp-block-list\"><li><em>Passage \u00e0 Radio Calade<\/em><\/li><li><em>Entretien avec le journaliste du Progr\u00e8s local<\/em><\/li><li><em>Passage \u00e0 Radio Val de Reins &#8211; Tarare<\/em><\/li><li><em>Prise de contact avec le journal Le Pays<\/em><\/li><li><em>Coup d&rsquo;oeil sur nos pr\u00e9c\u00e9dentes s\u00e9ances publiques d&rsquo;information et de d\u00e9bat<\/em><\/li><li><em>Agenda D\u00e9cembre 2019 &#8211; S\u00e9ance du vendredi 13<\/em><\/li><li><em>Infos locales : Conf\u00e9rence-d\u00e9bat du collectif Quicury<\/em><\/li><li><em>Notes et commentaires sur le r\u00e9f\u00e9rendum A\u00e9roports de Paris<\/em><\/li><\/ol>\n\n\n\n<p><strong>1. PASSAGE A RADIO CALADE \u00e0 Villefranche<\/strong><\/p>\n\n\n\n<p>L\u2019AIIM, invit\u00e9e \u00e0 la matinale de radio Calade lundi 4 novembre, a eu l&rsquo;occasion d&rsquo;exposer les<\/p>\n\n\n\n<p>conditions de sa cr\u00e9ation, et de faire \u00e9tat de ses actions pass\u00e9es.<\/p>\n\n\n\n<p>Elle a \u00e9galement pr\u00e9sent\u00e9 son projet en cours, d&rsquo;organisation d&rsquo;un r\u00e9f\u00e9rendum local aux Olmes.<\/p>\n\n\n\n<p>L\u2019article et l\u2019\u00e9coute de l\u2019\u00e9mission est possible ici :<\/p>\n\n\n\n<p><strong>L\u2019AIIM dans la Matinale<\/strong><\/p>\n\n\n\n<p><strong>2. ENTRETIEN AVEC LE JOURNALISTE DU PROGRES<\/strong><\/p>\n\n\n\n<p>L&rsquo;article de M. Terrasse ne nous a pas \u00e9t\u00e9 soumis avant parution. Si l&rsquo;association s&rsquo;est effectivement cr\u00e9\u00e9e dans le courant d&rsquo;une expression venue de \u00ab la rue \u00bb demandant davantage de justice et de d\u00e9mocratie, elle ne repr\u00e9sente pas pour autant les Gilets Jaunes (un amalgame qu&rsquo;a maintenu \u00e0 tord ce journaliste malgr\u00e9 nos rectifications). L&rsquo;AIIM est ouverte et s&rsquo;adresse \u00e0 tous. Elle a pour vocation de donner \u00e0 chacun, par une information de qualit\u00e9, les moyens de former son jugement propre et<\/p>\n\n\n\n<p>de le confronter dans un d\u00e9bat constructif.<\/p>\n\n\n\n<p><strong>3. PASSAGE A RADIO VAL DE REINS-TARARE<\/strong><\/p>\n\n\n\n<p><a href=\"http:\/\/fr-fr.radioline.co\/ecouter-rvr-radio\">http:\/\/fr-fr.radioline.co\/ecouter-rvr-radio<\/a><\/p>\n\n\n\n<p>Didier Dumontet, l&rsquo;un des administrateurs, nous re\u00e7oit le mercredi 20. Petit historique de la radio associative cr\u00e9\u00e9e en 1982. Entretien touchant \u00e0 l&rsquo;\u00e9volution de la vie locale. Pr\u00e9sentation de l&rsquo;AIIM. Retour au studio le 21 pour un enregistrement : annonce de notre projet de r\u00e9f\u00e9rendum et de la s\u00e9ance du 29 novembre qui y sera consacr\u00e9e. (Cette intervention devrait \u00eatre diffus\u00e9e mercredi 27 ou jeudi 28 novembre). Un rendez-vous est \u00e9galement pris pour le 4 d\u00e9cembre o\u00f9 nous pr\u00e9senterons<\/p>\n\n\n\n<p>notre s\u00e9ance du 13 d\u00e9cembre et le lancement officiel du projet.<\/p>\n\n\n\n<p><strong>4. PRISE DE CONTACT AVEC LE JOURNAL LE PAYS<\/strong><\/p>\n\n\n\n<p>Suite \u00e0 une intervention de l&rsquo;AIIM lors du d\u00e9bat qui a suivi la conf\u00e9rence du collectif Quicury le 22 novembre \u00e0 Pontcharra, un journaliste pr\u00e9sent du Pays a souhait\u00e9 nous rencontrer. C&rsquo;est l&rsquo;organisation d&rsquo;un r\u00e9f\u00e9rendum local, \u00e9voqu\u00e9e \u00e0 cette occasion, qui semble int\u00e9resser Le Pays. Un contact a \u00e9t\u00e9 pris incluant une invitation \u00e0 assister \u00e0 nos prochaines s\u00e9ances.<\/p>\n\n\n\n<p><strong>5. COUP D&rsquo;OEIL SUR NOS PR\u00c9C\u00c9DENTES S\u00c9ANCES publiques d&rsquo;information et de d\u00e9bat<\/strong> (bref rappel des th\u00e8mes abord\u00e9s)<\/p>\n\n\n\n<p><strong>Mai &#8211; juin 2019<\/strong><\/p>\n\n\n\n<ul class=\"wp-block-list\"><li>&#8211; &nbsp;L&rsquo;assembl\u00e9e publique de l&rsquo;antiquit\u00e9 \u00e0 nos jours<\/li><li>&#8211; &nbsp;Les institutions politiques fran\u00e7aises et europ\u00e9ennes La constitution \u2013 sp\u00e9cificit\u00e9 de la V\u00e8me r\u00e9publique &#8211; Question de la s\u00e9paration des pouvoirs <strong>Juillet 2019<\/strong><\/li><li>&#8211; &nbsp;L\u2019argent, la cr\u00e9ation mon\u00e9taire, la dette publique<\/li><li>&#8211; &nbsp;Pouvoirs politique et mon\u00e9taire sous la V\u00e8me r\u00e9publique \u2013 le trait\u00e9 de Maastricht<\/li><li>&#8211; &nbsp;D\u00e9mocratie directe et repr\u00e9sentative \u2013 Le mod\u00e8le de Condorcet <strong>Octobre 2019<\/strong> L&rsquo;information \u2013 le paysage m\u00e9diatique \u2013 ind\u00e9pendance et pluralit\u00e9 en question <strong>8 novembre 2019<\/strong> Retour sur l&rsquo;institution des assembl\u00e9es publiques \u2013 Le r\u00e9f\u00e9rendum d\u2019initiative citoyenne \u00e0 l\u2019international \u2013 Quelques exemples de d\u00e9mocratie participative en France &#8211; Expos\u00e9 d\u2019une personne de Saint Clair du Rh\u00f4ne sur son exp\u00e9rience d&rsquo;organisation d&rsquo;un r\u00e9f\u00e9rendum local &#8211; Ateliers de travail sur une adaptation de ce projet aux Olmes. <strong>29 novembre 2019<\/strong> La participation citoyenne en France, ses dispositifs actuels d&rsquo;encadrement. Pr\u00e9sentation du projet initi\u00e9 le 8\/11. Poursuite des ateliers \u2013 d\u00e9termination des modalit\u00e9s pratiques d&rsquo;organisation d&rsquo;un r\u00e9f\u00e9rendum local aux Olmes.<\/li><\/ul>\n\n\n\n<p><strong>6. AVENIR: SEANCE DEBAT DU 13 DECEMBRE 2019<\/strong><\/p>\n\n\n\n<p>Sujet d&rsquo;introduction : La participation citoyenne en France, une demande forte parmi la population face \u00e0 un march\u00e9 en pleine \u00e9volution \u2013 \u00e9tat des lieux sommaire. Synth\u00e8se des travaux des 8 et 29\/11. Lancement officiel et pr\u00e9sentation des enjeux du projet. La presse locale, ainsi que Mme Vivier- Merle, maire-adjointe de Vindry pour les Olmes, sont invit\u00e9s.<\/p>\n\n\n\n<p>Th\u00e8me de la s\u00e9ance <em>: \u00ab Des terres sacrifi\u00e9es pour les multinationales ? ou vivantes pour l\u2019agriculture et les entreprises locales ? \u00bb<\/em><\/p>\n\n\n\n<p>Le Collectif QUICURY, s&rsquo;est cr\u00e9\u00e9 tr\u00e8s rapidement apr\u00e8s la fin de l\u2019enqu\u00eate publique sur la modification du PLU de SARCEY, le 06 MAI 2019. Cette modification est sp\u00e9cifiquement destin\u00e9e \u00e0 permettre la construction d\u2019un entrep\u00f4t logistique robotis\u00e9 de la SMAD sur une parcelle jusqu&rsquo;\u00e0 pr\u00e9sent d\u00e9finie comme agricole. Ce projet s\u2019inscrit dans des am\u00e9nagements plus larges qui concernent les communes de Saint Romain, Sarcey, Bully, l\u2019Arbresle, Vindry sur Turdine et Tarare. Description du projet ; ampleur du b\u00e2ti, trafic poids lourds associ\u00e9, artificialisation de terres agricoles, impacts sur le paysage et l\u2019environnement.<\/p>\n\n\n\n<p>Plus d\u2019information sur le lien suivant : https:\/\/quicury.frama.site\/<br>P\u00e9tition en ligne : http:\/\/collectifquicury.wesigh.it\/fr<br>Page Facebook de l&rsquo;association : https:\/\/www.facebook.com\/CollectifCitoyenQuicury\/<\/p>\n\n\n\n<p><strong>8. Toujours d\u2019actualit\u00e9: Poursuite de la PRIVATISATION des AEROPORTS DE PARIS<\/strong><\/p>\n\n\n\n<p>la Loi PACTE a \u00e9t\u00e9 promulgu\u00e9e le 22 mai 2019. Une des mesures de cette loi vise \u00e0 poursuivre la privatisation de la soci\u00e9t\u00e9 A\u00e9roports De Paris (ADP), dont l&rsquo;Etat est encore actionnaire majoritaire.<\/p>\n\n\n\n<p>En parall\u00e8le, des d\u00e9put\u00e9s de droite comme de gauche (mais pas de la r\u00e9publique en marche) ont r\u00e9dig\u00e9 la proposition de Loi suivante :<\/p>\n\n\n\n<p>\u00ab <em>L\u2019am\u00e9nagement, l\u2019exploitation et le d\u00e9veloppement des a\u00e9rodromes de Paris-Charles-de-Gaulle, Paris-Orly et de Paris-Le Bourget rev\u00eatent les caract\u00e8res d\u2019un service public national au sens du neuvi\u00e8me alin\u00e9a du pr\u00e9ambule de la Constitution du 27 octobre 1946<\/em>. \u00bb<\/p>\n\n\n\n<p>Traduction : si le caract\u00e8re de service public national est reconnu \u00e0 travers la loi, la privatisation est rendue impossible (mais alors en ce cas,  devra-t-on se demander, comment cette privatisation a-t-elle d\u00e9j\u00e0 \u00e9t\u00e9 possible \u00e0 hauteur de 47%)<\/p>\n\n\n\n<p>Acc\u00e8s \u00e0 la consultation : <a href=\"https:\/\/www.referendum.interieur.gouv.fr\/soutien\/etape-1\">https:\/\/www.referendum.interieur.gouv.fr\/soutien\/etape-1<\/a><\/p>\n\n\n\n<p>Cette proposition de loi ne pourra \u00eatre soumise au peuple fran\u00e7ais par voie de r\u00e9f\u00e9rendum qu&rsquo;\u00e0 la condition d&rsquo;\u00eatre soutenue par 4 717 396 personnes inscrites sur les listes \u00e9lectorales (1 dixi\u00e8me des \u00e9lecteurs). La cl\u00f4ture du recueil des signatures \u00e9tant fix\u00e9e au 12 mars 2020.<\/p>\n\n\n\n<p>Cette consultation ne demande donc pas directement aux \u00e9lecteurs s&rsquo;ils sont pour ou contre la poursuite de la privatisation d\u2019ADP, mais seulement s&rsquo;ils souhaitent qu\u2019un r\u00e9f\u00e9rendum soit d\u00e9clench\u00e9 afin d\u2019en d\u00e9cider.<\/p>\n\n\n\n<p>Pour l\u2019instant, la proposition de Loi a recueilli 900 000 soutiens. <a href=\"https:\/\/www.adprip.fr\">https:\/\/www.adprip.fr<\/a><\/p>\n\n\n\n<p><a href=\"https:\/\/www.lemonde.fr\/economie\/article\/2019\/08\/29\/plus-de-700-000-personnes-ont-signe-pour-un- referendum-sur-la-privatisation-d-aeroports-de-paris_5504150_3234.html\">https:\/\/www.lemonde.fr\/economie\/article\/2019\/08\/29\/plus-de-700-000-personnes-ont-signe-pour-un- referendum-sur-la-privatisation-d-aeroports-de-paris_5504150_3234.html<\/a><\/p>\n\n\n\n<p>Au-del\u00e0 de la poursuite de la privatisation d\u2019ADP, rappelons que le dernier r\u00e9f\u00e9rendum s\u2019est tenu en 2005 sur le projet de Trait\u00e9 dit \u00ab de Constitution europ\u00e9enne \u00bb ou \u00ab Constitution Giscard \u00bb. Ce projet, refus\u00e9 par la majorit\u00e9 des Fran\u00e7ais, fut appliqu\u00e9 malgr\u00e9 tout en 2008 sous le nom de Trait\u00e9 de Lisbonne.<\/p>\n\n\n\n<p>Notons que le mouvement de privatisation des infrastructures publiques ne concerne pas que les a\u00e9roports. Sous pression de la Commission Europ\u00e9enne, la privatisation des barrages hydro\u00e9lectriques est \u00e0 l\u2019\u00e9tude <a href=\"https:\/\/lexpansion.lexpress.fr\/actualite-economique\/la-france-peut-elle-s-opposer-a-la-privatisation-de- ses-barrages-hydroelectriques_2072371.html\">https:\/\/lexpansion.lexpress.fr\/actualite-economique\/la-france-peut-elle-s-opposer-a-la-privatisation-de- ses-barrages-hydroelectriques_2072371.html<\/a> .<\/p>\n\n\n\n<p><strong>7. INFOS LOCALES:<br>Conf\u00e9rence &#8211; d\u00e9bat du COLLECTIF QUICURY du 22 novembre 2019<\/strong><\/p>\n\n\n\n<p>Egalement en cours d\u2019\u00e9laboration, la Loi d\u2019Orientation des Mobilit\u00e9s introduit la possibilit\u00e9 de privatiser certains tron\u00e7ons de routes nationales.<\/p>\n\n\n\n<p><a href=\"https:\/\/www.marianne.net\/economie\/chassee-par-la-porte-la-privatisation-des-routes-nationales-revient- par-la-fenetre-lrem\">https:\/\/www.marianne.net\/economie\/chassee-par-la-porte-la-privatisation-des-routes-nationales-revient- par-la-fenetre-lrem<\/a> .<\/p>\n\n\n\n<figure class=\"wp-block-table\"><table><tbody><tr><td>Le site d\u2019AIIM : <a href=\"https:\/\/aiim.fr\">https:\/\/aiim.fr<\/a>  Nous contacter : <a href=\"mailto:contact@asso2im.fr\">contact@aiim.fr<\/a><\/td><\/tr><tr><td><\/td><\/tr><\/tbody><\/table><\/figure>\n<div class='watch-action'><div class='watch-position align-left'><div class='action-like'><a class='lbg-style1 like-842 jlk' href='javascript:void(0)' data-task='like' data-post_id='842' data-nonce='f2892bb147' rel='nofollow'><img class='wti-pixel' src='https:\/\/aiim.fr\/wp-content\/plugins\/wti-like-post\/images\/pixel.gif' title='J&#039;aime ' \/><span class='lc-842 lc'>0<\/span><\/a><\/div><div class='action-unlike'><a class='unlbg-style1 unlike-842 jlk' href='javascript:void(0)' data-task='unlike' data-post_id='842' data-nonce='f2892bb147' rel='nofollow'><img class='wti-pixel' src='https:\/\/aiim.fr\/wp-content\/plugins\/wti-like-post\/images\/pixel.gif' title=' J&#039;aime pas' \/><span class='unlc-842 unlc'>0<\/span><\/a><\/div> <\/div> <div class='status-842 status align-left'><\/div><\/div><div class='wti-clear'><\/div>","protected":false},"excerpt":{"rendered":"<p>Lettre d&rsquo;information n\u00b0 1 novembre 2019 Si vous ne parvenez pas \u00e0 lire ce message<\/p>\n","protected":false},"author":2,"featured_media":876,"comment_status":"open","ping_status":"open","sticky":false,"template":"","format":"standard","meta":{"_jetpack_memberships_contains_paid_content":false,"footnotes":"","jetpack_publicize_message":"","jetpack_publicize_feature_enabled":true,"jetpack_social_post_already_shared":true,"jetpack_social_options":{"image_generator_settings":{"template":"highway","default_image_id":0,"font":"","enabled":false},"version":2}},"categories":[7],"tags":[],"class_list":["post-842","post","type-post","status-publish","format-standard","has-post-thumbnail","hentry","category-historique-evenements"],"jetpack_publicize_connections":[],"jetpack_featured_media_url":"https:\/\/aiim.fr\/wp-content\/uploads\/2019\/11\/Sommes-nous-en-democratie.png","jetpack_sharing_enabled":true,"_links":{"self":[{"href":"https:\/\/aiim.fr\/index.php?rest_route=\/wp\/v2\/posts\/842","targetHints":{"allow":["GET"]}}],"collection":[{"href":"https:\/\/aiim.fr\/index.php?rest_route=\/wp\/v2\/posts"}],"about":[{"href":"https:\/\/aiim.fr\/index.php?rest_route=\/wp\/v2\/types\/post"}],"author":[{"embeddable":true,"href":"https:\/\/aiim.fr\/index.php?rest_route=\/wp\/v2\/users\/2"}],"replies":[{"embeddable":true,"href":"https:\/\/aiim.fr\/index.php?rest_route=%2Fwp%2Fv2%2Fcomments&post=842"}],"version-history":[{"count":4,"href":"https:\/\/aiim.fr\/index.php?rest_route=\/wp\/v2\/posts\/842\/revisions"}],"predecessor-version":[{"id":875,"href":"https:\/\/aiim.fr\/index.php?rest_route=\/wp\/v2\/posts\/842\/revisions\/875"}],"wp:featuredmedia":[{"embeddable":true,"href":"https:\/\/aiim.fr\/index.php?rest_route=\/wp\/v2\/media\/876"}],"wp:attachment":[{"href":"https:\/\/aiim.fr\/index.php?rest_route=%2Fwp%2Fv2%2Fmedia&parent=842"}],"wp:term":[{"taxonomy":"category","embeddable":true,"href":"https:\/\/aiim.fr\/index.php?rest_route=%2Fwp%2Fv2%2Fcategories&post=842"},{"taxonomy":"post_tag","embeddable":true,"href":"https:\/\/aiim.fr\/index.php?rest_route=%2Fwp%2Fv2%2Ftags&post=842"}],"curies":[{"name":"wp","href":"https:\/\/api.w.org\/{rel}","templated":true}]}}